{"id":32926,"date":"2024-05-23T09:57:37","date_gmt":"2024-05-23T12:57:37","guid":{"rendered":"https:\/\/elfederalmendoza.com\/?p=32926"},"modified":"2024-05-23T09:57:38","modified_gmt":"2024-05-23T12:57:38","slug":"insolito-una-mujer-policia-pidio-licencia-y-descubrieron-que-se-fue-a-trabajar-a-espana","status":"publish","type":"post","link":"https:\/\/elfederalmendoza.com.ar\/index.php\/2024\/05\/23\/insolito-una-mujer-policia-pidio-licencia-y-descubrieron-que-se-fue-a-trabajar-a-espana\/","title":{"rendered":"Ins\u00f3lito: Una mujer polic\u00eda pidi\u00f3 licencia y descubrieron que se fue a trabajar a Espa\u00f1a"},"content":{"rendered":"\n<p>Una\u00a0<strong>mujer polic\u00eda<\/strong> de Mendoza\u00a0fue\u00a0<strong>sumariada<\/strong>\u00a0ya que solicit\u00f3 una\u00a0<strong>licencia<\/strong>\u00a0sin goce de haberes por el periodo de\u00a0<strong>un a\u00f1o\u00a0<\/strong>y al t\u00e9rmino de la misma<strong>\u00a0no\u00a0se present\u00f3 a trabajar<\/strong> en el Ministerio de Seguridad y Justicia, como as\u00ed tampoco brind\u00f3 explicaciones ni justificaciones de su ausencia.<\/p>\n\n\n\n<p>Cuando desde el Miniterio intentaron contactarla, se enteraron a trav\u00e9s del\u00a0<strong>padre<\/strong>\u00a0que<strong>\u00a0Luc\u00eda Gabriela Morales Guti\u00e9rrez<\/strong>\u00a0se hab\u00eda ido a\u00a0<strong>vivir<\/strong>\u00a0a\u00a0<strong>Espa\u00f1a<\/strong>\u00a0a\u00a0<strong>trabajar<\/strong>\u00a0y que el plan de vida de la<strong>\u00a0oficial subayudante<\/strong>\u00a0era quedarse en Europa\u00a0<strong>varios a\u00f1os.<\/strong><\/p>\n\n\n\n<figure class=\"wp-block-image size-large\"><img loading=\"lazy\" decoding=\"async\" width=\"1024\" height=\"543\" src=\"https:\/\/elfederalmendoza.com\/wp-content\/uploads\/2024\/05\/mujer-policia2-1024x543.jpg\" alt=\"\" class=\"wp-image-32929\" srcset=\"https:\/\/elfederalmendoza.com.ar\/wp-content\/uploads\/2024\/05\/mujer-policia2-1024x543.jpg 1024w, https:\/\/elfederalmendoza.com.ar\/wp-content\/uploads\/2024\/05\/mujer-policia2-300x159.jpg 300w, https:\/\/elfederalmendoza.com.ar\/wp-content\/uploads\/2024\/05\/mujer-policia2-768x407.jpg 768w, https:\/\/elfederalmendoza.com.ar\/wp-content\/uploads\/2024\/05\/mujer-policia2.jpg 1394w\" sizes=\"auto, (max-width: 1024px) 100vw, 1024px\" \/><\/figure>\n\n\n\n<h2 class=\"wp-block-heading\"><strong>Paso a paso<\/strong><\/h2>\n\n\n\n<p>La efectivo solicit\u00f3 la pausa en sus funciones p\u00fablicas <strong>desde el 2 de noviembre del 2022 hasta el 2 de noviembre del 2023<\/strong>, sin goce de haberes.<\/p>\n\n\n\n<p>Una vez concluida la licencia, Morales Guti\u00e9rrez no se present\u00f3 a trabajar. En reiteradas oportunidades, en el transcurso del mes de octubre, desde el Ministerio<strong>\u00a0intenaron comunicarse con la mujer, sin \u00e9xito.<\/strong><\/p>\n\n\n\n<p>El paso siguiente fue conseguir el tel\u00e9fono del padre de la agente,&nbsp;<strong>V\u00edctor Morales<\/strong>, quien recib\u00eda los mensajes pero no informaba si la hija iba a presentarse al finalizar la licencia. Ante esa situaci\u00f3n, la fueron a buscar al domicilio, donde el se\u00f1or Morales inform\u00f3 que la oficial subayudante se encontraba en Espa\u00f1a trabajando, y que&nbsp;<strong>no va a regresar por unos a\u00f1os.&nbsp;<\/strong><\/p>\n\n\n\n<p>Ante esto, el Ministerio de Seguridad entendi\u00f3 la situaci\u00f3n como&nbsp;<strong>abandono voluntario y malicioso<\/strong>&nbsp;de la normal prestaci\u00f3n del servicio de seguridad sin causa justificada, inci\u00e1ndose un sumario administrativo y el consiguiente paso a revista pasiva de Luc\u00eda Morales, con fecha retroactiva del 2 de noviembre del 2023.<\/p>\n\n\n\n<p>De acuerdo a la publicaci\u00f3n del Bolet\u00edn Oficial, con fecha de este jueves 23 de mayo, la mujer polic\u00eda tendr\u00e1 el plazo establecido por ley para presentar un descargo en su defensa.<\/p>\n","protected":false},"excerpt":{"rendered":"<p>Una\u00a0mujer polic\u00eda de Mendoza\u00a0fue\u00a0sumariada\u00a0ya que solicit\u00f3 una\u00a0licencia\u00a0sin goce de haberes por el periodo de\u00a0un a\u00f1o\u00a0y al t\u00e9rmino de la misma\u00a0no\u00a0se present\u00f3 a trabajar en el Ministerio de Seguridad y Justicia, como as\u00ed tampoco brind\u00f3 explicaciones ni justificaciones de su ausencia. Cuando desde el Miniterio intentaron contactarla, se enteraron a trav\u00e9s del\u00a0padre\u00a0que\u00a0Luc\u00eda Gabriela Morales Guti\u00e9rrez\u00a0se hab\u00eda<a class=\"read-more\" href=\"https:\/\/elfederalmendoza.com.ar\/index.php\/2024\/05\/23\/insolito-una-mujer-policia-pidio-licencia-y-descubrieron-que-se-fue-a-trabajar-a-espana\/\"> [&hellip;]<\/a><\/p>\n","protected":false},"author":2,"featured_media":32928,"comment_status":"open","ping_status":"open","sticky":false,"template":"","format":"standard","meta":{"footnotes":""},"categories":[1],"tags":[],"class_list":["post-32926","post","type-post","status-publish","format-standard","has-post-thumbnail","hentry","category-mza"],"rttpg_featured_image_url":{"full":["https:\/\/elfederalmendoza.com.ar\/wp-content\/uploads\/2024\/05\/MUJER-POLICIA1.jpg",1654,917,false],"landscape":["https:\/\/elfederalmendoza.com.ar\/wp-content\/uploads\/2024\/05\/MUJER-POLICIA1.jpg",1654,917,false],"portraits":["https:\/\/elfederalmendoza.com.ar\/wp-content\/uploads\/2024\/05\/MUJER-POLICIA1.jpg",1654,917,false],"thumbnail":["https:\/\/elfederalmendoza.com.ar\/wp-content\/uploads\/2024\/05\/MUJER-POLICIA1-150x150.jpg",150,150,true],"medium":["https:\/\/elfederalmendoza.com.ar\/wp-content\/uploads\/2024\/05\/MUJER-POLICIA1-300x166.jpg",300,166,true],"large":["https:\/\/elfederalmendoza.com.ar\/wp-content\/uploads\/2024\/05\/MUJER-POLICIA1-1024x568.jpg",640,355,true],"1536x1536":["https:\/\/elfederalmendoza.com.ar\/wp-content\/uploads\/2024\/05\/MUJER-POLICIA1-1536x852.jpg",1536,852,true],"2048x2048":["https:\/\/elfederalmendoza.com.ar\/wp-content\/uploads\/2024\/05\/MUJER-POLICIA1.jpg",1654,917,false],"ultp_layout_landscape_large":["https:\/\/elfederalmendoza.com.ar\/wp-content\/uploads\/2024\/05\/MUJER-POLICIA1-1200x800.jpg",1200,800,true],"ultp_layout_landscape":["https:\/\/elfederalmendoza.com.ar\/wp-content\/uploads\/2024\/05\/MUJER-POLICIA1-870x570.jpg",870,570,true],"ultp_layout_portrait":["https:\/\/elfederalmendoza.com.ar\/wp-content\/uploads\/2024\/05\/MUJER-POLICIA1-600x900.jpg",600,900,true],"ultp_layout_square":["https:\/\/elfederalmendoza.com.ar\/wp-content\/uploads\/2024\/05\/MUJER-POLICIA1-600x600.jpg",600,600,true],"rpwe-thumbnail":["https:\/\/elfederalmendoza.com.ar\/wp-content\/uploads\/2024\/05\/MUJER-POLICIA1-45x45.jpg",45,45,true],"advps-thumb-one":["https:\/\/elfederalmendoza.com.ar\/wp-content\/uploads\/2024\/05\/MUJER-POLICIA1-1200x420.jpg",1200,420,true]},"rttpg_author":{"display_name":"Redacci\u00f3n El Federal","author_link":"https:\/\/elfederalmendoza.com.ar\/index.php\/author\/angelflores\/"},"rttpg_comment":0,"rttpg_category":"<a href=\"https:\/\/elfederalmendoza.com.ar\/index.php\/category\/mza\/\" rel=\"category tag\">Mendoza<\/a>","rttpg_excerpt":"Una\u00a0mujer polic\u00eda de Mendoza\u00a0fue\u00a0sumariada\u00a0ya que solicit\u00f3 una\u00a0licencia\u00a0sin goce de haberes por el periodo de\u00a0un a\u00f1o\u00a0y al t\u00e9rmino de la misma\u00a0no\u00a0se present\u00f3 a trabajar en el Ministerio de Seguridad y Justicia, como as\u00ed tampoco brind\u00f3 explicaciones ni justificaciones de su ausencia. Cuando desde el Miniterio intentaron contactarla, se enteraron a trav\u00e9s del\u00a0padre\u00a0que\u00a0Luc\u00eda Gabriela Morales Guti\u00e9rrez\u00a0se hab\u00eda&hellip;","_links":{"self":[{"href":"https:\/\/elfederalmendoza.com.ar\/index.php\/wp-json\/wp\/v2\/posts\/32926","targetHints":{"allow":["GET"]}}],"collection":[{"href":"https:\/\/elfederalmendoza.com.ar\/index.php\/wp-json\/wp\/v2\/posts"}],"about":[{"href":"https:\/\/elfederalmendoza.com.ar\/index.php\/wp-json\/wp\/v2\/types\/post"}],"author":[{"embeddable":true,"href":"https:\/\/elfederalmendoza.com.ar\/index.php\/wp-json\/wp\/v2\/users\/2"}],"replies":[{"embeddable":true,"href":"https:\/\/elfederalmendoza.com.ar\/index.php\/wp-json\/wp\/v2\/comments?post=32926"}],"version-history":[{"count":1,"href":"https:\/\/elfederalmendoza.com.ar\/index.php\/wp-json\/wp\/v2\/posts\/32926\/revisions"}],"predecessor-version":[{"id":32930,"href":"https:\/\/elfederalmendoza.com.ar\/index.php\/wp-json\/wp\/v2\/posts\/32926\/revisions\/32930"}],"wp:featuredmedia":[{"embeddable":true,"href":"https:\/\/elfederalmendoza.com.ar\/index.php\/wp-json\/wp\/v2\/media\/32928"}],"wp:attachment":[{"href":"https:\/\/elfederalmendoza.com.ar\/index.php\/wp-json\/wp\/v2\/media?parent=32926"}],"wp:term":[{"taxonomy":"category","embeddable":true,"href":"https:\/\/elfederalmendoza.com.ar\/index.php\/wp-json\/wp\/v2\/categories?post=32926"},{"taxonomy":"post_tag","embeddable":true,"href":"https:\/\/elfederalmendoza.com.ar\/index.php\/wp-json\/wp\/v2\/tags?post=32926"}],"curies":[{"name":"wp","href":"https:\/\/api.w.org\/{rel}","templated":true}]}}