{"id":32932,"date":"2024-05-23T10:47:10","date_gmt":"2024-05-23T13:47:10","guid":{"rendered":"https:\/\/elfederalmendoza.com\/?p=32932"},"modified":"2024-05-23T10:47:11","modified_gmt":"2024-05-23T13:47:11","slug":"allanamientos-masivos-en-mendoza-por-trafico-de-armas-a-chile","status":"publish","type":"post","link":"https:\/\/elfederalmendoza.com.ar\/index.php\/2024\/05\/23\/allanamientos-masivos-en-mendoza-por-trafico-de-armas-a-chile\/","title":{"rendered":"Allanamientos masivos en Mendoza por tr\u00e1fico de armas a Chile"},"content":{"rendered":"\n<p>Polic\u00edas federales e integrantes de la Gendarmer\u00eda y la PDI del vecino pa\u00eds, trabajaron en conjunto para realizar 17 medidas en distintos puntos del Gran Mendoza. <strong>El objetivo, desbaratar una organizaci\u00f3n criminal.<\/strong><\/p>\n\n\n\n<p><strong>Tr\u00e1fico il\u00edcito transnacional de armas<\/strong>, un delito que pocas veces se ha trabajado masivamente y con tanto personal policial en Mendoza. Este jueves por la ma\u00f1ana, decenas de efectivos federales de todo el pa\u00eds, integrantes de la Gendarmer\u00eda Nacional y los m\u00e1ximos responsables de la Polic\u00eda de Investigaciones de Chile (PDI)\u00a0<mark>desarrollaron 17 allanamientos en conjunto en nuestra provincia en b\u00fasqueda de los integrantes de una organizaci\u00f3n criminal <\/mark><strong><mark>dedicada a llevar armas de diferentes calibres a Chile<\/mark>.<\/strong> Tambi\u00e9n se hicieron seis medidas en Buenos Aires.<\/p>\n\n\n\n<p>Desde minutos despu\u00e9s de las 7, por orden del Juzgado Federal N\u00ba3, a cargo del juez Marcelo Garnica, y con la presencia del fiscal Fernando Alcaraz, los uniformados ingresaron a los distintos domicilios (principalmente de Maip\u00fa) en&nbsp;<strong>b\u00fasqueda de armas de fuego<\/strong>,&nbsp;<strong>documentaci\u00f3n, estupefacientes y la detenci\u00f3n de los sospechosos<\/strong>, quienes vienen siendo identificados desde hace m\u00e1s de tres a\u00f1os, cuando se inici\u00f3 la instrucci\u00f3n.<\/p>\n\n\n\n<p>La informaci\u00f3n a la que accedi\u00f3&nbsp;<strong><em>El Sol&nbsp;<\/em><\/strong>se\u00f1ala que, de acuerdo con las pruebas que se fueron incorporando en el expediente,&nbsp;<mark>algunas de las barriadas donde se desplegaron las medidas eran consideradas peligrosas&nbsp;<\/mark>y necesitaban de la presencia de grupos de choque policial. Pasadas las 9.30, no se hab\u00edan registrado inconvenientes y las medidas se ejecutaban con normalidad.<\/p>\n\n\n\n<figure class=\"wp-block-image\"><img decoding=\"async\" src=\"https:\/\/i0.wp.com\/newspack-elsol.s3.amazonaws.com\/wp-content\/uploads\/2024\/05\/WhatsApp-Image-2024-05-23-at-9.04.04-AM-1024x683.jpeg?resize=780%2C520&amp;ssl=1\" alt=\"\" class=\"wp-image-1962304\"\/><figcaption class=\"wp-element-caption\">Uno de los allanamientos, con gendarmes.<\/figcaption><\/figure>\n\n\n\n<p><strong>La investigaci\u00f3n se inici\u00f3 en el 2021<\/strong>. Gracias a trabajos de la Unidad de Inteligencia Criminal de la Polic\u00eda Federal de Mendoza, se obtuvieron datos con pruebas de seguimiento y an\u00e1lisis de tel\u00e9fonos celulares<strong>&nbsp;sobre un grupo de camioneros chilenos que trasladaban escondidas en las cabinas de los pesados rodados diversos armamentos para luego revenderlo en el vecino pa\u00eds<\/strong>.<\/p>\n\n\n\n<p>Las fuentes aportaban que los trabajadores del volante adquir\u00edan el armamento a bajo costo en asentamientos del Gran Mendoza y de Buenos Aires para luego comercializarlo a trav\u00e9s de sus contactos en Chile a diferentes organizaciones criminales. De esta forma,&nbsp;<strong>potenciaban a un menor costo otras actividades delictivas como el narcotr\u00e1fico o los hechos de inseguridad.<\/strong><\/p>\n\n\n\n<p>La instrucci\u00f3n avanz\u00f3 hacia Chile y los investigadores policiales y judiciales federales comenzaron a intercambiar informaci\u00f3n con ese pa\u00eds y se conform\u00f3 un equipo de trabajo integrando por la Fiscal\u00eda Federal, la Polic\u00eda Federal de Mendoza, la Gendarmer\u00eda y la PDI trasandina con el objetivo de individualizar a los miembros de la banda que comet\u00eda el tr\u00e1fico ilegal trasnacional y capturarlos.<\/p>\n\n\n\n<figure class=\"wp-block-image\"><img decoding=\"async\" src=\"https:\/\/i0.wp.com\/newspack-elsol.s3.amazonaws.com\/wp-content\/uploads\/2024\/05\/WhatsApp-Image-2024-05-23-at-8.31.15-AM-1024x768.jpeg?resize=780%2C585&amp;ssl=1\" alt=\"\" class=\"wp-image-1962277\"\/><\/figure>\n\n\n\n<p>Una vez realizados los trabajos de calle y confirmando las hip\u00f3tesis con la incorporaci\u00f3n de pruebas y el modus operandi, se profundiz\u00f3 la pesquisa y se ordenaron escuchas telef\u00f3nicas con los sospechosos de trasladar los cargamentos y quienes ser\u00edan los proveedores de las armas.&nbsp;<mark>Se fue armando un organigrama de la estructura delictiva y confirmaron que exist\u00eda un par de hombres como m\u00e1ximos responsables en Mendoza.<\/mark><\/p>\n\n\n\n<p>Del total de 17 medidas en Mendoza,&nbsp;<strong>la Polic\u00eda Federal desarroll\u00f3 casi todas (11)&nbsp;<\/strong>con colaboraci\u00f3n de diferentes delegaciones de la regi\u00f3n como San Luis, San Juan y con el apoyo de un can detector de armas y drogas y la&nbsp;<strong>Gendarmer\u00eda el resto (6)<\/strong>. Por su parte, los efectivos de Buenos Aires despleg\u00f3 otros seis allanamientos en diferentes domicilios que no eran considerados villas o asentamientos.<\/p>\n","protected":false},"excerpt":{"rendered":"<p>Polic\u00edas federales e integrantes de la Gendarmer\u00eda y la PDI del vecino pa\u00eds, trabajaron en conjunto para realizar 17 medidas en distintos puntos del Gran Mendoza. El objetivo, desbaratar una organizaci\u00f3n criminal. Tr\u00e1fico il\u00edcito transnacional de armas, un delito que pocas veces se ha trabajado masivamente y con tanto personal policial en Mendoza. Este jueves<a class=\"read-more\" href=\"https:\/\/elfederalmendoza.com.ar\/index.php\/2024\/05\/23\/allanamientos-masivos-en-mendoza-por-trafico-de-armas-a-chile\/\"> [&hellip;]<\/a><\/p>\n","protected":false},"author":2,"featured_media":32934,"comment_status":"open","ping_status":"open","sticky":false,"template":"","format":"standard","meta":{"footnotes":""},"categories":[1],"tags":[],"class_list":["post-32932","post","type-post","status-publish","format-standard","has-post-thumbnail","hentry","category-mza"],"rttpg_featured_image_url":{"full":["https:\/\/elfederalmendoza.com.ar\/wp-content\/uploads\/2024\/05\/ARMAS.jpg",1191,803,false],"landscape":["https:\/\/elfederalmendoza.com.ar\/wp-content\/uploads\/2024\/05\/ARMAS.jpg",1191,803,false],"portraits":["https:\/\/elfederalmendoza.com.ar\/wp-content\/uploads\/2024\/05\/ARMAS.jpg",1191,803,false],"thumbnail":["https:\/\/elfederalmendoza.com.ar\/wp-content\/uploads\/2024\/05\/ARMAS-150x150.jpg",150,150,true],"medium":["https:\/\/elfederalmendoza.com.ar\/wp-content\/uploads\/2024\/05\/ARMAS-300x202.jpg",300,202,true],"large":["https:\/\/elfederalmendoza.com.ar\/wp-content\/uploads\/2024\/05\/ARMAS-1024x690.jpg",640,431,true],"1536x1536":["https:\/\/elfederalmendoza.com.ar\/wp-content\/uploads\/2024\/05\/ARMAS.jpg",1191,803,false],"2048x2048":["https:\/\/elfederalmendoza.com.ar\/wp-content\/uploads\/2024\/05\/ARMAS.jpg",1191,803,false],"ultp_layout_landscape_large":["https:\/\/elfederalmendoza.com.ar\/wp-content\/uploads\/2024\/05\/ARMAS-1191x800.jpg",1191,800,true],"ultp_layout_landscape":["https:\/\/elfederalmendoza.com.ar\/wp-content\/uploads\/2024\/05\/ARMAS-870x570.jpg",870,570,true],"ultp_layout_portrait":["https:\/\/elfederalmendoza.com.ar\/wp-content\/uploads\/2024\/05\/ARMAS-600x803.jpg",600,803,true],"ultp_layout_square":["https:\/\/elfederalmendoza.com.ar\/wp-content\/uploads\/2024\/05\/ARMAS-600x600.jpg",600,600,true],"rpwe-thumbnail":["https:\/\/elfederalmendoza.com.ar\/wp-content\/uploads\/2024\/05\/ARMAS-45x45.jpg",45,45,true],"advps-thumb-one":["https:\/\/elfederalmendoza.com.ar\/wp-content\/uploads\/2024\/05\/ARMAS-1191x420.jpg",1191,420,true]},"rttpg_author":{"display_name":"Redacci\u00f3n El Federal","author_link":"https:\/\/elfederalmendoza.com.ar\/index.php\/author\/angelflores\/"},"rttpg_comment":0,"rttpg_category":"<a href=\"https:\/\/elfederalmendoza.com.ar\/index.php\/category\/mza\/\" rel=\"category tag\">Mendoza<\/a>","rttpg_excerpt":"Polic\u00edas federales e integrantes de la Gendarmer\u00eda y la PDI del vecino pa\u00eds, trabajaron en conjunto para realizar 17 medidas en distintos puntos del Gran Mendoza. El objetivo, desbaratar una organizaci\u00f3n criminal. Tr\u00e1fico il\u00edcito transnacional de armas, un delito que pocas veces se ha trabajado masivamente y con tanto personal policial en Mendoza. Este jueves&hellip;","_links":{"self":[{"href":"https:\/\/elfederalmendoza.com.ar\/index.php\/wp-json\/wp\/v2\/posts\/32932","targetHints":{"allow":["GET"]}}],"collection":[{"href":"https:\/\/elfederalmendoza.com.ar\/index.php\/wp-json\/wp\/v2\/posts"}],"about":[{"href":"https:\/\/elfederalmendoza.com.ar\/index.php\/wp-json\/wp\/v2\/types\/post"}],"author":[{"embeddable":true,"href":"https:\/\/elfederalmendoza.com.ar\/index.php\/wp-json\/wp\/v2\/users\/2"}],"replies":[{"embeddable":true,"href":"https:\/\/elfederalmendoza.com.ar\/index.php\/wp-json\/wp\/v2\/comments?post=32932"}],"version-history":[{"count":1,"href":"https:\/\/elfederalmendoza.com.ar\/index.php\/wp-json\/wp\/v2\/posts\/32932\/revisions"}],"predecessor-version":[{"id":32935,"href":"https:\/\/elfederalmendoza.com.ar\/index.php\/wp-json\/wp\/v2\/posts\/32932\/revisions\/32935"}],"wp:featuredmedia":[{"embeddable":true,"href":"https:\/\/elfederalmendoza.com.ar\/index.php\/wp-json\/wp\/v2\/media\/32934"}],"wp:attachment":[{"href":"https:\/\/elfederalmendoza.com.ar\/index.php\/wp-json\/wp\/v2\/media?parent=32932"}],"wp:term":[{"taxonomy":"category","embeddable":true,"href":"https:\/\/elfederalmendoza.com.ar\/index.php\/wp-json\/wp\/v2\/categories?post=32932"},{"taxonomy":"post_tag","embeddable":true,"href":"https:\/\/elfederalmendoza.com.ar\/index.php\/wp-json\/wp\/v2\/tags?post=32932"}],"curies":[{"name":"wp","href":"https:\/\/api.w.org\/{rel}","templated":true}]}}