{"id":32937,"date":"2024-05-24T10:02:43","date_gmt":"2024-05-24T13:02:43","guid":{"rendered":"https:\/\/elfederalmendoza.com\/?p=32937"},"modified":"2024-05-24T10:02:45","modified_gmt":"2024-05-24T13:02:45","slug":"ya-se-acumulo-medio-metro-de-nieve-en-alta-montana-y-se-espera-que-el-temporal-siga-hasta-el-domingo","status":"publish","type":"post","link":"https:\/\/elfederalmendoza.com.ar\/index.php\/2024\/05\/24\/ya-se-acumulo-medio-metro-de-nieve-en-alta-montana-y-se-espera-que-el-temporal-siga-hasta-el-domingo\/","title":{"rendered":"Ya se acumul\u00f3 medio metro de nieve en alta monta\u00f1a y se espera que el temporal siga hasta el domingo"},"content":{"rendered":"\n<p>Seg\u00fan el meteor\u00f3logo <strong>Fernando Jara<\/strong>, este viernes cesar\u00eda la ca\u00edda de nieve por unas horas pero el s\u00e1bado volver\u00eda a nevar. Cambia reci\u00e9n hacia fin del domingo.<\/p>\n\n\n\n<p>Desde el domingo 19 de mayo las\u00a0<strong>nevadas<\/strong>\u00a0no se detienen en la<strong>\u00a0alta monta\u00f1a\u00a0<\/strong>mendocina. Esto ha provocado una acumulaci\u00f3n promedio de 70 cent\u00edmetros. A pesar de la intensidad y de la estaci\u00f3n del a\u00f1o &#8211; ya que todav\u00eda estamos en oto\u00f1o<strong>&#8211; el meteor\u00f3logo mendocino Fernando Jara<\/strong>\u00a0manifest\u00f3 que esto\u00a0<strong>se debe a un fen\u00f3meno temporal.<\/strong><\/p>\n\n\n\n<p>Se trata de un sistema din\u00e1mico de baja presi\u00f3n, que se gener\u00f3 en el oce\u00e1no Pac\u00edfico y se aproxim\u00f3 a Chile, provocando las nevadas, explic\u00f3 el especialista tras detallar que nev\u00f3 entre 50 cent\u00edmetros y un metro en la zona de la cordillera desde hace cuatro d\u00edas.<\/p>\n\n\n\n<p>Seg\u00fan el pron\u00f3stico extendido,<strong>&nbsp;el s\u00e1bado se intensificar\u00e1 la ca\u00edda de nieve, pero el domingo probablemente se despeje.<\/strong><\/p>\n\n\n\n<figure class=\"wp-block-image\"><img decoding=\"async\" src=\"https:\/\/media.diariouno.com.ar\/p\/dd125e169d78aacd40b22a6a293667ce\/adjuntos\/298\/imagenes\/009\/341\/0009341234\/1200x0\/smart\/las-cuevas-alta-montana-nieve-mendoza-4jpg.jpg\" alt=\"La nieve lleg&oacute; a full en la localidad de Las Cuevas.\" title=\"La nieve lleg&oacute; a full en la localidad de Las Cuevas.\"\/><\/figure>\n\n\n\n<p>La nieve lleg\u00f3 a full en la localidad de Las Cuevas.<\/p>\n\n\n\n<p>Foto: Gerardo Tejeda<\/p>\n\n\n\n<h2 class=\"wp-block-heading\">Un a\u00f1o de transici\u00f3n entre el Ni\u00f1o y la Ni\u00f1a<\/h2>\n\n\n\n<p>El<strong>&nbsp;meteor\u00f3logo explic\u00f3 que este sistema de baja presi\u00f3n se combin\u00f3 con un frente polar,&nbsp;<\/strong>que ingres\u00f3 este mi\u00e9rcoles por la noche y por esto se intensific\u00f3 el fr\u00edo en el llano.<\/p>\n\n\n\n<p>Sin embargo,&nbsp;<strong>se espera un invierno con temperaturas normales y hasta superiores para la \u00e9poca.<\/strong><\/p>\n\n\n\n<p>Lo mismo sucede con las precipitaciones: aunque se produjeron lluvias en la zona urbana, estas no alcanzan ni al promedio para este mes del a\u00f1o: en general, en mayo caen en Mendoza 11 ml de agua, pero hasta el momento y a pocos d\u00edas de terminar el mes, se han registrado solo 3 ml.<\/p>\n\n\n\n<figure class=\"wp-block-image\"><img decoding=\"async\" src=\"https:\/\/media.diariouno.com.ar\/p\/28bc7a1d6dc2814d11d176e5a360811f\/adjuntos\/298\/imagenes\/009\/342\/0009342017\/1200x0\/smart\/las-cuevas-23-mayo-1jpg.jpg\" alt=\"As\u00ed se ve\u00eda la nieve este jueves en Las Cuevas\" title=\"As\u00ed se ve\u00eda la nieve este jueves en Las Cuevas\"\/><\/figure>\n\n\n\n<p>As\u00ed se ve\u00eda la nieve este jueves en Las Cuevas<\/p>\n\n\n\n<p>Foto: Juli\u00e1n Chabert<\/p>\n\n\n\n<p>El motivo por el que ocurre esto, tal y como lo explic\u00f3 Jara, es la transici\u00f3n entre el fen\u00f3meno del Ni\u00f1o, que provoca m\u00e1s lluvias y tormentas, per\u00edodos m\u00e1s largos de humedad y centros de baja presi\u00f3n y de la Ni\u00f1a, que provoca bajas temperaturas y sequ\u00eda en Am\u00e9rica del Sur.<\/p>\n\n\n\n<h2 class=\"wp-block-heading\">Pron\u00f3stico del tiempo hasta el domingo en alta monta\u00f1a y el llano<\/h2>\n\n\n\n<p>En cuanto a las condiciones del tiempo, el pron\u00f3stico de Jara coincide con el del Servicio Meteorol\u00f3gico Nacional: las nevadas y el cielo nublado comenzar\u00e1n a disminuir hacia el domingo.<\/p>\n\n\n\n<p>En este sentido lo que se espera en el paso Cristo Redentor es que se pueda habilitar el tr\u00e1nsito, sobre todo para los casi 1.000 camioneros que aguardan ansiosos su reapertura. Pero no es seguro que esto suceda.<\/p>\n\n\n\n<figure class=\"wp-block-image\"><img decoding=\"async\" src=\"https:\/\/media.diariouno.com.ar\/p\/9ca0c1be4633f3d3d665abf8af43b111\/adjuntos\/298\/imagenes\/009\/342\/0009342011\/1200x0\/smart\/pronostico-cristo-redentorjpg.jpg\" alt=\"\" title=\"\"\/><\/figure>\n\n\n\n<p>De todas maneras, los conductores deber\u00e1n estar atentos a los partes oficiales de las autoridades del corredor bioce\u00e1nico para emprender el viaje por la ruta internacional 7.<\/p>\n\n\n\n<figure class=\"wp-block-image\"><img decoding=\"async\" src=\"https:\/\/media.diariouno.com.ar\/p\/0fecdfebf989f0154adf5d57a36599e3\/adjuntos\/298\/imagenes\/009\/342\/0009342020\/1200x0\/smart\/las-cuevas-23-mayo-2jpg.jpg\" alt=\"Mario lucero - coordinador del Corredor Internacional por la Polic\u00eda de Mendoza- pudo llevar v\u00edveres a los pobladores de Las Cuevas, ya que personal de Vialidad despej\u00f3 la ruta.\" title=\"Mario lucero - coordinador del Corredor Internacional por la Polic\u00eda de Mendoza- pudo llevar v\u00edveres a los pobladores de Las Cuevas, ya que personal de Vialidad despej\u00f3 la ruta.\"\/><\/figure>\n\n\n\n<p>Mario lucero &#8211; coordinador del Corredor Internacional por la Polic\u00eda de Mendoza- pudo llevar v\u00edveres a los pobladores de Las Cuevas, ya que personal de Vialidad despej\u00f3 la ruta.<\/p>\n\n\n\n<p>Foto: Juli\u00e1n Chabert<\/p>\n\n\n\n<h2 class=\"wp-block-heading\">Qu\u00e9 se espera en el llano<\/h2>\n\n\n\n<p>Mientras,&nbsp;<strong>en el llano se espera que el viernes salga el sol por unas horas,<\/strong>&nbsp;lo que har\u00e1 subir un poco la temperatura, a 9\u00aaC. Mientras que&nbsp;<strong>el s\u00e1bado se volver\u00eda a nublar<\/strong>&nbsp;y la temperatura descender\u00eda, para&nbsp;<strong>repuntar el domingo.<\/strong><\/p>\n\n\n\n<figure class=\"wp-block-image\"><img decoding=\"async\" src=\"https:\/\/media.diariouno.com.ar\/p\/00e04e9c7793faf2f22a76fdd7fc881f\/adjuntos\/298\/imagenes\/009\/342\/0009342015\/1200x0\/smart\/pronostico-del-tiempo-llanojpg.jpg\" alt=\"\" title=\"\"\/><\/figure>\n\n\n\n<p><a rel=\"noreferrer noopener\" href=\"https:\/\/www.facebook.com\/dialog\/feed?app_id=161316767303985&amp;link=https%3A%2F%2Fwww.diariouno.com.ar%2Fsociedad%2Fya-se-acumulo-medio-metro-nieve-alta-montana-y-se-espera-que-el-temporal-siga-el-domingo-n1320964&amp;name=Ya+se+acumul%C3%B3+medio+metro+de+nieve+en+alta+monta%C3%B1a+y+se+espera+que+el+temporal+siga+hasta+el+domingo&amp;caption=Alta+Monta%C3%B1a&amp;description=Seg%C3%BAn+el+meteor%C3%B3logo+Fernando+Jara%2C+este+viernes+cesar%C3%ADa+la+ca%C3%ADda+de+nieve+por+unas+horas+pero+el+s%C3%A1bado+volver%C3%ADa+a+nevar.+Cambia+reci%C3%A9n+hacia+fin+del+domingo&amp;redirect_uri=https%3A%2F%2Fwww.diariouno.com.ar%2Fsociedad%2Fya-se-acumulo-medio-metro-nieve-alta-montana-y-se-espera-que-el-temporal-siga-el-domingo-n1320964\" target=\"_blank\"><\/a><\/p>\n\n\n\n<p>Con informaci\u00f3n de Diario Uno<\/p>\n","protected":false},"excerpt":{"rendered":"<p>Seg\u00fan el meteor\u00f3logo Fernando Jara, este viernes cesar\u00eda la ca\u00edda de nieve por unas horas pero el s\u00e1bado volver\u00eda a nevar. Cambia reci\u00e9n hacia fin del domingo. Desde el domingo 19 de mayo las\u00a0nevadas\u00a0no se detienen en la\u00a0alta monta\u00f1a\u00a0mendocina. Esto ha provocado una acumulaci\u00f3n promedio de 70 cent\u00edmetros. A pesar de la intensidad y de<a class=\"read-more\" href=\"https:\/\/elfederalmendoza.com.ar\/index.php\/2024\/05\/24\/ya-se-acumulo-medio-metro-de-nieve-en-alta-montana-y-se-espera-que-el-temporal-siga-hasta-el-domingo\/\"> [&hellip;]<\/a><\/p>\n","protected":false},"author":2,"featured_media":32939,"comment_status":"open","ping_status":"open","sticky":false,"template":"","format":"standard","meta":{"footnotes":""},"categories":[1],"tags":[],"class_list":["post-32937","post","type-post","status-publish","format-standard","has-post-thumbnail","hentry","category-mza"],"rttpg_featured_image_url":{"full":["https:\/\/elfederalmendoza.com.ar\/wp-content\/uploads\/2024\/05\/medio-metro.jpg",1536,778,false],"landscape":["https:\/\/elfederalmendoza.com.ar\/wp-content\/uploads\/2024\/05\/medio-metro.jpg",1536,778,false],"portraits":["https:\/\/elfederalmendoza.com.ar\/wp-content\/uploads\/2024\/05\/medio-metro.jpg",1536,778,false],"thumbnail":["https:\/\/elfederalmendoza.com.ar\/wp-content\/uploads\/2024\/05\/medio-metro-150x150.jpg",150,150,true],"medium":["https:\/\/elfederalmendoza.com.ar\/wp-content\/uploads\/2024\/05\/medio-metro-300x152.jpg",300,152,true],"large":["https:\/\/elfederalmendoza.com.ar\/wp-content\/uploads\/2024\/05\/medio-metro-1024x519.jpg",640,324,true],"1536x1536":["https:\/\/elfederalmendoza.com.ar\/wp-content\/uploads\/2024\/05\/medio-metro.jpg",1536,778,false],"2048x2048":["https:\/\/elfederalmendoza.com.ar\/wp-content\/uploads\/2024\/05\/medio-metro.jpg",1536,778,false],"ultp_layout_landscape_large":["https:\/\/elfederalmendoza.com.ar\/wp-content\/uploads\/2024\/05\/medio-metro-1200x778.jpg",1200,778,true],"ultp_layout_landscape":["https:\/\/elfederalmendoza.com.ar\/wp-content\/uploads\/2024\/05\/medio-metro-870x570.jpg",870,570,true],"ultp_layout_portrait":["https:\/\/elfederalmendoza.com.ar\/wp-content\/uploads\/2024\/05\/medio-metro-600x778.jpg",600,778,true],"ultp_layout_square":["https:\/\/elfederalmendoza.com.ar\/wp-content\/uploads\/2024\/05\/medio-metro-600x600.jpg",600,600,true],"rpwe-thumbnail":["https:\/\/elfederalmendoza.com.ar\/wp-content\/uploads\/2024\/05\/medio-metro-45x45.jpg",45,45,true],"advps-thumb-one":["https:\/\/elfederalmendoza.com.ar\/wp-content\/uploads\/2024\/05\/medio-metro-1200x420.jpg",1200,420,true]},"rttpg_author":{"display_name":"Redacci\u00f3n El Federal","author_link":"https:\/\/elfederalmendoza.com.ar\/index.php\/author\/angelflores\/"},"rttpg_comment":0,"rttpg_category":"<a href=\"https:\/\/elfederalmendoza.com.ar\/index.php\/category\/mza\/\" rel=\"category tag\">Mendoza<\/a>","rttpg_excerpt":"Seg\u00fan el meteor\u00f3logo Fernando Jara, este viernes cesar\u00eda la ca\u00edda de nieve por unas horas pero el s\u00e1bado volver\u00eda a nevar. Cambia reci\u00e9n hacia fin del domingo. Desde el domingo 19 de mayo las\u00a0nevadas\u00a0no se detienen en la\u00a0alta monta\u00f1a\u00a0mendocina. Esto ha provocado una acumulaci\u00f3n promedio de 70 cent\u00edmetros. A pesar de la intensidad y de&hellip;","_links":{"self":[{"href":"https:\/\/elfederalmendoza.com.ar\/index.php\/wp-json\/wp\/v2\/posts\/32937","targetHints":{"allow":["GET"]}}],"collection":[{"href":"https:\/\/elfederalmendoza.com.ar\/index.php\/wp-json\/wp\/v2\/posts"}],"about":[{"href":"https:\/\/elfederalmendoza.com.ar\/index.php\/wp-json\/wp\/v2\/types\/post"}],"author":[{"embeddable":true,"href":"https:\/\/elfederalmendoza.com.ar\/index.php\/wp-json\/wp\/v2\/users\/2"}],"replies":[{"embeddable":true,"href":"https:\/\/elfederalmendoza.com.ar\/index.php\/wp-json\/wp\/v2\/comments?post=32937"}],"version-history":[{"count":1,"href":"https:\/\/elfederalmendoza.com.ar\/index.php\/wp-json\/wp\/v2\/posts\/32937\/revisions"}],"predecessor-version":[{"id":32940,"href":"https:\/\/elfederalmendoza.com.ar\/index.php\/wp-json\/wp\/v2\/posts\/32937\/revisions\/32940"}],"wp:featuredmedia":[{"embeddable":true,"href":"https:\/\/elfederalmendoza.com.ar\/index.php\/wp-json\/wp\/v2\/media\/32939"}],"wp:attachment":[{"href":"https:\/\/elfederalmendoza.com.ar\/index.php\/wp-json\/wp\/v2\/media?parent=32937"}],"wp:term":[{"taxonomy":"category","embeddable":true,"href":"https:\/\/elfederalmendoza.com.ar\/index.php\/wp-json\/wp\/v2\/categories?post=32937"},{"taxonomy":"post_tag","embeddable":true,"href":"https:\/\/elfederalmendoza.com.ar\/index.php\/wp-json\/wp\/v2\/tags?post=32937"}],"curies":[{"name":"wp","href":"https:\/\/api.w.org\/{rel}","templated":true}]}}