{"id":32942,"date":"2024-05-27T09:30:34","date_gmt":"2024-05-27T12:30:34","guid":{"rendered":"https:\/\/elfederalmendoza.com\/?p=32942"},"modified":"2024-05-27T09:30:36","modified_gmt":"2024-05-27T12:30:36","slug":"citan-a-indagatoria-a-eduardo-belliboni-en-la-causa-por-irregularidades-con-los-planes-sociales","status":"publish","type":"post","link":"https:\/\/elfederalmendoza.com.ar\/index.php\/2024\/05\/27\/citan-a-indagatoria-a-eduardo-belliboni-en-la-causa-por-irregularidades-con-los-planes-sociales\/","title":{"rendered":"Citan a indagatoria a Eduardo Belliboni en la causa por irregularidades con los planes sociales"},"content":{"rendered":"\n<p>La medida fue dispuesta por el juez federal <strong>Sebasti\u00e1n Casanello<\/strong>. Tambi\u00e9n est\u00e1 acusado de extorsionar a beneficiarios de la asistencia estatal. La audiencia tendr\u00e1 lugar el 25 de junio.<\/p>\n\n\n\n<p>La Justicia cit\u00f3 a indagatoria al referente del Polo Obrero,\u00a0<strong>Eduardo Belliboni,\u00a0<\/strong>en la causa por irregularidades con los planes sociales. La medida la dispuso el juez federal, Sebasti\u00e1n Casanello, que orden\u00f3 que la citaci\u00f3n al dirigente sea el pr\u00f3ximo\u00a0<strong>25 de junio,<\/strong>\u00a0por presuntas irregularidades en fondos que manejaban del plan\u00a0<strong>Potenciar Trabajo.<\/strong>\u00a0Belliboni adem\u00e1s est\u00e1 acusado de extorsionar a beneficiarios de la asistencia estatal.<\/p>\n\n\n\n<p>Casanello mencion\u00f3 que la causa \u201cse inici\u00f3 a trav\u00e9s de las voces de quienes denunciaron\u201d a trav\u00e9s de la l\u00ednea 134 del Ministerio de Seguridad \u201chaber sido&nbsp;<strong>obligados a movilizarse&nbsp;<\/strong>a cambio de o para mantener un plan social\u201d y que \u201ctodas las personas que fueron escuchadas en su calidad de beneficiarias del Potenciar Trabajo indicaron haber accedido al beneficio a trav\u00e9s de<strong>&nbsp;organizaciones sociales,<\/strong>&nbsp;que actuaron como&nbsp;<strong>unidades de gesti\u00f3n\u201d.<\/strong><\/p>\n\n\n\n<p>El juez explic\u00f3 que \u201cel rol de esas unidades era garantizar y hacer posible, a trav\u00e9s de propuestas productivas, la<strong>&nbsp;inclusi\u00f3n social&nbsp;<\/strong>de aquellas personas en situaci\u00f3n de vulnerabilidad social y econ\u00f3mica\u201d y que \u201cel beneficio directo del ingreso econ\u00f3mico deb\u00eda ser completado por el beneficio indirecto que ofrec\u00eda la unidad de gesti\u00f3n\u201d.<\/p>\n\n\n\n<p>Indic\u00f3 que \u201cpor esta tarea, la organizaci\u00f3n recib\u00eda fondos del Estado y asum\u00eda una serie de&nbsp;<strong>obligaciones de administraci\u00f3n<\/strong>&nbsp;de aquellos intereses universales que le hab\u00edan sido confiados\u201d y que \u201clos elementos probatorios reunidos por la fiscal\u00eda y el juzgado llevan a sospechar que, en los casos que aqu\u00ed se investigan, el inter\u00e9s p\u00fablico fue&nbsp;<strong>desviado\u201d.<\/strong><\/p>\n","protected":false},"excerpt":{"rendered":"<p>La medida fue dispuesta por el juez federal Sebasti\u00e1n Casanello. Tambi\u00e9n est\u00e1 acusado de extorsionar a beneficiarios de la asistencia estatal. La audiencia tendr\u00e1 lugar el 25 de junio. La Justicia cit\u00f3 a indagatoria al referente del Polo Obrero,\u00a0Eduardo Belliboni,\u00a0en la causa por irregularidades con los planes sociales. La medida la dispuso el juez federal,<a class=\"read-more\" href=\"https:\/\/elfederalmendoza.com.ar\/index.php\/2024\/05\/27\/citan-a-indagatoria-a-eduardo-belliboni-en-la-causa-por-irregularidades-con-los-planes-sociales\/\"> [&hellip;]<\/a><\/p>\n","protected":false},"author":2,"featured_media":32944,"comment_status":"open","ping_status":"open","sticky":false,"template":"","format":"standard","meta":{"footnotes":""},"categories":[5618],"tags":[],"class_list":["post-32942","post","type-post","status-publish","format-standard","has-post-thumbnail","hentry","category-arg"],"rttpg_featured_image_url":{"full":["https:\/\/elfederalmendoza.com.ar\/wp-content\/uploads\/2024\/05\/BELLIBONI1.jpeg",1024,683,false],"landscape":["https:\/\/elfederalmendoza.com.ar\/wp-content\/uploads\/2024\/05\/BELLIBONI1.jpeg",1024,683,false],"portraits":["https:\/\/elfederalmendoza.com.ar\/wp-content\/uploads\/2024\/05\/BELLIBONI1.jpeg",1024,683,false],"thumbnail":["https:\/\/elfederalmendoza.com.ar\/wp-content\/uploads\/2024\/05\/BELLIBONI1-150x150.jpeg",150,150,true],"medium":["https:\/\/elfederalmendoza.com.ar\/wp-content\/uploads\/2024\/05\/BELLIBONI1-300x200.jpeg",300,200,true],"large":["https:\/\/elfederalmendoza.com.ar\/wp-content\/uploads\/2024\/05\/BELLIBONI1.jpeg",640,427,false],"1536x1536":["https:\/\/elfederalmendoza.com.ar\/wp-content\/uploads\/2024\/05\/BELLIBONI1.jpeg",1024,683,false],"2048x2048":["https:\/\/elfederalmendoza.com.ar\/wp-content\/uploads\/2024\/05\/BELLIBONI1.jpeg",1024,683,false],"ultp_layout_landscape_large":["https:\/\/elfederalmendoza.com.ar\/wp-content\/uploads\/2024\/05\/BELLIBONI1.jpeg",1024,683,false],"ultp_layout_landscape":["https:\/\/elfederalmendoza.com.ar\/wp-content\/uploads\/2024\/05\/BELLIBONI1-870x570.jpeg",870,570,true],"ultp_layout_portrait":["https:\/\/elfederalmendoza.com.ar\/wp-content\/uploads\/2024\/05\/BELLIBONI1-600x683.jpeg",600,683,true],"ultp_layout_square":["https:\/\/elfederalmendoza.com.ar\/wp-content\/uploads\/2024\/05\/BELLIBONI1-600x600.jpeg",600,600,true],"rpwe-thumbnail":["https:\/\/elfederalmendoza.com.ar\/wp-content\/uploads\/2024\/05\/BELLIBONI1-45x45.jpeg",45,45,true],"advps-thumb-one":["https:\/\/elfederalmendoza.com.ar\/wp-content\/uploads\/2024\/05\/BELLIBONI1-1024x420.jpeg",1024,420,true]},"rttpg_author":{"display_name":"Redacci\u00f3n El Federal","author_link":"https:\/\/elfederalmendoza.com.ar\/index.php\/author\/angelflores\/"},"rttpg_comment":0,"rttpg_category":"<a href=\"https:\/\/elfederalmendoza.com.ar\/index.php\/category\/arg\/\" rel=\"category tag\">Argentina<\/a>","rttpg_excerpt":"La medida fue dispuesta por el juez federal Sebasti\u00e1n Casanello. Tambi\u00e9n est\u00e1 acusado de extorsionar a beneficiarios de la asistencia estatal. La audiencia tendr\u00e1 lugar el 25 de junio. La Justicia cit\u00f3 a indagatoria al referente del Polo Obrero,\u00a0Eduardo Belliboni,\u00a0en la causa por irregularidades con los planes sociales. La medida la dispuso el juez federal,&hellip;","_links":{"self":[{"href":"https:\/\/elfederalmendoza.com.ar\/index.php\/wp-json\/wp\/v2\/posts\/32942","targetHints":{"allow":["GET"]}}],"collection":[{"href":"https:\/\/elfederalmendoza.com.ar\/index.php\/wp-json\/wp\/v2\/posts"}],"about":[{"href":"https:\/\/elfederalmendoza.com.ar\/index.php\/wp-json\/wp\/v2\/types\/post"}],"author":[{"embeddable":true,"href":"https:\/\/elfederalmendoza.com.ar\/index.php\/wp-json\/wp\/v2\/users\/2"}],"replies":[{"embeddable":true,"href":"https:\/\/elfederalmendoza.com.ar\/index.php\/wp-json\/wp\/v2\/comments?post=32942"}],"version-history":[{"count":1,"href":"https:\/\/elfederalmendoza.com.ar\/index.php\/wp-json\/wp\/v2\/posts\/32942\/revisions"}],"predecessor-version":[{"id":32945,"href":"https:\/\/elfederalmendoza.com.ar\/index.php\/wp-json\/wp\/v2\/posts\/32942\/revisions\/32945"}],"wp:featuredmedia":[{"embeddable":true,"href":"https:\/\/elfederalmendoza.com.ar\/index.php\/wp-json\/wp\/v2\/media\/32944"}],"wp:attachment":[{"href":"https:\/\/elfederalmendoza.com.ar\/index.php\/wp-json\/wp\/v2\/media?parent=32942"}],"wp:term":[{"taxonomy":"category","embeddable":true,"href":"https:\/\/elfederalmendoza.com.ar\/index.php\/wp-json\/wp\/v2\/categories?post=32942"},{"taxonomy":"post_tag","embeddable":true,"href":"https:\/\/elfederalmendoza.com.ar\/index.php\/wp-json\/wp\/v2\/tags?post=32942"}],"curies":[{"name":"wp","href":"https:\/\/api.w.org\/{rel}","templated":true}]}}