{"id":32947,"date":"2024-05-27T11:01:35","date_gmt":"2024-05-27T14:01:35","guid":{"rendered":"https:\/\/elfederalmendoza.com\/?p=32947"},"modified":"2024-05-27T11:10:49","modified_gmt":"2024-05-27T14:10:49","slug":"un-magnate-compro-tierras-en-mendoza-para-protegerse-de-una-apocalipsis-nuclear","status":"publish","type":"post","link":"https:\/\/elfederalmendoza.com.ar\/index.php\/2024\/05\/27\/un-magnate-compro-tierras-en-mendoza-para-protegerse-de-una-apocalipsis-nuclear\/","title":{"rendered":"Un magnate compr\u00f3 tierras en Mendoza para protegerse de una apocalipsis nuclear"},"content":{"rendered":"\n<p>E<strong>n las \u00faltimas horas<\/strong>, el abogado del Centro de Ex Combatientes de Islas Malvinas (CECIM) de La Plata,\u00a0<strong>Jer\u00f3nimo Guerrero Iraola<\/strong>, sorprendi\u00f3 al revelar una trama que involucra a un magnate\u00a0<strong>que habr\u00eda adquirido una gran porci\u00f3n de tierras en el sur de Mendoza para protegerse de una futura amenaza nuclear.\u00a0<\/strong><\/p>\n\n\n\n<p>El letrado explic\u00f3 la trama en el contexto de la importancia de la&nbsp;<strong>Ley de Tierras&nbsp;y el intento de derogaci\u00f3n por parte del gobierno de Javier Milei.&nbsp;<\/strong><\/p>\n\n\n\n<p>En el video al pie, puede verse el&nbsp;<strong>momento en cuesti\u00f3n<\/strong> ocurrido en radio&nbsp;<strong>Real Politik<\/strong>. Lo que dice textual Guerrero Iraola se resume a continuaci\u00f3n. Eso s\u00ed, jam\u00e1s aport\u00f3 el nombre del magnate:<\/p>\n\n\n\n<p>An\u00e9cdota real, 21 de diciembre, DNU de Milei de derogaci\u00f3n de ley de tierras. Unos d\u00edas despu\u00e9s, con la entrada en vigencia,&nbsp;<strong>un magnate desembarca en Mendoza, Malarg\u00fce, y se compra 40 kil\u00f3metros por 60 kil\u00f3metros para desarrollar una suerte de \u201cpueblo fortaleza\u201d<\/strong>&nbsp;para \u00e9l y cuatro familias m\u00e1s.<\/p>\n\n\n\n<p>\u00bfCu\u00e1nto lo pag\u00f3?&nbsp;<strong>Un mill\u00f3n y medio de d\u00f3lares<\/strong>&nbsp;\u00bfy saben por qu\u00e9 lo compr\u00f3? El chab\u00f3n agarra y dice \u2014lo s\u00e9 porque tengo un amigo que estuvo vinculado a esa operaci\u00f3n\u2014&nbsp;<strong>seguridad nuclear<\/strong>.&nbsp;<\/p>\n\n\n\n<p>La ONU y distintas agencias internacionales vienen diciendo que desde Mendoza hacia Ushuaia pegadito a la cordillera&nbsp;<strong>es la zona m\u00e1s segura para qu\u00e9 para los pr\u00f3ximos 20 30 o 40&nbsp;a\u00f1os.<\/strong><\/p>\n\n\n\n<figure class=\"wp-block-embed is-type-video is-provider-youtube wp-block-embed-youtube wp-embed-aspect-16-9 wp-has-aspect-ratio\"><div class=\"wp-block-embed__wrapper\">\n<iframe loading=\"lazy\" title=\"Contin\u00faa la entrega de tierras para millonarios en Malarg\u00fce\" width=\"640\" height=\"360\" src=\"https:\/\/www.youtube.com\/embed\/ltkg7FQOY7s?start=1&#038;feature=oembed\" frameborder=\"0\" allow=\"accelerometer; autoplay; clipboard-write; encrypted-media; gyroscope; picture-in-picture; web-share\" referrerpolicy=\"strict-origin-when-cross-origin\" allowfullscreen><\/iframe>\n<\/div><\/figure>\n","protected":false},"excerpt":{"rendered":"<p>En las \u00faltimas horas, el abogado del Centro de Ex Combatientes de Islas Malvinas (CECIM) de La Plata,\u00a0Jer\u00f3nimo Guerrero Iraola, sorprendi\u00f3 al revelar una trama que involucra a un magnate\u00a0que habr\u00eda adquirido una gran porci\u00f3n de tierras en el sur de Mendoza para protegerse de una futura amenaza nuclear.\u00a0 El letrado explic\u00f3 la trama en<a class=\"read-more\" href=\"https:\/\/elfederalmendoza.com.ar\/index.php\/2024\/05\/27\/un-magnate-compro-tierras-en-mendoza-para-protegerse-de-una-apocalipsis-nuclear\/\"> [&hellip;]<\/a><\/p>\n","protected":false},"author":2,"featured_media":32949,"comment_status":"open","ping_status":"open","sticky":false,"template":"","format":"standard","meta":{"footnotes":""},"categories":[1],"tags":[],"class_list":["post-32947","post","type-post","status-publish","format-standard","has-post-thumbnail","hentry","category-mza"],"rttpg_featured_image_url":{"full":["https:\/\/elfederalmendoza.com.ar\/wp-content\/uploads\/2024\/05\/malargue1.jpg",1325,979,false],"landscape":["https:\/\/elfederalmendoza.com.ar\/wp-content\/uploads\/2024\/05\/malargue1.jpg",1325,979,false],"portraits":["https:\/\/elfederalmendoza.com.ar\/wp-content\/uploads\/2024\/05\/malargue1.jpg",1325,979,false],"thumbnail":["https:\/\/elfederalmendoza.com.ar\/wp-content\/uploads\/2024\/05\/malargue1-150x150.jpg",150,150,true],"medium":["https:\/\/elfederalmendoza.com.ar\/wp-content\/uploads\/2024\/05\/malargue1-300x222.jpg",300,222,true],"large":["https:\/\/elfederalmendoza.com.ar\/wp-content\/uploads\/2024\/05\/malargue1-1024x757.jpg",640,473,true],"1536x1536":["https:\/\/elfederalmendoza.com.ar\/wp-content\/uploads\/2024\/05\/malargue1.jpg",1325,979,false],"2048x2048":["https:\/\/elfederalmendoza.com.ar\/wp-content\/uploads\/2024\/05\/malargue1.jpg",1325,979,false],"ultp_layout_landscape_large":["https:\/\/elfederalmendoza.com.ar\/wp-content\/uploads\/2024\/05\/malargue1-1200x800.jpg",1200,800,true],"ultp_layout_landscape":["https:\/\/elfederalmendoza.com.ar\/wp-content\/uploads\/2024\/05\/malargue1-870x570.jpg",870,570,true],"ultp_layout_portrait":["https:\/\/elfederalmendoza.com.ar\/wp-content\/uploads\/2024\/05\/malargue1-600x900.jpg",600,900,true],"ultp_layout_square":["https:\/\/elfederalmendoza.com.ar\/wp-content\/uploads\/2024\/05\/malargue1-600x600.jpg",600,600,true],"rpwe-thumbnail":["https:\/\/elfederalmendoza.com.ar\/wp-content\/uploads\/2024\/05\/malargue1-45x45.jpg",45,45,true],"advps-thumb-one":["https:\/\/elfederalmendoza.com.ar\/wp-content\/uploads\/2024\/05\/malargue1-1200x420.jpg",1200,420,true]},"rttpg_author":{"display_name":"Redacci\u00f3n El Federal","author_link":"https:\/\/elfederalmendoza.com.ar\/index.php\/author\/angelflores\/"},"rttpg_comment":0,"rttpg_category":"<a href=\"https:\/\/elfederalmendoza.com.ar\/index.php\/category\/mza\/\" rel=\"category tag\">Mendoza<\/a>","rttpg_excerpt":"En las \u00faltimas horas, el abogado del Centro de Ex Combatientes de Islas Malvinas (CECIM) de La Plata,\u00a0Jer\u00f3nimo Guerrero Iraola, sorprendi\u00f3 al revelar una trama que involucra a un magnate\u00a0que habr\u00eda adquirido una gran porci\u00f3n de tierras en el sur de Mendoza para protegerse de una futura amenaza nuclear.\u00a0 El letrado explic\u00f3 la trama en&hellip;","_links":{"self":[{"href":"https:\/\/elfederalmendoza.com.ar\/index.php\/wp-json\/wp\/v2\/posts\/32947","targetHints":{"allow":["GET"]}}],"collection":[{"href":"https:\/\/elfederalmendoza.com.ar\/index.php\/wp-json\/wp\/v2\/posts"}],"about":[{"href":"https:\/\/elfederalmendoza.com.ar\/index.php\/wp-json\/wp\/v2\/types\/post"}],"author":[{"embeddable":true,"href":"https:\/\/elfederalmendoza.com.ar\/index.php\/wp-json\/wp\/v2\/users\/2"}],"replies":[{"embeddable":true,"href":"https:\/\/elfederalmendoza.com.ar\/index.php\/wp-json\/wp\/v2\/comments?post=32947"}],"version-history":[{"count":2,"href":"https:\/\/elfederalmendoza.com.ar\/index.php\/wp-json\/wp\/v2\/posts\/32947\/revisions"}],"predecessor-version":[{"id":32952,"href":"https:\/\/elfederalmendoza.com.ar\/index.php\/wp-json\/wp\/v2\/posts\/32947\/revisions\/32952"}],"wp:featuredmedia":[{"embeddable":true,"href":"https:\/\/elfederalmendoza.com.ar\/index.php\/wp-json\/wp\/v2\/media\/32949"}],"wp:attachment":[{"href":"https:\/\/elfederalmendoza.com.ar\/index.php\/wp-json\/wp\/v2\/media?parent=32947"}],"wp:term":[{"taxonomy":"category","embeddable":true,"href":"https:\/\/elfederalmendoza.com.ar\/index.php\/wp-json\/wp\/v2\/categories?post=32947"},{"taxonomy":"post_tag","embeddable":true,"href":"https:\/\/elfederalmendoza.com.ar\/index.php\/wp-json\/wp\/v2\/tags?post=32947"}],"curies":[{"name":"wp","href":"https:\/\/api.w.org\/{rel}","templated":true}]}}