{"id":32953,"date":"2024-05-27T12:24:46","date_gmt":"2024-05-27T15:24:46","guid":{"rendered":"https:\/\/elfederalmendoza.com\/?p=32953"},"modified":"2024-05-27T12:24:47","modified_gmt":"2024-05-27T15:24:47","slug":"un-hombre-fue-apunalado-por-su-esposa-en-guaymallen-y-esta-grave","status":"publish","type":"post","link":"https:\/\/elfederalmendoza.com.ar\/index.php\/2024\/05\/27\/un-hombre-fue-apunalado-por-su-esposa-en-guaymallen-y-esta-grave\/","title":{"rendered":"Un hombre fue apu\u00f1alado por su esposa en Guaymall\u00e9n y est\u00e1 grave"},"content":{"rendered":"\n<p>Un<strong>\u00a0hombre de 42 a\u00f1os est\u00e1 internado en terapia intensiva y en grave estado de salud luego de ser apu\u00f1alado por su esposa, cuando ambos mantuvieron una discusi\u00f3n en una casa de\u00a0Guaymall\u00e9n.<\/strong><\/p>\n\n\n\n<p>La<strong>\u00a0agresi\u00f3n ocurri\u00f3 en la madrugada de este domingo\u00a0<\/strong>y ahora la justicia investiga minuciosamente lo ocurrido, debido a que<strong>\u00a0la v\u00edctima del ataque fue llevada, herida, a la comisar\u00eda como autor de un hecho de violencia de g\u00e9nero y en la seccional se descompens\u00f3, llegando al hospital en grave estado de salud.<\/strong><\/p>\n\n\n\n<h2 class=\"wp-block-heading\">Agresi\u00f3n en Guaymall\u00e9n: investigan violencia de g\u00e9nero<\/h2>\n\n\n\n<p>Seg\u00fan la reconstrucci\u00f3n de los hechos,<strong>&nbsp;todo comenz\u00f3 cerca de las 6 del domingo en una casa ubicada sobre calle Manuel A. Saez, en Guaymall\u00e9n&nbsp;<\/strong>y el hombre fue identificado como&nbsp;<strong>Cristian G. (42).<\/strong><\/p>\n\n\n\n<p>Una discusi\u00f3n de pareja provoc\u00f3 que la mujer,<strong>&nbsp;Rosa O. (42), agrediera a su marido con un cuchillo, hiri\u00e9ndolo en el t\u00f3rax.<\/strong>&nbsp;Tras el ataque, la propia mujer llam\u00f3 al 911 para explicar lo sucedido.<\/p>\n\n\n\n<p>Cuando la polic\u00eda lleg\u00f3 entrevist\u00f3 a Ortiz y ella cont\u00f3 lo sucedido. Entonces,&nbsp;<strong>la polic\u00eda aprehendi\u00f3 al hombre, que estaba herido y lo traslad\u00f3 a la Comisar\u00eda 25 de Guaymall\u00e9n.<\/strong><\/p>\n\n\n\n<p>Ahora bien,&nbsp;<strong>en horas de la tarde de este domingo, el hombre se descompens\u00f3 en el calabozo, posiblemente, producto de la sangre perdida<\/strong>&nbsp;por la herida que ten\u00eda.<\/p>\n\n\n\n<p>De esta forma, los polic\u00edas de guardia en la seccional mencionada<strong>&nbsp;debieron asistirlo de urgencia y luego una ambulancia del Servicio de Emergencias Coordinado lo traslad\u00f3 al hospital Central,<\/strong>&nbsp;donde ingres\u00f3 con v\u00f3mitos e hipertensi\u00f3n.<\/p>\n\n\n\n<p>En el centro asistencial le diagnosticaron una<strong>&nbsp;herida de arma blanca en el t\u00f3rax con perforaci\u00f3n de la vena subclavial,<\/strong>&nbsp;por lo que debi\u00f3 ser operado de urgencia.<\/p>\n\n\n\n<p>Tras la intervenci\u00f3n, Garc\u00eda qued\u00f3 internado en terapia intensiva.&nbsp;<strong>El parte m\u00e9dico informado en horas de la tarde-noche indic\u00f3 que su estado de salud es \u201cgrave\u201d.<\/strong><\/p>\n\n\n\n<p>El caso es investigado por la Oficina Fiscal 8 de Guaymall\u00e9n.\u00a0<strong>Por estas horas los detectives analizan las pruebas para derivar la causa a la fiscal\u00eda de violencia de g\u00e9nero.<\/strong>\u00a0Por el momento no se ha tomado ninguna decisi\u00f3n acerca de imputaciones para los protagonistas del hecho.<\/p>\n\n\n\n<p><em>Fuente: Sitio Andino<\/em><\/p>\n","protected":false},"excerpt":{"rendered":"<p>Un\u00a0hombre de 42 a\u00f1os est\u00e1 internado en terapia intensiva y en grave estado de salud luego de ser apu\u00f1alado por su esposa, cuando ambos mantuvieron una discusi\u00f3n en una casa de\u00a0Guaymall\u00e9n. La\u00a0agresi\u00f3n ocurri\u00f3 en la madrugada de este domingo\u00a0y ahora la justicia investiga minuciosamente lo ocurrido, debido a que\u00a0la v\u00edctima del ataque fue llevada, herida,<a class=\"read-more\" href=\"https:\/\/elfederalmendoza.com.ar\/index.php\/2024\/05\/27\/un-hombre-fue-apunalado-por-su-esposa-en-guaymallen-y-esta-grave\/\"> [&hellip;]<\/a><\/p>\n","protected":false},"author":2,"featured_media":32957,"comment_status":"open","ping_status":"open","sticky":false,"template":"","format":"standard","meta":{"footnotes":""},"categories":[1],"tags":[],"class_list":["post-32953","post","type-post","status-publish","format-standard","has-post-thumbnail","hentry","category-mza"],"rttpg_featured_image_url":{"full":["https:\/\/elfederalmendoza.com.ar\/wp-content\/uploads\/2024\/05\/capturajpg.webp",790,468,false],"landscape":["https:\/\/elfederalmendoza.com.ar\/wp-content\/uploads\/2024\/05\/capturajpg.webp",790,468,false],"portraits":["https:\/\/elfederalmendoza.com.ar\/wp-content\/uploads\/2024\/05\/capturajpg.webp",790,468,false],"thumbnail":["https:\/\/elfederalmendoza.com.ar\/wp-content\/uploads\/2024\/05\/capturajpg-150x150.webp",150,150,true],"medium":["https:\/\/elfederalmendoza.com.ar\/wp-content\/uploads\/2024\/05\/capturajpg-300x178.webp",300,178,true],"large":["https:\/\/elfederalmendoza.com.ar\/wp-content\/uploads\/2024\/05\/capturajpg.webp",640,379,false],"1536x1536":["https:\/\/elfederalmendoza.com.ar\/wp-content\/uploads\/2024\/05\/capturajpg.webp",790,468,false],"2048x2048":["https:\/\/elfederalmendoza.com.ar\/wp-content\/uploads\/2024\/05\/capturajpg.webp",790,468,false],"ultp_layout_landscape_large":["https:\/\/elfederalmendoza.com.ar\/wp-content\/uploads\/2024\/05\/capturajpg.webp",790,468,false],"ultp_layout_landscape":["https:\/\/elfederalmendoza.com.ar\/wp-content\/uploads\/2024\/05\/capturajpg.webp",790,468,false],"ultp_layout_portrait":["https:\/\/elfederalmendoza.com.ar\/wp-content\/uploads\/2024\/05\/capturajpg-600x468.webp",600,468,true],"ultp_layout_square":["https:\/\/elfederalmendoza.com.ar\/wp-content\/uploads\/2024\/05\/capturajpg-600x468.webp",600,468,true],"rpwe-thumbnail":["https:\/\/elfederalmendoza.com.ar\/wp-content\/uploads\/2024\/05\/capturajpg-45x45.webp",45,45,true],"advps-thumb-one":["https:\/\/elfederalmendoza.com.ar\/wp-content\/uploads\/2024\/05\/capturajpg-790x420.webp",790,420,true]},"rttpg_author":{"display_name":"Redacci\u00f3n El Federal","author_link":"https:\/\/elfederalmendoza.com.ar\/index.php\/author\/angelflores\/"},"rttpg_comment":0,"rttpg_category":"<a href=\"https:\/\/elfederalmendoza.com.ar\/index.php\/category\/mza\/\" rel=\"category tag\">Mendoza<\/a>","rttpg_excerpt":"Un\u00a0hombre de 42 a\u00f1os est\u00e1 internado en terapia intensiva y en grave estado de salud luego de ser apu\u00f1alado por su esposa, cuando ambos mantuvieron una discusi\u00f3n en una casa de\u00a0Guaymall\u00e9n. La\u00a0agresi\u00f3n ocurri\u00f3 en la madrugada de este domingo\u00a0y ahora la justicia investiga minuciosamente lo ocurrido, debido a que\u00a0la v\u00edctima del ataque fue llevada, herida,&hellip;","_links":{"self":[{"href":"https:\/\/elfederalmendoza.com.ar\/index.php\/wp-json\/wp\/v2\/posts\/32953","targetHints":{"allow":["GET"]}}],"collection":[{"href":"https:\/\/elfederalmendoza.com.ar\/index.php\/wp-json\/wp\/v2\/posts"}],"about":[{"href":"https:\/\/elfederalmendoza.com.ar\/index.php\/wp-json\/wp\/v2\/types\/post"}],"author":[{"embeddable":true,"href":"https:\/\/elfederalmendoza.com.ar\/index.php\/wp-json\/wp\/v2\/users\/2"}],"replies":[{"embeddable":true,"href":"https:\/\/elfederalmendoza.com.ar\/index.php\/wp-json\/wp\/v2\/comments?post=32953"}],"version-history":[{"count":1,"href":"https:\/\/elfederalmendoza.com.ar\/index.php\/wp-json\/wp\/v2\/posts\/32953\/revisions"}],"predecessor-version":[{"id":32958,"href":"https:\/\/elfederalmendoza.com.ar\/index.php\/wp-json\/wp\/v2\/posts\/32953\/revisions\/32958"}],"wp:featuredmedia":[{"embeddable":true,"href":"https:\/\/elfederalmendoza.com.ar\/index.php\/wp-json\/wp\/v2\/media\/32957"}],"wp:attachment":[{"href":"https:\/\/elfederalmendoza.com.ar\/index.php\/wp-json\/wp\/v2\/media?parent=32953"}],"wp:term":[{"taxonomy":"category","embeddable":true,"href":"https:\/\/elfederalmendoza.com.ar\/index.php\/wp-json\/wp\/v2\/categories?post=32953"},{"taxonomy":"post_tag","embeddable":true,"href":"https:\/\/elfederalmendoza.com.ar\/index.php\/wp-json\/wp\/v2\/tags?post=32953"}],"curies":[{"name":"wp","href":"https:\/\/api.w.org\/{rel}","templated":true}]}}