{"id":32954,"date":"2024-05-27T10:21:00","date_gmt":"2024-05-27T13:21:00","guid":{"rendered":"https:\/\/elfederalmendoza.com\/?p=32954"},"modified":"2024-05-27T12:26:47","modified_gmt":"2024-05-27T15:26:47","slug":"tres-robarruedas-fueron-detenidos-tras-una-impresionante-persecusion-a-tiros-por-el-gran-mendoza","status":"publish","type":"post","link":"https:\/\/elfederalmendoza.com.ar\/index.php\/2024\/05\/27\/tres-robarruedas-fueron-detenidos-tras-una-impresionante-persecusion-a-tiros-por-el-gran-mendoza\/","title":{"rendered":"Tres robarruedas fueron detenidos tras una impresionante persecuci\u00f3n a tiros por el Gran Mendoza\u00a0"},"content":{"rendered":"\n<p>Una\u00a0<strong>persecuci\u00f3n policial a los tiros<\/strong>\u00a0con una banda dedicada a robar ruedas y cometer asaltos ocurri\u00f3 en la ma\u00f1ana de este lunes y atraves\u00f3\u00a0<strong>varias zonas del Gran Mendoza. Termin\u00f3 en Godoy Cruz<\/strong>\u00a0<strong>con tres detenidos<\/strong>\u00a0y el secuestro del veh\u00edculo en el que escapaban los delincuentes, el cual hab\u00eda sido robado la semana pasada. Adem\u00e1s, recuperaron tres ruedas que llevaban los ladrones.<\/p>\n\n\n\n<p>La persecuci\u00f3n habr\u00eda comenzado en<strong>\u00a0calle Allayme, de Guaymall\u00e9n,<\/strong>\u00a0y los delincuentes que iban en una Renault Duster\u00a0<strong>fueron hasta Capital<\/strong>\u00a0con los m\u00f3viles que los segu\u00edan de cerca, hicieron algunas cuadras en contramano hasta que\u00a0<strong>cruzaron a Godoy Cruz.\u00a0<\/strong>Algunos indicaron que por momentos los delincuentes y los polic\u00edas<strong>\u00a0iban a los tiros.<\/strong><\/p>\n\n\n\n<p>Mientras eran&nbsp;<strong>perseguidos por autos, camionetas y motos de la Polic\u00eda<\/strong>, uno de los delincuentes les lanz\u00f3 una rueda para tratar de frenar a los efectivos que iban detr\u00e1s de ellos, pero personal de la UMAR&nbsp;<strong>la esquivaron y la pusieron al resguardo.<\/strong><\/p>\n\n\n\n<p>En\u00a0<strong>calle Lamadrid, de Godoy Cruz, en el barrio Parque Sur<\/strong>, los tres delincuentes dejaron abandonada la Duster y siguieron el escape a pie. Los efectivos no se quedaron atr\u00e1s y siguieron detr\u00e1s de ellos, hasta que<strong>\u00a0fueron capturados a pocos metros.<\/strong><\/p>\n\n\n\n<p>Dentro del veh\u00edculo<strong>\u00a0hallaron ruedas que robadas.<\/strong>\u00a0Adem\u00e1s, constataron que\u00a0<strong>la camioneta<\/strong>\u00a0que usaron para robar ruedas y escapar de la polic\u00eda\u00a0<strong>hab\u00eda sido robada el jueves de la semana pasada.<\/strong><\/p>\n\n\n\n<p><em>Fuente: Diario Uno<\/em><\/p>\n","protected":false},"excerpt":{"rendered":"<p>Una\u00a0persecuci\u00f3n policial a los tiros\u00a0con una banda dedicada a robar ruedas y cometer asaltos ocurri\u00f3 en la ma\u00f1ana de este lunes y atraves\u00f3\u00a0varias zonas del Gran Mendoza. Termin\u00f3 en Godoy Cruz\u00a0con tres detenidos\u00a0y el secuestro del veh\u00edculo en el que escapaban los delincuentes, el cual hab\u00eda sido robado la semana pasada. Adem\u00e1s, recuperaron tres ruedas<a class=\"read-more\" href=\"https:\/\/elfederalmendoza.com.ar\/index.php\/2024\/05\/27\/tres-robarruedas-fueron-detenidos-tras-una-impresionante-persecusion-a-tiros-por-el-gran-mendoza\/\"> [&hellip;]<\/a><\/p>\n","protected":false},"author":2,"featured_media":32961,"comment_status":"open","ping_status":"open","sticky":false,"template":"","format":"standard","meta":{"footnotes":""},"categories":[1],"tags":[],"class_list":["post-32954","post","type-post","status-publish","format-standard","has-post-thumbnail","hentry","category-mza"],"rttpg_featured_image_url":{"full":["https:\/\/elfederalmendoza.com.ar\/wp-content\/uploads\/2024\/05\/inseguridad-mendoza-persecucion-policia-mendoza-3jpg.webp",1200,675,false],"landscape":["https:\/\/elfederalmendoza.com.ar\/wp-content\/uploads\/2024\/05\/inseguridad-mendoza-persecucion-policia-mendoza-3jpg.webp",1200,675,false],"portraits":["https:\/\/elfederalmendoza.com.ar\/wp-content\/uploads\/2024\/05\/inseguridad-mendoza-persecucion-policia-mendoza-3jpg.webp",1200,675,false],"thumbnail":["https:\/\/elfederalmendoza.com.ar\/wp-content\/uploads\/2024\/05\/inseguridad-mendoza-persecucion-policia-mendoza-3jpg-150x150.webp",150,150,true],"medium":["https:\/\/elfederalmendoza.com.ar\/wp-content\/uploads\/2024\/05\/inseguridad-mendoza-persecucion-policia-mendoza-3jpg-300x169.webp",300,169,true],"large":["https:\/\/elfederalmendoza.com.ar\/wp-content\/uploads\/2024\/05\/inseguridad-mendoza-persecucion-policia-mendoza-3jpg-1024x576.webp",640,360,true],"1536x1536":["https:\/\/elfederalmendoza.com.ar\/wp-content\/uploads\/2024\/05\/inseguridad-mendoza-persecucion-policia-mendoza-3jpg.webp",1200,675,false],"2048x2048":["https:\/\/elfederalmendoza.com.ar\/wp-content\/uploads\/2024\/05\/inseguridad-mendoza-persecucion-policia-mendoza-3jpg.webp",1200,675,false],"ultp_layout_landscape_large":["https:\/\/elfederalmendoza.com.ar\/wp-content\/uploads\/2024\/05\/inseguridad-mendoza-persecucion-policia-mendoza-3jpg.webp",1200,675,false],"ultp_layout_landscape":["https:\/\/elfederalmendoza.com.ar\/wp-content\/uploads\/2024\/05\/inseguridad-mendoza-persecucion-policia-mendoza-3jpg-870x570.webp",870,570,true],"ultp_layout_portrait":["https:\/\/elfederalmendoza.com.ar\/wp-content\/uploads\/2024\/05\/inseguridad-mendoza-persecucion-policia-mendoza-3jpg-600x675.webp",600,675,true],"ultp_layout_square":["https:\/\/elfederalmendoza.com.ar\/wp-content\/uploads\/2024\/05\/inseguridad-mendoza-persecucion-policia-mendoza-3jpg-600x600.webp",600,600,true],"rpwe-thumbnail":["https:\/\/elfederalmendoza.com.ar\/wp-content\/uploads\/2024\/05\/inseguridad-mendoza-persecucion-policia-mendoza-3jpg-45x45.webp",45,45,true],"advps-thumb-one":["https:\/\/elfederalmendoza.com.ar\/wp-content\/uploads\/2024\/05\/inseguridad-mendoza-persecucion-policia-mendoza-3jpg-1200x420.webp",1200,420,true]},"rttpg_author":{"display_name":"Redacci\u00f3n El Federal","author_link":"https:\/\/elfederalmendoza.com.ar\/index.php\/author\/angelflores\/"},"rttpg_comment":0,"rttpg_category":"<a href=\"https:\/\/elfederalmendoza.com.ar\/index.php\/category\/mza\/\" rel=\"category tag\">Mendoza<\/a>","rttpg_excerpt":"Una\u00a0persecuci\u00f3n policial a los tiros\u00a0con una banda dedicada a robar ruedas y cometer asaltos ocurri\u00f3 en la ma\u00f1ana de este lunes y atraves\u00f3\u00a0varias zonas del Gran Mendoza. Termin\u00f3 en Godoy Cruz\u00a0con tres detenidos\u00a0y el secuestro del veh\u00edculo en el que escapaban los delincuentes, el cual hab\u00eda sido robado la semana pasada. Adem\u00e1s, recuperaron tres ruedas&hellip;","_links":{"self":[{"href":"https:\/\/elfederalmendoza.com.ar\/index.php\/wp-json\/wp\/v2\/posts\/32954","targetHints":{"allow":["GET"]}}],"collection":[{"href":"https:\/\/elfederalmendoza.com.ar\/index.php\/wp-json\/wp\/v2\/posts"}],"about":[{"href":"https:\/\/elfederalmendoza.com.ar\/index.php\/wp-json\/wp\/v2\/types\/post"}],"author":[{"embeddable":true,"href":"https:\/\/elfederalmendoza.com.ar\/index.php\/wp-json\/wp\/v2\/users\/2"}],"replies":[{"embeddable":true,"href":"https:\/\/elfederalmendoza.com.ar\/index.php\/wp-json\/wp\/v2\/comments?post=32954"}],"version-history":[{"count":2,"href":"https:\/\/elfederalmendoza.com.ar\/index.php\/wp-json\/wp\/v2\/posts\/32954\/revisions"}],"predecessor-version":[{"id":32964,"href":"https:\/\/elfederalmendoza.com.ar\/index.php\/wp-json\/wp\/v2\/posts\/32954\/revisions\/32964"}],"wp:featuredmedia":[{"embeddable":true,"href":"https:\/\/elfederalmendoza.com.ar\/index.php\/wp-json\/wp\/v2\/media\/32961"}],"wp:attachment":[{"href":"https:\/\/elfederalmendoza.com.ar\/index.php\/wp-json\/wp\/v2\/media?parent=32954"}],"wp:term":[{"taxonomy":"category","embeddable":true,"href":"https:\/\/elfederalmendoza.com.ar\/index.php\/wp-json\/wp\/v2\/categories?post=32954"},{"taxonomy":"post_tag","embeddable":true,"href":"https:\/\/elfederalmendoza.com.ar\/index.php\/wp-json\/wp\/v2\/tags?post=32954"}],"curies":[{"name":"wp","href":"https:\/\/api.w.org\/{rel}","templated":true}]}}