{"id":32976,"date":"2024-05-28T08:59:45","date_gmt":"2024-05-28T11:59:45","guid":{"rendered":"https:\/\/elfederalmendoza.com\/?p=32976"},"modified":"2024-05-28T09:19:14","modified_gmt":"2024-05-28T12:19:14","slug":"un-sujeto-irrumpio-en-una-clinica-de-ninos-de-mendoza-y-tomo-de-rehen-a-un-menor","status":"publish","type":"post","link":"https:\/\/elfederalmendoza.com.ar\/index.php\/2024\/05\/28\/un-sujeto-irrumpio-en-una-clinica-de-ninos-de-mendoza-y-tomo-de-rehen-a-un-menor\/","title":{"rendered":"Un sujeto irrumpi\u00f3 en una cl\u00ednica de ni\u00f1os de Mendoza y tom\u00f3 de reh\u00e9n a un menor"},"content":{"rendered":"\n<p>Pasado el mediod\u00eda de este lunes se vivieron momentos de tensi\u00f3n en la&nbsp;<strong>cl\u00ednica de ni\u00f1os llamada Medikids<\/strong>, donde un un sujeto irrumpi\u00f3 en el lugar y tom\u00f3 de reh\u00e9n a un menor. En ese momento, exigi\u00f3 la presencia de la<strong>&nbsp;fiscal de Homicidios Claudia R\u00edos<\/strong>. Afortunadamente, el hecho dur\u00f3 s\u00f3lo unos minutos y<strong>&nbsp;no hubo heridos<\/strong>, ya que la Polic\u00eda actu\u00f3 con rapidez en su detenci\u00f3n.<\/p>\n\n\n\n<p>Todo ocurri\u00f3 cerca de las 13, en el centro ubicado en calle Coronel Rodr\u00edguez al 100, en plena Quinta Secci\u00f3n, de\u00a0<strong>Capital<\/strong>. Seg\u00fan los testimonios, el hombre de 45 a\u00f1os ingres\u00f3 de forma violenta, sorprendiendo a todos los que estaban all\u00ed. Adem\u00e1s, momentos antes habr\u00eda protagonizado un accidente vial y que escap\u00f3 corriendo.<\/p>\n\n\n\n<p>Luego, ya dentro de la cl\u00ednica, tom\u00f3 a un ni\u00f1o de 10 a\u00f1os por la fuerza y lo amenaz\u00f3 con un objeto que, de acuerdo a los testigos, era un corta u\u00f1as. El peque\u00f1o esperaba en una de las salas para ser atendido, mientras que en la parte superior del inmueble se encontraban su mam\u00e1 y su hermanita, quien ya estaba siendo asistida por un profesional.&nbsp;<\/p>\n\n\n\n<p>Entonces, el individuo pidi\u00f3 la presencia de la fiscal, por lo que la polic\u00eda notific\u00f3 de lo ocurrido a la fiscal\u00eda de homicidios.<\/p>\n\n\n\n<p>Minutos despu\u00e9s, los efectivos arribaron al lugar. Al verse acorralado,<strong>&nbsp;el sospechoso se entreg\u00f3.&nbsp;<\/strong>Incluso reclam\u00f3 un tel\u00e9fono celular para \u00abviiralizar\u00bb la situaci\u00f3n. Este dialogo lo manten\u00eda con una de las administradoras de Medikids.<\/p>\n\n\n\n<p>De esta forma, el caso qued\u00f3 en manos de la fiscal\u00eda de delitos no especializados, donde definir\u00e1n la situaci\u00f3n procesal del \u00fanico detenido.<\/p>\n\n\n\n<p><em>Fuente: Diario Mendoza<\/em><\/p>\n","protected":false},"excerpt":{"rendered":"<p>Pasado el mediod\u00eda de este lunes se vivieron momentos de tensi\u00f3n en la&nbsp;cl\u00ednica de ni\u00f1os llamada Medikids, donde un un sujeto irrumpi\u00f3 en el lugar y tom\u00f3 de reh\u00e9n a un menor. En ese momento, exigi\u00f3 la presencia de la&nbsp;fiscal de Homicidios Claudia R\u00edos. Afortunadamente, el hecho dur\u00f3 s\u00f3lo unos minutos y&nbsp;no hubo heridos, ya<a class=\"read-more\" href=\"https:\/\/elfederalmendoza.com.ar\/index.php\/2024\/05\/28\/un-sujeto-irrumpio-en-una-clinica-de-ninos-de-mendoza-y-tomo-de-rehen-a-un-menor\/\"> [&hellip;]<\/a><\/p>\n","protected":false},"author":2,"featured_media":32979,"comment_status":"open","ping_status":"open","sticky":false,"template":"","format":"standard","meta":{"footnotes":""},"categories":[1],"tags":[],"class_list":["post-32976","post","type-post","status-publish","format-standard","has-post-thumbnail","hentry","category-mza"],"rttpg_featured_image_url":{"full":["https:\/\/elfederalmendoza.com.ar\/wp-content\/uploads\/2024\/05\/66550b15ca285__700x430.webp",700,430,false],"landscape":["https:\/\/elfederalmendoza.com.ar\/wp-content\/uploads\/2024\/05\/66550b15ca285__700x430.webp",700,430,false],"portraits":["https:\/\/elfederalmendoza.com.ar\/wp-content\/uploads\/2024\/05\/66550b15ca285__700x430.webp",700,430,false],"thumbnail":["https:\/\/elfederalmendoza.com.ar\/wp-content\/uploads\/2024\/05\/66550b15ca285__700x430-150x150.webp",150,150,true],"medium":["https:\/\/elfederalmendoza.com.ar\/wp-content\/uploads\/2024\/05\/66550b15ca285__700x430-300x184.webp",300,184,true],"large":["https:\/\/elfederalmendoza.com.ar\/wp-content\/uploads\/2024\/05\/66550b15ca285__700x430.webp",640,393,false],"1536x1536":["https:\/\/elfederalmendoza.com.ar\/wp-content\/uploads\/2024\/05\/66550b15ca285__700x430.webp",700,430,false],"2048x2048":["https:\/\/elfederalmendoza.com.ar\/wp-content\/uploads\/2024\/05\/66550b15ca285__700x430.webp",700,430,false],"ultp_layout_landscape_large":["https:\/\/elfederalmendoza.com.ar\/wp-content\/uploads\/2024\/05\/66550b15ca285__700x430.webp",700,430,false],"ultp_layout_landscape":["https:\/\/elfederalmendoza.com.ar\/wp-content\/uploads\/2024\/05\/66550b15ca285__700x430.webp",700,430,false],"ultp_layout_portrait":["https:\/\/elfederalmendoza.com.ar\/wp-content\/uploads\/2024\/05\/66550b15ca285__700x430-600x430.webp",600,430,true],"ultp_layout_square":["https:\/\/elfederalmendoza.com.ar\/wp-content\/uploads\/2024\/05\/66550b15ca285__700x430-600x430.webp",600,430,true],"rpwe-thumbnail":["https:\/\/elfederalmendoza.com.ar\/wp-content\/uploads\/2024\/05\/66550b15ca285__700x430-45x45.webp",45,45,true],"advps-thumb-one":["https:\/\/elfederalmendoza.com.ar\/wp-content\/uploads\/2024\/05\/66550b15ca285__700x430-700x420.webp",700,420,true]},"rttpg_author":{"display_name":"Redacci\u00f3n El Federal","author_link":"https:\/\/elfederalmendoza.com.ar\/index.php\/author\/angelflores\/"},"rttpg_comment":0,"rttpg_category":"<a href=\"https:\/\/elfederalmendoza.com.ar\/index.php\/category\/mza\/\" rel=\"category tag\">Mendoza<\/a>","rttpg_excerpt":"Pasado el mediod\u00eda de este lunes se vivieron momentos de tensi\u00f3n en la&nbsp;cl\u00ednica de ni\u00f1os llamada Medikids, donde un un sujeto irrumpi\u00f3 en el lugar y tom\u00f3 de reh\u00e9n a un menor. En ese momento, exigi\u00f3 la presencia de la&nbsp;fiscal de Homicidios Claudia R\u00edos. Afortunadamente, el hecho dur\u00f3 s\u00f3lo unos minutos y&nbsp;no hubo heridos, ya&hellip;","_links":{"self":[{"href":"https:\/\/elfederalmendoza.com.ar\/index.php\/wp-json\/wp\/v2\/posts\/32976","targetHints":{"allow":["GET"]}}],"collection":[{"href":"https:\/\/elfederalmendoza.com.ar\/index.php\/wp-json\/wp\/v2\/posts"}],"about":[{"href":"https:\/\/elfederalmendoza.com.ar\/index.php\/wp-json\/wp\/v2\/types\/post"}],"author":[{"embeddable":true,"href":"https:\/\/elfederalmendoza.com.ar\/index.php\/wp-json\/wp\/v2\/users\/2"}],"replies":[{"embeddable":true,"href":"https:\/\/elfederalmendoza.com.ar\/index.php\/wp-json\/wp\/v2\/comments?post=32976"}],"version-history":[{"count":1,"href":"https:\/\/elfederalmendoza.com.ar\/index.php\/wp-json\/wp\/v2\/posts\/32976\/revisions"}],"predecessor-version":[{"id":32980,"href":"https:\/\/elfederalmendoza.com.ar\/index.php\/wp-json\/wp\/v2\/posts\/32976\/revisions\/32980"}],"wp:featuredmedia":[{"embeddable":true,"href":"https:\/\/elfederalmendoza.com.ar\/index.php\/wp-json\/wp\/v2\/media\/32979"}],"wp:attachment":[{"href":"https:\/\/elfederalmendoza.com.ar\/index.php\/wp-json\/wp\/v2\/media?parent=32976"}],"wp:term":[{"taxonomy":"category","embeddable":true,"href":"https:\/\/elfederalmendoza.com.ar\/index.php\/wp-json\/wp\/v2\/categories?post=32976"},{"taxonomy":"post_tag","embeddable":true,"href":"https:\/\/elfederalmendoza.com.ar\/index.php\/wp-json\/wp\/v2\/tags?post=32976"}],"curies":[{"name":"wp","href":"https:\/\/api.w.org\/{rel}","templated":true}]}}