{"id":32977,"date":"2024-05-28T09:10:07","date_gmt":"2024-05-28T12:10:07","guid":{"rendered":"https:\/\/elfederalmendoza.com\/?p=32977"},"modified":"2024-05-28T09:10:08","modified_gmt":"2024-05-28T12:10:08","slug":"comerciantes-mendocinos-apoyan-el-horario-corrido-y-creen-que-llego-el-momento-del-cambio-cultural","status":"publish","type":"post","link":"https:\/\/elfederalmendoza.com.ar\/index.php\/2024\/05\/28\/comerciantes-mendocinos-apoyan-el-horario-corrido-y-creen-que-llego-el-momento-del-cambio-cultural\/","title":{"rendered":"Comerciantes mendocinos apoyan el horario corrido y creen que lleg\u00f3 el momento del cambio cultural"},"content":{"rendered":"\n<p>Una vez m\u00e1s, y esperando que esta sea la definitiva, la\u00a0<strong>Ciudad de Mendoza<\/strong>\u00a0impuls\u00f3 el\u00a0horario corrido\u00a0en los comercios del microcentro. Si bien la medida comenz\u00f3 a implementarse en 2020, no todos los locales est\u00e1n adheridos, por lo que desde Capital buscan que se unifiquen criterios. Por su lado,<mark>\u00a0los comerciantes defienden la propuesta, deseando que perdure en el tiempo.<\/mark><\/p>\n\n\n\n<p>Intentando modificar el antiguo concepto que ubica a la siesta mendocina como un momento sagrado, desde diferentes sectores expusieron las m\u00faltiples ventajas del horario corrido y aseguraron que lleg\u00f3 el momento de un<strong>\u00a0cambio cultural<\/strong>\u00a0en la provincia.<\/p>\n\n\n\n<p>\u201c<em>El horario corrido generar\u00eda en los comerciantes reducci\u00f3n de costos, de los gastos operativos y bajar\u00eda el impacto de la tarifa el\u00e9ctrica. Adem\u00e1s, dar\u00eda respuesta a la demanda tur\u00edstica y competir\u00eda con los shoppings o malls que tienen este horario.\u00a0<mark>Queremos que el comercio venda m\u00e1s y, a su vez, darle respuesta a los cliente<\/mark><\/em>\u201c, explic\u00f3 el intendente de Capital,\u00a0<strong>Ulpiano Su\u00e1rez<\/strong>.<\/p>\n\n\n\n<p>En este sentido, el mandatario asegur\u00f3 que lo propuesto ser\u00e1 \u00fatil para que todos aquellos que se acercan a la Ciudad puedan&nbsp;<strong>planificar sus compras<\/strong>, encontrando todos los locales abiertos en un mismo horario.<\/p>\n\n\n\n<p>Adem\u00e1s, seg\u00fan lo planteado, el objetivo es que la medida no se implemente s\u00f3lo durante el invierno, sino que&nbsp;<mark>se instale en la provincia de manera definitiva<\/mark>.<\/p>\n\n\n\n<h2 class=\"wp-block-heading\" id=\"h-la-opinion-de-los-comerciantes\">La opini\u00f3n de los comerciantes<\/h2>\n\n\n\n<p>Siguiendo una misma l\u00ednea, diferentes comerciantes consultados por\u00a0<em>El Sol\u00a0<\/em>celebraron la iniciativa de Ciudad, y\u00a0<strong>conf\u00edan que los mendocinos se adaptar\u00e1n<\/strong>, finalmente, al cambio.<\/p>\n\n\n\n<p>\u201c<em>El horario corrido es una gran alternativa.&nbsp;<mark>\u00bfQui\u00e9n duerme siesta hoy?<\/mark>&nbsp;Hay que actualizarse y acostumbrase al nuevo horario<\/em>\u201c, dijo&nbsp;<strong>Silva Trinidad<\/strong>, comerciante.<\/p>\n\n\n\n<p>\u201c<em>Es lo ideal. Sabemos que la siesta est\u00e1 instalada, pero el p\u00fablico se puede adaptar. A nosotros nos viene bien porque\u00a0<strong>reducimos los gastos del colectivo<\/strong>, y adem\u00e1s, despu\u00e9s nos queda tiempo para cuestiones personales<\/em>\u201c, se\u00f1al\u00f3\u00a0<strong>Hugo<\/strong>, quien atienden un local en el microcentro.<\/p>\n\n\n\n<p>Con algunas variantes seg\u00fan el rubro o la zona, la mayor\u00eda de los locales abren sus puertas a las 10 y cierran pasadas las 19. Sin llegar todav\u00eda al invierno, pero ya conviviendo con fr\u00edas temperaturas, desde los comercios reconocieron que estos meses \u201c<strong>se vende m\u00e1s en la siesta<\/strong>\u201c.<\/p>\n\n\n\n<p>\u201c<em>En invierno es cuando m\u00e1s gente se acerca en el horario de la siesta, vendemos m\u00e1s. Hoy somos varios los que abrimos de corrido, pero estar\u00eda bueno que se aplicara a todo el comercio.&nbsp;<mark>De a poco, la gente se est\u00e1 acostumbrando<\/mark><\/em>\u201c, cont\u00f3&nbsp;<strong>Sof\u00eda<\/strong>, quien atiende un local de indumentaria femenina ubicado sobre calle San Mart\u00edn.<\/p>\n\n\n\n<p>Por su parte,&nbsp;<strong>Juan Ignacio<\/strong>, quien est\u00e1 al frente de un comercio de sellos dentro del Pasaje San Mart\u00edn, destac\u00f3 la importancia de un \u201chorario universal\u201d.<\/p>\n\n\n\n<p>\u201c<em>De esta manera, se regulariza la situaci\u00f3n para la gente que trabaja en el comercio. Adem\u00e1s, con un&nbsp;<strong>horario universal<\/strong>&nbsp;la gente puede tener un par\u00e1metro y saber cu\u00e1ndo est\u00e1n abiertos todos los locales<\/em>\u201c, explic\u00f3.<\/p>\n\n\n\n<h2 class=\"wp-block-heading\" id=\"h-cuestion-cultural\">\u201cCuesti\u00f3n cultural\u201d<\/h2>\n\n\n\n<p>Desde la&nbsp;<strong>C\u00e1mara Empresaria, Comercio, Industria, Turismo y Servicios<\/strong>&nbsp;(C.E.C.I.TyS) de la Ciudad de Mendoza confirmaron que el&nbsp;<mark>70% de los comercios ya aplican el horario corrido<\/mark>, plantearon que hace tiempo \u201c<em>preparan al comercio para un cambio<\/em>\u201c, y hablaron de un cambio cultural.<\/p>\n\n\n\n<p>\u201c<em>Poco a poco el mendocino se ha ido adaptando, es una cuesti\u00f3n cultural. Estamos en una ciudad din\u00e1mica y \u00e1gil que necesita cambiar la estructura. Cambiar la estructura no significa tener un costo extra, es ampliar la estructura que ya tenemos<\/em>\u201c, afirm\u00f3&nbsp;<strong>Adri\u00e1n Al\u00edn<\/strong>, titular de la C.E.C.I.TyS.<\/p>\n\n\n\n<p>Adem\u00e1s, el referente de la c\u00e1mara que nuclea a los comerciantes dijo que es necesario que el cambio se acompa\u00f1e desde otros sectores, por ejemplo, desde los<strong>&nbsp;bancos<\/strong>, extendiendo el horario de atenci\u00f3n.<\/p>\n\n\n\n<p>Por otra parte, Al\u00edn adelant\u00f3 que est\u00e1n trabajando en otros&nbsp;<strong>cambios&nbsp;<\/strong>que representen un beneficios para los consumidores.<\/p>\n\n\n\n<p>\u201c<em>Buscamos articular ejes comerciales a cielo abierto.\u00a0<strong>Estamos pidiendo que se tenga en cuenta el estacionamiento.<\/strong>\u00a0Sabemos que es algo que debe permanecer, pero entendemos que se puede cubrir una parte cuando la persona consume<\/em>\u201c, concluy\u00f3.<\/p>\n\n\n\n<p><em>Fuente: El Sol<\/em><\/p>\n","protected":false},"excerpt":{"rendered":"<p>Una vez m\u00e1s, y esperando que esta sea la definitiva, la\u00a0Ciudad de Mendoza\u00a0impuls\u00f3 el\u00a0horario corrido\u00a0en los comercios del microcentro. Si bien la medida comenz\u00f3 a implementarse en 2020, no todos los locales est\u00e1n adheridos, por lo que desde Capital buscan que se unifiquen criterios. Por su lado,\u00a0los comerciantes defienden la propuesta, deseando que perdure en<a class=\"read-more\" href=\"https:\/\/elfederalmendoza.com.ar\/index.php\/2024\/05\/28\/comerciantes-mendocinos-apoyan-el-horario-corrido-y-creen-que-llego-el-momento-del-cambio-cultural\/\"> [&hellip;]<\/a><\/p>\n","protected":false},"author":2,"featured_media":32983,"comment_status":"open","ping_status":"open","sticky":false,"template":"","format":"standard","meta":{"footnotes":""},"categories":[1],"tags":[],"class_list":["post-32977","post","type-post","status-publish","format-standard","has-post-thumbnail","hentry","category-mza"],"rttpg_featured_image_url":{"full":["https:\/\/elfederalmendoza.com.ar\/wp-content\/uploads\/2024\/05\/821690f6-58f9-4028-90b3-d9649ba31451.webp",800,600,false],"landscape":["https:\/\/elfederalmendoza.com.ar\/wp-content\/uploads\/2024\/05\/821690f6-58f9-4028-90b3-d9649ba31451.webp",800,600,false],"portraits":["https:\/\/elfederalmendoza.com.ar\/wp-content\/uploads\/2024\/05\/821690f6-58f9-4028-90b3-d9649ba31451.webp",800,600,false],"thumbnail":["https:\/\/elfederalmendoza.com.ar\/wp-content\/uploads\/2024\/05\/821690f6-58f9-4028-90b3-d9649ba31451-150x150.webp",150,150,true],"medium":["https:\/\/elfederalmendoza.com.ar\/wp-content\/uploads\/2024\/05\/821690f6-58f9-4028-90b3-d9649ba31451-300x225.webp",300,225,true],"large":["https:\/\/elfederalmendoza.com.ar\/wp-content\/uploads\/2024\/05\/821690f6-58f9-4028-90b3-d9649ba31451.webp",640,480,false],"1536x1536":["https:\/\/elfederalmendoza.com.ar\/wp-content\/uploads\/2024\/05\/821690f6-58f9-4028-90b3-d9649ba31451.webp",800,600,false],"2048x2048":["https:\/\/elfederalmendoza.com.ar\/wp-content\/uploads\/2024\/05\/821690f6-58f9-4028-90b3-d9649ba31451.webp",800,600,false],"ultp_layout_landscape_large":["https:\/\/elfederalmendoza.com.ar\/wp-content\/uploads\/2024\/05\/821690f6-58f9-4028-90b3-d9649ba31451.webp",800,600,false],"ultp_layout_landscape":["https:\/\/elfederalmendoza.com.ar\/wp-content\/uploads\/2024\/05\/821690f6-58f9-4028-90b3-d9649ba31451-800x570.webp",800,570,true],"ultp_layout_portrait":["https:\/\/elfederalmendoza.com.ar\/wp-content\/uploads\/2024\/05\/821690f6-58f9-4028-90b3-d9649ba31451-600x600.webp",600,600,true],"ultp_layout_square":["https:\/\/elfederalmendoza.com.ar\/wp-content\/uploads\/2024\/05\/821690f6-58f9-4028-90b3-d9649ba31451-600x600.webp",600,600,true],"rpwe-thumbnail":["https:\/\/elfederalmendoza.com.ar\/wp-content\/uploads\/2024\/05\/821690f6-58f9-4028-90b3-d9649ba31451-45x45.webp",45,45,true],"advps-thumb-one":["https:\/\/elfederalmendoza.com.ar\/wp-content\/uploads\/2024\/05\/821690f6-58f9-4028-90b3-d9649ba31451-800x420.webp",800,420,true]},"rttpg_author":{"display_name":"Redacci\u00f3n El Federal","author_link":"https:\/\/elfederalmendoza.com.ar\/index.php\/author\/angelflores\/"},"rttpg_comment":0,"rttpg_category":"<a href=\"https:\/\/elfederalmendoza.com.ar\/index.php\/category\/mza\/\" rel=\"category tag\">Mendoza<\/a>","rttpg_excerpt":"Una vez m\u00e1s, y esperando que esta sea la definitiva, la\u00a0Ciudad de Mendoza\u00a0impuls\u00f3 el\u00a0horario corrido\u00a0en los comercios del microcentro. Si bien la medida comenz\u00f3 a implementarse en 2020, no todos los locales est\u00e1n adheridos, por lo que desde Capital buscan que se unifiquen criterios. Por su lado,\u00a0los comerciantes defienden la propuesta, deseando que perdure en&hellip;","_links":{"self":[{"href":"https:\/\/elfederalmendoza.com.ar\/index.php\/wp-json\/wp\/v2\/posts\/32977","targetHints":{"allow":["GET"]}}],"collection":[{"href":"https:\/\/elfederalmendoza.com.ar\/index.php\/wp-json\/wp\/v2\/posts"}],"about":[{"href":"https:\/\/elfederalmendoza.com.ar\/index.php\/wp-json\/wp\/v2\/types\/post"}],"author":[{"embeddable":true,"href":"https:\/\/elfederalmendoza.com.ar\/index.php\/wp-json\/wp\/v2\/users\/2"}],"replies":[{"embeddable":true,"href":"https:\/\/elfederalmendoza.com.ar\/index.php\/wp-json\/wp\/v2\/comments?post=32977"}],"version-history":[{"count":1,"href":"https:\/\/elfederalmendoza.com.ar\/index.php\/wp-json\/wp\/v2\/posts\/32977\/revisions"}],"predecessor-version":[{"id":32984,"href":"https:\/\/elfederalmendoza.com.ar\/index.php\/wp-json\/wp\/v2\/posts\/32977\/revisions\/32984"}],"wp:featuredmedia":[{"embeddable":true,"href":"https:\/\/elfederalmendoza.com.ar\/index.php\/wp-json\/wp\/v2\/media\/32983"}],"wp:attachment":[{"href":"https:\/\/elfederalmendoza.com.ar\/index.php\/wp-json\/wp\/v2\/media?parent=32977"}],"wp:term":[{"taxonomy":"category","embeddable":true,"href":"https:\/\/elfederalmendoza.com.ar\/index.php\/wp-json\/wp\/v2\/categories?post=32977"},{"taxonomy":"post_tag","embeddable":true,"href":"https:\/\/elfederalmendoza.com.ar\/index.php\/wp-json\/wp\/v2\/tags?post=32977"}],"curies":[{"name":"wp","href":"https:\/\/api.w.org\/{rel}","templated":true}]}}