{"id":32986,"date":"2024-05-28T09:00:00","date_gmt":"2024-05-28T12:00:00","guid":{"rendered":"https:\/\/elfederalmendoza.com\/?p=32986"},"modified":"2024-05-28T09:15:48","modified_gmt":"2024-05-28T12:15:48","slug":"sospechan-que-una-licitacion-para-comprar-autos-usados-en-general-alvear-esta-direccionada-para-que-gane-una-petrolera","status":"publish","type":"post","link":"https:\/\/elfederalmendoza.com.ar\/index.php\/2024\/05\/28\/sospechan-que-una-licitacion-para-comprar-autos-usados-en-general-alvear-esta-direccionada-para-que-gane-una-petrolera\/","title":{"rendered":"Sospechan que una licitaci\u00f3n para comprar autos usados en General Alvear est\u00e1 \u00abdireccionada\u00bb para que gane una petrolera"},"content":{"rendered":"\n<p>Entre las miles de licitaciones que se han lanzado este a\u00f1o en diferentes estamentos de la administraci\u00f3n p\u00fablica, particularmente una se destaca del resto: un proceso lanzado por la\u00a0<strong>Municipalidad de General Alvear\u00a0<\/strong>para comprar\u00a0<strong>tres camionetas<\/strong>\u00a0que, a diferencia de todos los veh\u00edculos que compra el Estado, deb\u00edan ser\u00a0<strong>usadas<\/strong>. A partir de esto y de cuestiones espec\u00edficas del pliego, surge un dato central: se tratar\u00eda de un\u00a0<strong>proceso direccionado<\/strong>, aunque el intendente\u00a0Alejandro Molero\u00a0dio una justificaci\u00f3n sobre lo actuado.<\/p>\n\n\n\n<p>No hay en los registros oficiales de la \u00faltima d\u00e9cada ning\u00fan<strong>\u00a0proceso licitatorio de veh\u00edculos usados<\/strong>; en cada uno de ellos, se explicita o se infiere que deber\u00e1n ser unidades cero kil\u00f3metro. Por lo tanto, la compra que pretend\u00eda realizar por casi\u00a0<strong>$60 millones\u00a0<\/strong>el municipio que dirige el intendente radical\u00a0Molero, expresidente del ISCAMEN, es in\u00e9dita para la historia reciente de Mendoza.<\/p>\n\n\n\n<p>Dice el pliego de licitaci\u00f3n, cuya apertura de sobres tuvo lugar\u00a0<strong>ayer lunes 27 de mayo<\/strong>: \u00abCompra de\u00a0<strong>3 camionetas usadas<\/strong>\u00ab, por un presupuesto oficial de\u00a0<strong>$58.500.000<\/strong>. Es decir que se pagar\u00eda por cada camioneta usada un m\u00ednimo cercano a\u00a0<strong>$20 millones.<\/strong><\/p>\n\n\n\n<p>Espec\u00edficamente, llama la atenci\u00f3n que en el pliego haya&nbsp;<strong>requisitos diferentes para cada una de las camionetas<\/strong>, como si la<strong>&nbsp;compra estuviese direccionada<\/strong>.&nbsp;<strong>Una<\/strong>&nbsp;de las pickup deb\u00eda ser modelo&nbsp;<strong>2017<\/strong>&nbsp;con un m\u00e1ximo de<strong>&nbsp;160.000 kil\u00f3metros<\/strong>,&nbsp;<strong>otra<\/strong>&nbsp;deb\u00eda ser modelo&nbsp;<strong>2018<\/strong>&nbsp;con no m\u00e1s de<strong>&nbsp;120.000 kil\u00f3metros<\/strong>, y la&nbsp;<strong>tercera<\/strong>, modelo&nbsp;<strong>2017<\/strong>&nbsp;con un m\u00e1ximo de&nbsp;<strong>150.000 kil\u00f3metros<\/strong>, entre otras caracter\u00edsticas que deb\u00edan cumplir, como equipamiento y cilindrada de motor, que en los tres casos deb\u00eda ser 2.4 cc, \u00abimpulsor\u00bb que tienen las Toyota Hilux. Otro dato llamativo es que una de las camionetas deb\u00eda ser \u00abtracci\u00f3n 4&#215;4 reducida accionamiento manual\u00bb.<\/p>\n\n\n\n<p>\u00bfUna compra directa enmascarada?<\/p>\n\n\n\n<p>Seg\u00fan reconstruy\u00f3 el\u00a0<em><strong>Post<\/strong><\/em>\u00a0de fuentes extraoficiales de General Alvear, ser\u00eda una\u00a0<strong>licitaci\u00f3n direccionada<\/strong>, o una \u00ab<strong>compra directa encubierta<\/strong>\u00ab, de camionetas usadas propiedad de una empresa petrolera. \u00ab<strong>Hay un empresario de servicios petroleros de Alvear que les vender\u00eda las camionetas usadas a la municipalidad<\/strong>\u00ab, explicaron a este diario. Bajo esta hip\u00f3tesis,<strong>\u00a0el intermediario en cuesti\u00f3n le ofrecer\u00eda determinadas camionetas a la comuna y la comuna armar\u00eda los pliegos licitatorios en base a esos veh\u00edculos<\/strong>: de all\u00ed se explicar\u00eda que haya caracter\u00edsticas tan detalladas entre los requisitos de modelo, motor, kilometraje y equipamiento.<\/p>\n\n\n\n<p>Consultado por el&nbsp;<em><strong>Post<\/strong><\/em>, el intendente&nbsp;<strong>Molero<\/strong>&nbsp;admiti\u00f3<strong>&nbsp;la existencia de un empresario petrolero<\/strong>&nbsp;cercano a la gesti\u00f3n,&nbsp;oriundo de General Alvear, que \u00abnos don\u00f3 una camioneta y&nbsp;<strong>nos cont\u00f3 que en el sur pod\u00edamos conseguir camionetas usadas&nbsp;<\/strong>de empresas&nbsp;<strong>petroleras<\/strong>&nbsp;que las ponen a la venta\u00bb. \u00abEntonces, fuimos a recorrer algunas empresas del sur, de Neuqu\u00e9n, y anotamos algunos modelos\u00bb, continu\u00f3.&nbsp; &nbsp;<\/p>\n\n\n\n<p>Bajo la versi\u00f3n de Molero, en ese recorrido habr\u00edan recabado informaci\u00f3n de las camionetas de las petroleras que ser\u00edan m\u00e1s \u00fatiles para la Secretar\u00eda de Obras y Servicios P\u00fablicos de Alvear y, en base a ello, habr\u00edan armado el pliego de licitaci\u00f3n. \u00abPor ejemplo, pusimos motor 2.4 porque vimos que las que mejor andar\u00edan ser\u00edan las Toyota Hilux\u00bb, indic\u00f3. Pero al ser consultado sobre\u00a0<strong>por qu\u00e9 hab\u00eda otros requisitos tan espec\u00edficos &#8211;<\/strong>incluso diferencias de kilometraje entre los tres veh\u00edculos a comprar, a\u00f1o de fabricaci\u00f3n, artefactos, etc.-\u00a0<strong>dijo desconocer el motivo<\/strong>\u00a0y que se encargar\u00eda de recabar la informaci\u00f3n con el funcionario correspondiente.<\/p>\n\n\n\n<p>La otra versi\u00f3n a la que accedi\u00f3 este diario de manera extraoficial indicaba que<strong>&nbsp;las condiciones del pliego de licitaci\u00f3n eran una especie de \u00abficha t\u00e9cnica\u00bb de tres camionetas<\/strong>&nbsp;que esta&nbsp;<strong>empresa petrolera<\/strong>, propiedad de una familia oriunda de General Alvear, que \u00abya las ten\u00eda vendidas\u00bb a la comuna, algo que -al menos por ahora-&nbsp;<strong>no ocurrir\u00e1.<\/strong><\/p>\n\n\n\n<p>Al respecto, la Municipalidad de General Alvear fue consultada por este diario ayer, lunes 27 de mayo, fecha en la que se llevar\u00eda a cabo la apertura de sobres de esta licitaci\u00f3n at\u00edpica. Hacia el final de la jornada,<strong>&nbsp;informaron que hab\u00eda quedado desierta por falta de oferentes.<\/strong>&nbsp;\u00abEvidentemente ni a este empresario ni al resto de las empresas petroleras les interesa vender sus camionetas al Estado por la burocracia que eso implica\u00bb, fue la respuesta oficial.<\/p>\n\n\n\n<p>La austeridad como argumento de Molero<\/p>\n\n\n\n<p>M\u00e1s all\u00e1 de las sospechas sobre esta at\u00edpica licitaci\u00f3n de veh\u00edculos usados,<strong>\u00a0el jefe comunal justific\u00f3<\/strong>\u00a0este proceso porque \u00abcon la compra de camionetas usadas que las petroleras sacan a remate o venden a un precio menor que el de mercado,\u00a0<strong>la municipalidad conseguir\u00eda este tipo de veh\u00edculos a un 30% o 35% menos que el precio promedio<\/strong>\u00ab.<\/p>\n\n\n\n<p>Sin embargo, autom\u00e1ticamente\u00a0<strong>se eliminar\u00eda la posibilidad de competencia, que es el esp\u00edritu de un proceso de licitaci\u00f3n<\/strong>. Asimismo, al comprar camionetas con decenas de miles de kil\u00f3metros,\u00a0<strong>es incierto el costo de mantenimiento que representar\u00e1n para la comuna<\/strong>, raz\u00f3n por la que ninguna municipalidad licita autos ni camionetas usadas.<\/p>\n\n\n\n<p><em>Fuente: Mendoza Post<\/em><\/p>\n","protected":false},"excerpt":{"rendered":"<p>Entre las miles de licitaciones que se han lanzado este a\u00f1o en diferentes estamentos de la administraci\u00f3n p\u00fablica, particularmente una se destaca del resto: un proceso lanzado por la\u00a0Municipalidad de General Alvear\u00a0para comprar\u00a0tres camionetas\u00a0que, a diferencia de todos los veh\u00edculos que compra el Estado, deb\u00edan ser\u00a0usadas. A partir de esto y de cuestiones espec\u00edficas del<a class=\"read-more\" href=\"https:\/\/elfederalmendoza.com.ar\/index.php\/2024\/05\/28\/sospechan-que-una-licitacion-para-comprar-autos-usados-en-general-alvear-esta-direccionada-para-que-gane-una-petrolera\/\"> [&hellip;]<\/a><\/p>\n","protected":false},"author":2,"featured_media":32987,"comment_status":"open","ping_status":"open","sticky":false,"template":"","format":"standard","meta":{"footnotes":""},"categories":[1],"tags":[],"class_list":["post-32986","post","type-post","status-publish","format-standard","has-post-thumbnail","hentry","category-mza"],"rttpg_featured_image_url":{"full":["https:\/\/elfederalmendoza.com.ar\/wp-content\/uploads\/2024\/05\/66549c2caf7e1_570_388.jpg",570,388,false],"landscape":["https:\/\/elfederalmendoza.com.ar\/wp-content\/uploads\/2024\/05\/66549c2caf7e1_570_388.jpg",570,388,false],"portraits":["https:\/\/elfederalmendoza.com.ar\/wp-content\/uploads\/2024\/05\/66549c2caf7e1_570_388.jpg",570,388,false],"thumbnail":["https:\/\/elfederalmendoza.com.ar\/wp-content\/uploads\/2024\/05\/66549c2caf7e1_570_388-150x150.jpg",150,150,true],"medium":["https:\/\/elfederalmendoza.com.ar\/wp-content\/uploads\/2024\/05\/66549c2caf7e1_570_388-300x204.jpg",300,204,true],"large":["https:\/\/elfederalmendoza.com.ar\/wp-content\/uploads\/2024\/05\/66549c2caf7e1_570_388.jpg",570,388,false],"1536x1536":["https:\/\/elfederalmendoza.com.ar\/wp-content\/uploads\/2024\/05\/66549c2caf7e1_570_388.jpg",570,388,false],"2048x2048":["https:\/\/elfederalmendoza.com.ar\/wp-content\/uploads\/2024\/05\/66549c2caf7e1_570_388.jpg",570,388,false],"ultp_layout_landscape_large":["https:\/\/elfederalmendoza.com.ar\/wp-content\/uploads\/2024\/05\/66549c2caf7e1_570_388.jpg",570,388,false],"ultp_layout_landscape":["https:\/\/elfederalmendoza.com.ar\/wp-content\/uploads\/2024\/05\/66549c2caf7e1_570_388.jpg",570,388,false],"ultp_layout_portrait":["https:\/\/elfederalmendoza.com.ar\/wp-content\/uploads\/2024\/05\/66549c2caf7e1_570_388.jpg",570,388,false],"ultp_layout_square":["https:\/\/elfederalmendoza.com.ar\/wp-content\/uploads\/2024\/05\/66549c2caf7e1_570_388.jpg",570,388,false],"rpwe-thumbnail":["https:\/\/elfederalmendoza.com.ar\/wp-content\/uploads\/2024\/05\/66549c2caf7e1_570_388-45x45.jpg",45,45,true],"advps-thumb-one":["https:\/\/elfederalmendoza.com.ar\/wp-content\/uploads\/2024\/05\/66549c2caf7e1_570_388.jpg",570,388,false]},"rttpg_author":{"display_name":"Redacci\u00f3n El Federal","author_link":"https:\/\/elfederalmendoza.com.ar\/index.php\/author\/angelflores\/"},"rttpg_comment":0,"rttpg_category":"<a href=\"https:\/\/elfederalmendoza.com.ar\/index.php\/category\/mza\/\" rel=\"category tag\">Mendoza<\/a>","rttpg_excerpt":"Entre las miles de licitaciones que se han lanzado este a\u00f1o en diferentes estamentos de la administraci\u00f3n p\u00fablica, particularmente una se destaca del resto: un proceso lanzado por la\u00a0Municipalidad de General Alvear\u00a0para comprar\u00a0tres camionetas\u00a0que, a diferencia de todos los veh\u00edculos que compra el Estado, deb\u00edan ser\u00a0usadas. A partir de esto y de cuestiones espec\u00edficas del&hellip;","_links":{"self":[{"href":"https:\/\/elfederalmendoza.com.ar\/index.php\/wp-json\/wp\/v2\/posts\/32986","targetHints":{"allow":["GET"]}}],"collection":[{"href":"https:\/\/elfederalmendoza.com.ar\/index.php\/wp-json\/wp\/v2\/posts"}],"about":[{"href":"https:\/\/elfederalmendoza.com.ar\/index.php\/wp-json\/wp\/v2\/types\/post"}],"author":[{"embeddable":true,"href":"https:\/\/elfederalmendoza.com.ar\/index.php\/wp-json\/wp\/v2\/users\/2"}],"replies":[{"embeddable":true,"href":"https:\/\/elfederalmendoza.com.ar\/index.php\/wp-json\/wp\/v2\/comments?post=32986"}],"version-history":[{"count":1,"href":"https:\/\/elfederalmendoza.com.ar\/index.php\/wp-json\/wp\/v2\/posts\/32986\/revisions"}],"predecessor-version":[{"id":32988,"href":"https:\/\/elfederalmendoza.com.ar\/index.php\/wp-json\/wp\/v2\/posts\/32986\/revisions\/32988"}],"wp:featuredmedia":[{"embeddable":true,"href":"https:\/\/elfederalmendoza.com.ar\/index.php\/wp-json\/wp\/v2\/media\/32987"}],"wp:attachment":[{"href":"https:\/\/elfederalmendoza.com.ar\/index.php\/wp-json\/wp\/v2\/media?parent=32986"}],"wp:term":[{"taxonomy":"category","embeddable":true,"href":"https:\/\/elfederalmendoza.com.ar\/index.php\/wp-json\/wp\/v2\/categories?post=32986"},{"taxonomy":"post_tag","embeddable":true,"href":"https:\/\/elfederalmendoza.com.ar\/index.php\/wp-json\/wp\/v2\/tags?post=32986"}],"curies":[{"name":"wp","href":"https:\/\/api.w.org\/{rel}","templated":true}]}}