{"id":32990,"date":"2024-05-28T09:18:41","date_gmt":"2024-05-28T12:18:41","guid":{"rendered":"https:\/\/elfederalmendoza.com\/?p=32990"},"modified":"2024-05-28T09:18:42","modified_gmt":"2024-05-28T12:18:42","slug":"modificaran-el-sistema-de-subsidios-y-temen-que-mendoza-pierda-los-beneficios-del-regimen-de-zonas-frias","status":"publish","type":"post","link":"https:\/\/elfederalmendoza.com.ar\/index.php\/2024\/05\/28\/modificaran-el-sistema-de-subsidios-y-temen-que-mendoza-pierda-los-beneficios-del-regimen-de-zonas-frias\/","title":{"rendered":"Modificar\u00e1n el sistema de subsidios y temen que Mendoza pierda los beneficios del r\u00e9gimen de zonas fr\u00edas"},"content":{"rendered":"\n<p>Mendoza podr\u00eda despedirse del<strong>&nbsp;r\u00e9gimen de zonas fr\u00edas<\/strong>, que le permite a sus usuarios acceder a descuentos en la&nbsp;<strong>tarifa<\/strong>&nbsp;de&nbsp;<strong>gas<\/strong>&nbsp;de entre 30 y 50%. El Gobierno nacional, que ya hab\u00eda anticipado intenciones en este sentido, inform\u00f3 este martes que a partir de junio inicia una etapa de varios meses en los que modificar\u00e1 el sistema de&nbsp;<strong>subsidios<\/strong>.<\/p>\n\n\n\n<p>El \u00abperiodo de transici\u00f3n\u00bb, como lo califica el texto oficial, tendr\u00e1 vigencia desde el 1 de junio de 2024 hasta el 30 de noviembre de 2024. Podr\u00e1 ser prorrogado solo una vez por un periodo m\u00e1ximo de seis meses, seg\u00fan el decreto que lleva las firmas del presidente\u00a0Javier Milei\u00a0y del ministro de Econom\u00eda,\u00a0Luis Caputo.<\/p>\n\n\n\n<p>El texto anuncia las intenciones de incentivar las inversiones por parte de las empresas y a que las&nbsp;<strong>tarifas<\/strong>&nbsp;reflejen el costo del suministro. \u00abLas pol\u00edticas de&nbsp;<strong>subsidios<\/strong>&nbsp;se mantuvieron disociadas de la capacidad de pago de los usuarios, resultando en&nbsp;<strong>subsidios<\/strong>&nbsp;generalizados, y no focalizados en quienes realmente lo necesitan\u00bb, se\u00f1ala el texto entre sus considerandos.<\/p>\n\n\n\n<p>El decreto acusa \u00abdeficiencias\u00bb y cita como ejemplo los&nbsp;<strong>subsidios<\/strong>&nbsp;al&nbsp;<strong>gas<\/strong>, en el que coexisten tres reg\u00edmenes que pueden ser recibidos por el mismo usuario: uno, la bonificaci\u00f3n por Tarifa Social (que cobran personas en vulnerabilidad econ\u00f3mica). En segundo lugar, la segmentaci\u00f3n tarifaria en tres niveles de acuerdo al nivel de ingresos, que rige desde 2022. Y tercero, la&nbsp;<strong>Ley de Zonas Fr\u00edas<\/strong>, de las que Mendoza es una de las provincias beneficiarias.<\/p>\n\n\n\n<p>Por estos y otros motivos, el decreto determina reestructurar los&nbsp;<strong>subsidios<\/strong>&nbsp;para \u00abtrasladar a los usuarios los costos reales de la energ\u00eda, promover la eficiencia energ\u00e9tica y asegurar a los usuarios residenciales vulnerables el acceso al consumo indispensable de energ\u00eda el\u00e9ctrica, gas por redes y gas envasado\u00bb.<\/p>\n\n\n\n<p>El texto da facultades a la Secretar\u00eda de Energ\u00eda para establecer nuevos topes de consumo subsidiados y modificar los criterios de segmentaci\u00f3n.<\/p>\n\n\n\n<p>Mendoza no formaba parte de las Zonas Fr\u00edas hasta 2021, cuando fue beneficiada por la ampliaci\u00f3n del r\u00e9gimen. Si se elimina el mismo, los valores que vienen en las facturas podr\u00edan duplicarse.<\/p>\n","protected":false},"excerpt":{"rendered":"<p>Mendoza podr\u00eda despedirse del&nbsp;r\u00e9gimen de zonas fr\u00edas, que le permite a sus usuarios acceder a descuentos en la&nbsp;tarifa&nbsp;de&nbsp;gas&nbsp;de entre 30 y 50%. El Gobierno nacional, que ya hab\u00eda anticipado intenciones en este sentido, inform\u00f3 este martes que a partir de junio inicia una etapa de varios meses en los que modificar\u00e1 el sistema de&nbsp;subsidios. El<a class=\"read-more\" href=\"https:\/\/elfederalmendoza.com.ar\/index.php\/2024\/05\/28\/modificaran-el-sistema-de-subsidios-y-temen-que-mendoza-pierda-los-beneficios-del-regimen-de-zonas-frias\/\"> [&hellip;]<\/a><\/p>\n","protected":false},"author":2,"featured_media":32992,"comment_status":"open","ping_status":"open","sticky":false,"template":"","format":"standard","meta":{"footnotes":""},"categories":[1],"tags":[],"class_list":["post-32990","post","type-post","status-publish","format-standard","has-post-thumbnail","hentry","category-mza"],"rttpg_featured_image_url":{"full":["https:\/\/elfederalmendoza.com.ar\/wp-content\/uploads\/2024\/05\/gas.jpg",675,441,false],"landscape":["https:\/\/elfederalmendoza.com.ar\/wp-content\/uploads\/2024\/05\/gas.jpg",675,441,false],"portraits":["https:\/\/elfederalmendoza.com.ar\/wp-content\/uploads\/2024\/05\/gas.jpg",675,441,false],"thumbnail":["https:\/\/elfederalmendoza.com.ar\/wp-content\/uploads\/2024\/05\/gas-150x150.jpg",150,150,true],"medium":["https:\/\/elfederalmendoza.com.ar\/wp-content\/uploads\/2024\/05\/gas-300x196.jpg",300,196,true],"large":["https:\/\/elfederalmendoza.com.ar\/wp-content\/uploads\/2024\/05\/gas.jpg",640,418,false],"1536x1536":["https:\/\/elfederalmendoza.com.ar\/wp-content\/uploads\/2024\/05\/gas.jpg",675,441,false],"2048x2048":["https:\/\/elfederalmendoza.com.ar\/wp-content\/uploads\/2024\/05\/gas.jpg",675,441,false],"ultp_layout_landscape_large":["https:\/\/elfederalmendoza.com.ar\/wp-content\/uploads\/2024\/05\/gas.jpg",675,441,false],"ultp_layout_landscape":["https:\/\/elfederalmendoza.com.ar\/wp-content\/uploads\/2024\/05\/gas.jpg",675,441,false],"ultp_layout_portrait":["https:\/\/elfederalmendoza.com.ar\/wp-content\/uploads\/2024\/05\/gas-600x441.jpg",600,441,true],"ultp_layout_square":["https:\/\/elfederalmendoza.com.ar\/wp-content\/uploads\/2024\/05\/gas-600x441.jpg",600,441,true],"rpwe-thumbnail":["https:\/\/elfederalmendoza.com.ar\/wp-content\/uploads\/2024\/05\/gas-45x45.jpg",45,45,true],"advps-thumb-one":["https:\/\/elfederalmendoza.com.ar\/wp-content\/uploads\/2024\/05\/gas-675x420.jpg",675,420,true]},"rttpg_author":{"display_name":"Redacci\u00f3n El Federal","author_link":"https:\/\/elfederalmendoza.com.ar\/index.php\/author\/angelflores\/"},"rttpg_comment":0,"rttpg_category":"<a href=\"https:\/\/elfederalmendoza.com.ar\/index.php\/category\/mza\/\" rel=\"category tag\">Mendoza<\/a>","rttpg_excerpt":"Mendoza podr\u00eda despedirse del&nbsp;r\u00e9gimen de zonas fr\u00edas, que le permite a sus usuarios acceder a descuentos en la&nbsp;tarifa&nbsp;de&nbsp;gas&nbsp;de entre 30 y 50%. El Gobierno nacional, que ya hab\u00eda anticipado intenciones en este sentido, inform\u00f3 este martes que a partir de junio inicia una etapa de varios meses en los que modificar\u00e1 el sistema de&nbsp;subsidios. El&hellip;","_links":{"self":[{"href":"https:\/\/elfederalmendoza.com.ar\/index.php\/wp-json\/wp\/v2\/posts\/32990","targetHints":{"allow":["GET"]}}],"collection":[{"href":"https:\/\/elfederalmendoza.com.ar\/index.php\/wp-json\/wp\/v2\/posts"}],"about":[{"href":"https:\/\/elfederalmendoza.com.ar\/index.php\/wp-json\/wp\/v2\/types\/post"}],"author":[{"embeddable":true,"href":"https:\/\/elfederalmendoza.com.ar\/index.php\/wp-json\/wp\/v2\/users\/2"}],"replies":[{"embeddable":true,"href":"https:\/\/elfederalmendoza.com.ar\/index.php\/wp-json\/wp\/v2\/comments?post=32990"}],"version-history":[{"count":1,"href":"https:\/\/elfederalmendoza.com.ar\/index.php\/wp-json\/wp\/v2\/posts\/32990\/revisions"}],"predecessor-version":[{"id":32993,"href":"https:\/\/elfederalmendoza.com.ar\/index.php\/wp-json\/wp\/v2\/posts\/32990\/revisions\/32993"}],"wp:featuredmedia":[{"embeddable":true,"href":"https:\/\/elfederalmendoza.com.ar\/index.php\/wp-json\/wp\/v2\/media\/32992"}],"wp:attachment":[{"href":"https:\/\/elfederalmendoza.com.ar\/index.php\/wp-json\/wp\/v2\/media?parent=32990"}],"wp:term":[{"taxonomy":"category","embeddable":true,"href":"https:\/\/elfederalmendoza.com.ar\/index.php\/wp-json\/wp\/v2\/categories?post=32990"},{"taxonomy":"post_tag","embeddable":true,"href":"https:\/\/elfederalmendoza.com.ar\/index.php\/wp-json\/wp\/v2\/tags?post=32990"}],"curies":[{"name":"wp","href":"https:\/\/api.w.org\/{rel}","templated":true}]}}