{"id":32995,"date":"2024-05-28T05:38:00","date_gmt":"2024-05-28T08:38:00","guid":{"rendered":"https:\/\/elfederalmendoza.com\/?p=32995"},"modified":"2024-05-28T10:56:48","modified_gmt":"2024-05-28T13:56:48","slug":"video-la-patada-que-le-dio-furia-al-perro-de-gran-hermano-y-que-el-canal-no-difundio","status":"publish","type":"post","link":"https:\/\/elfederalmendoza.com.ar\/index.php\/2024\/05\/28\/video-la-patada-que-le-dio-furia-al-perro-de-gran-hermano-y-que-el-canal-no-difundio\/","title":{"rendered":"-VIDEO- La patada que le dio \u00abFuria\u00bb al perro de Gran Hermano y que el canal no difundi\u00f3"},"content":{"rendered":"\n<p>En el clip se puede ver c\u00f3mo Juliana le da una patada al animal para sac\u00e1rselo de encima. Las medidas que eval\u00faa tomar el hogar de tr\u00e1nsito que lo dio en adopci\u00f3n y la opini\u00f3n de Cande Tinelli.<\/p>\n\n\n\n<p>Desde que el perro\u00a0<em><strong>Arturo<\/strong><\/em>\u00a0entr\u00f3 a la casa de\u00a0<em>Gran Hermano<\/em>\u00a0se sucedieron muchos hechos con respecto al trato que los participantes le dan al animal que gener\u00f3 opiniones cruzadas entre sus seguidores. Hace un tiempo,\u00a0<strong>Juliana\u00a0<\/strong><em><strong>Furia<\/strong><\/em><strong>\u00a0Scaglione<\/strong>\u00a0estuvo en el foco de atenci\u00f3n cuando le grit\u00f3 al perro que se baje de la cama y deje de ladrar. Esa situaci\u00f3n despert\u00f3 las cr\u00edticas de los fan\u00e1ticos del reality quienes no vieron con buenos ojos estas actitudes hacia el can, rescatado justamente por maltrato.<\/p>\n\n\n\n<blockquote class=\"twitter-tweet\" data-media-max-width=\"560\"><p lang=\"es\" dir=\"ltr\">\ud83d\udea8Maltrato Animal en GH: Participante PATEA al perro de la casa llamado &quot;Arturito&quot;<br><br>\u27a1\ufe0f&quot;Furia&quot; pate\u00f3 al perro durante el transcurso de un concurso en Gran Hermano 2024. <a href=\"https:\/\/t.co\/iggnc12MVm\">pic.twitter.com\/iggnc12MVm<\/a><\/p>&mdash; Tv P\u00fablica Libertaria (@Tv_Libertaria) <a href=\"https:\/\/twitter.com\/Tv_Libertaria\/status\/1795206501226750171?ref_src=twsrc%5Etfw\">May 27, 2024<\/a><\/blockquote> <script async src=\"https:\/\/platform.twitter.com\/widgets.js\" charset=\"utf-8\"><\/script>\n\n\n\n<p><a href=\"https:\/\/www.infobae.com\/teleshow\/2024\/05\/28\/virginia-exploto-contra-furia-y-defendio-a-su-hija-en-gran-hermano-el-brutal-enfrentamiento\/\" target=\"_blank\" rel=\"noreferrer noopener\"><\/a><\/p>\n\n\n\n<p>Cabe recordar que el objetivo del programa fue ingresar al animal para que interact\u00fae con los integrantes y, de ese modo, dispensarle el cari\u00f1o que necesita para su vida. Sin embargo, las peleas y discusiones adentro de la casa m\u00e1s famosa del pa\u00eds\u00a0no ser\u00edan el ambiente propicio para la personalidad del cachorro, que ya ten\u00eda una caracter\u00edstica de ansiedad producto de hechos violentos que hab\u00eda sufrido en el pasado, antes de ser rescatado.<\/p>\n\n\n\n<p>As\u00ed las cosas, hace unos d\u00edas, el propio refugio que lo alberg\u00f3 y lo dio en adopci\u00f3n emiti\u00f3 un comunicado para exigirle a la producci\u00f3n del programa de Telefe que restituya al animal. Pero esto no sucedi\u00f3 y adem\u00e1s, volvieron a ocurrir situaciones similares adentro del certamen.<a href=\"https:\/\/www.infobae.com\/deportes\/2024\/05\/27\/esta-loco-el-video-de-charles-leclerc-despues-de-ganar-el-gp-de-monaco-de-formula-1-que-sorprendio-a-los-fanaticos\/\" target=\"_blank\" rel=\"noreferrer noopener\"><\/a><\/p>\n\n\n\n<p><img loading=\"lazy\" decoding=\"async\" alt=\"Furia volvi\u00f3 a enojarse con Arturo y le dio una patada (Gran Hermano, Telefe)\" height=\"1080\" width=\"1920\" class=\"\" src=\"https:\/\/www.infobae.com\/new-resizer\/RcCVLMJTw6k30ffccSG5uxjuJbI=\/420x236\/filters:format(webp):quality(85)\/cloudfront-us-east-1.images.arcpublishing.com\/infobae\/VSRNOCLWXFGKTKVMSCCJ3BTAOU.jpg%20420w\" srcset=\"https:\/\/www.infobae.com\/new-resizer\/RcCVLMJTw6k30ffccSG5uxjuJbI=\/420x236\/filters:format(webp):quality(85)\/cloudfront-us-east-1.images.arcpublishing.com\/infobae\/VSRNOCLWXFGKTKVMSCCJ3BTAOU.jpg 420w,https:\/\/www.infobae.com\/new-resizer\/38AJDMoFF6Tdj01BIYE8twnVWOI=\/768x432\/filters:format(webp):quality(85)\/cloudfront-us-east-1.images.arcpublishing.com\/infobae\/VSRNOCLWXFGKTKVMSCCJ3BTAOU.jpg 768w,https:\/\/www.infobae.com\/new-resizer\/lsXbSPrk323xSH2XyJTmOYislko=\/992x558\/filters:format(webp):quality(85)\/cloudfront-us-east-1.images.arcpublishing.com\/infobae\/VSRNOCLWXFGKTKVMSCCJ3BTAOU.jpg 992w,https:\/\/www.infobae.com\/new-resizer\/NBQdAbFS6c8VNmTwxgHNeK5wd0I=\/1200x675\/filters:format(webp):quality(85)\/cloudfront-us-east-1.images.arcpublishing.com\/infobae\/VSRNOCLWXFGKTKVMSCCJ3BTAOU.jpg 1200w,https:\/\/www.infobae.com\/new-resizer\/6THLYEsiwCNywT-N8Ho3l2r_Ydc=\/1440x810\/filters:format(webp):quality(85)\/cloudfront-us-east-1.images.arcpublishing.com\/infobae\/VSRNOCLWXFGKTKVMSCCJ3BTAOU.jpg 1440w\">Furia volvi\u00f3 a enojarse con Arturo y le dio una patada (Gran Hermano, Telefe)<\/p>\n\n\n\n<p>Este lunes por la tarde, se viraliz\u00f3 un video en el que se pudo ver a Furia corriendo por el pasillo de la casa y a Arturo persigui\u00e9ndola. Ella, en un intento de alejar al animal de su lado, le da una patada con la rodilla y luego con la punta del pie. En ese momento, el perro se agacha y se corre. El clip termina en ese segundo y no se pudo observar c\u00f3mo continu\u00f3 la acci\u00f3n. Pero estas im\u00e1genes valieron para que se viralicen en las redes sociales. De inmediato, muchos usuarios de Twitter hicieron tendencia el hashtag \u201cexpulsi\u00f3n\u201d en el que pidieron que saquen a la doble de riesgo de la competencia.<\/p>\n\n\n\n<h2 class=\"wp-block-heading\">Qu\u00e9 dijeron los proteccionistas de animales del caso de Arturo y Cande Tinelli<\/h2>\n\n\n\n<p>Luego que se viralizaron las im\u00e1genes en las que Furia le pega una patada a Arturo en la cabeza adentro de la casa de Gran Hermano<strong>, Teleshow\u00a0<\/strong>se comunic\u00f3 con varias protectoras de animales para que den su opini\u00f3n al respecto. En el caso de\u00a0<strong>Huellitas Perdidas<\/strong>, que se trata del hogar de tr\u00e1nsito de muchos perros y gatos rescatados, y precisamente el que dio en adopci\u00f3n al cachorro al reality de Telefe, su palabra fue contundente. \u201cEstamos al tanto del tema y estamos haciendo todo lo posible para obtener la restituci\u00f3n de Arturo.<strong>\u00a0No s\u00e9 que est\u00e1n esperando que pase para sacarlo de una vez por todas<\/strong>\u201d, comenz\u00f3 diciendo Julieta, la portavoz de la instituci\u00f3n. \u201cEl perro en varias ocasiones demuestra con sus acciones que est\u00e1 sufriendo estr\u00e9s, y no les importa nada\u201d, dispar\u00f3. Finalmente, antes de concluir dijo que: \u201cVamos a esperar a ver si responden o en caso contrario armaremos una convocatoria en la puerta de la casa o Telefe\u201d.<a href=\"https:\/\/www.infobae.com\/teleshow\/2024\/05\/28\/la-drastica-decision-que-tomo-tini-stoessel-con-rodrigo-de-paul-y-que-le-pondria-fin-al-vinculo\/\" target=\"_blank\" rel=\"noreferrer noopener\"><\/a><\/p>\n\n\n\n<p><img loading=\"lazy\" decoding=\"async\" alt=\"El mensaje del hogar de tr\u00e1nsito de animales Huellitas Perdidas, los que dieron en adopci\u00f3n al perro Arturo de Gran Hermano, lanzaron una convocatoria para sumarse a su acci\u00f3n solidaria (Instagram)\" height=\"590\" width=\"920\" class=\"\" src=\"https:\/\/www.infobae.com\/new-resizer\/9S17i6TfdG_degfAG_PJpn7QZ1U=\/992x614\/filters:format(webp):quality(85)\/cloudfront-us-east-1.images.arcpublishing.com\/infobae\/6EDXTGRXNVGOHGRXBWM3NQN4YM.jpg%20992w\" srcset=\"https:\/\/www.infobae.com\/new-resizer\/9S17i6TfdG_degfAG_PJpn7QZ1U=\/992x614\/filters:format(webp):quality(85)\/cloudfront-us-east-1.images.arcpublishing.com\/infobae\/6EDXTGRXNVGOHGRXBWM3NQN4YM.jpg 992w\">El mensaje del hogar de tr\u00e1nsito de animales Huellitas Perdidas, los que dieron en adopci\u00f3n al perro Arturo de Gran Hermano, lanzaron una convocatoria para sumarse a su acci\u00f3n solidaria (Instagram)<\/p>\n\n\n\n<p>Por su parte,<strong>&nbsp;Ren\u00e9e Cormillot&nbsp;<\/strong>&#8211; hija de<strong>&nbsp;Alberto Cormillot-<\/strong>&nbsp;quien tambi\u00e9n es proteccionista de animales, dio su palabra a&nbsp;<strong>Teleshow.<\/strong>&nbsp;\u201cQue el perro est\u00e9 adentro de la casa es terrible, quisieron dar un mensaje sobre adoptar perros, pero es un mensaje equivocado. Est\u00e1 bueno que la gente adopte, pero se busca que sean casas estables, pero esto es una casa en donde entra y sale gente, otro d\u00eda corren, otro d\u00eda le pegan, otro d\u00eda le hacen mimos. Hay videos donde le pegan patadas, hay actitudes del perro donde tira a morder y en vez de corregirlo, lo potencian. No lo est\u00e1n educando para nada, es un perro que no se sabe d\u00f3nde va a ir a parar despu\u00e9s. Esto es un encierro, aparentemente dicen que tiene paseador, que lo sacan, elegimos creer. Al proteccionismo nos parece mal el mensaje que se est\u00e1 dando.&nbsp;<strong>La realidad es que es una barbaridad que ese perro est\u00e9 ah\u00ed adentro, es un maltrato para el perro,&nbsp;<\/strong>no es solo darle comida, agua y paseos, es un mont\u00f3n de cosas m\u00e1s. Y no se lo est\u00e1n dando. El perro sigue ah\u00ed adentro, sufriendo lo que se ve en los videos y creemos que est\u00e1 mal\u201d, concluy\u00f3 la proteccionista.<\/p>\n\n\n\n<p>Un rato despu\u00e9s, sobre un posteo de Huellitas Perdidas en donde menciona este hecho ocurrido con Arturo en el que pide para que lo saquen del programa, la que sali\u00f3 a opinar fue&nbsp;<strong>Cande Tinelli. \u201c\u00bfEs joda que todav\u00eda sigue ah\u00ed?\u201d<\/strong>, pregunt\u00f3 enojada la hija de Marcelo Tinelli.<\/p>\n\n\n\n<p><img loading=\"lazy\" decoding=\"async\" height=\"729\" width=\"558\" srcset=\"https:\/\/www.infobae.com\/new-resizer\/7PCfacN3SV9t5N4M0i66J967MW8=\/420x560\/filters:format(webp):quality(85)\/cloudfront-us-east-1.images.arcpublishing.com\/infobae\/UVEW7C7MXRC7DM3CWMTQ26NWQU.jpg 420w,https:\/\/www.infobae.com\/new-resizer\/jIZ59aChQlWkRhfSI5JMK0Gucrw=\/768x1024\/filters:format(webp):quality(85)\/cloudfront-us-east-1.images.arcpublishing.com\/infobae\/UVEW7C7MXRC7DM3CWMTQ26NWQU.jpg 768w,https:\/\/www.infobae.com\/new-resizer\/yc_BFEuQs0lFZzT0N1ZziGWA3ww=\/992x1323\/filters:format(webp):quality(85)\/cloudfront-us-east-1.images.arcpublishing.com\/infobae\/UVEW7C7MXRC7DM3CWMTQ26NWQU.jpg 992w,https:\/\/www.infobae.com\/new-resizer\/UyPBDK2OCpDRAzhEP4H5NNTb69Q=\/1200x1600\/filters:format(webp):quality(85)\/cloudfront-us-east-1.images.arcpublishing.com\/infobae\/UVEW7C7MXRC7DM3CWMTQ26NWQU.jpg 1200w\" class=\"\" src=\"https:\/\/www.infobae.com\/new-resizer\/7PCfacN3SV9t5N4M0i66J967MW8=\/420x560\/filters:format(webp):quality(85)\/cloudfront-us-east-1.images.arcpublishing.com\/infobae\/UVEW7C7MXRC7DM3CWMTQ26NWQU.jpg%20420w\" alt=\"Cande Tinelli opin\u00f3 sobre la permanencia de Arturo en la casa de Gran Hermano (Instagram)\"><\/p>\n\n\n\n<p>Cande Tinelli opin\u00f3 sobre la permanencia de Arturo en la casa de Gran Hermano (Instagram)<\/p>\n","protected":false},"excerpt":{"rendered":"<p>En el clip se puede ver c\u00f3mo Juliana le da una patada al animal para sac\u00e1rselo de encima. Las medidas que eval\u00faa tomar el hogar de tr\u00e1nsito que lo dio en adopci\u00f3n y la opini\u00f3n de Cande Tinelli. Desde que el perro\u00a0Arturo\u00a0entr\u00f3 a la casa de\u00a0Gran Hermano\u00a0se sucedieron muchos hechos con respecto al trato que<a class=\"read-more\" href=\"https:\/\/elfederalmendoza.com.ar\/index.php\/2024\/05\/28\/video-la-patada-que-le-dio-furia-al-perro-de-gran-hermano-y-que-el-canal-no-difundio\/\"> [&hellip;]<\/a><\/p>\n","protected":false},"author":2,"featured_media":32996,"comment_status":"open","ping_status":"open","sticky":false,"template":"","format":"standard","meta":{"footnotes":""},"categories":[5618],"tags":[],"class_list":["post-32995","post","type-post","status-publish","format-standard","has-post-thumbnail","hentry","category-arg"],"rttpg_featured_image_url":{"full":["https:\/\/elfederalmendoza.com.ar\/wp-content\/uploads\/2024\/05\/ARTURO.jpg",1385,857,false],"landscape":["https:\/\/elfederalmendoza.com.ar\/wp-content\/uploads\/2024\/05\/ARTURO.jpg",1385,857,false],"portraits":["https:\/\/elfederalmendoza.com.ar\/wp-content\/uploads\/2024\/05\/ARTURO.jpg",1385,857,false],"thumbnail":["https:\/\/elfederalmendoza.com.ar\/wp-content\/uploads\/2024\/05\/ARTURO-150x150.jpg",150,150,true],"medium":["https:\/\/elfederalmendoza.com.ar\/wp-content\/uploads\/2024\/05\/ARTURO-300x186.jpg",300,186,true],"large":["https:\/\/elfederalmendoza.com.ar\/wp-content\/uploads\/2024\/05\/ARTURO-1024x634.jpg",640,396,true],"1536x1536":["https:\/\/elfederalmendoza.com.ar\/wp-content\/uploads\/2024\/05\/ARTURO.jpg",1385,857,false],"2048x2048":["https:\/\/elfederalmendoza.com.ar\/wp-content\/uploads\/2024\/05\/ARTURO.jpg",1385,857,false],"ultp_layout_landscape_large":["https:\/\/elfederalmendoza.com.ar\/wp-content\/uploads\/2024\/05\/ARTURO-1200x800.jpg",1200,800,true],"ultp_layout_landscape":["https:\/\/elfederalmendoza.com.ar\/wp-content\/uploads\/2024\/05\/ARTURO-870x570.jpg",870,570,true],"ultp_layout_portrait":["https:\/\/elfederalmendoza.com.ar\/wp-content\/uploads\/2024\/05\/ARTURO-600x857.jpg",600,857,true],"ultp_layout_square":["https:\/\/elfederalmendoza.com.ar\/wp-content\/uploads\/2024\/05\/ARTURO-600x600.jpg",600,600,true],"rpwe-thumbnail":["https:\/\/elfederalmendoza.com.ar\/wp-content\/uploads\/2024\/05\/ARTURO-45x45.jpg",45,45,true],"advps-thumb-one":["https:\/\/elfederalmendoza.com.ar\/wp-content\/uploads\/2024\/05\/ARTURO-1200x420.jpg",1200,420,true]},"rttpg_author":{"display_name":"Redacci\u00f3n El Federal","author_link":"https:\/\/elfederalmendoza.com.ar\/index.php\/author\/angelflores\/"},"rttpg_comment":0,"rttpg_category":"<a href=\"https:\/\/elfederalmendoza.com.ar\/index.php\/category\/arg\/\" rel=\"category tag\">Argentina<\/a>","rttpg_excerpt":"En el clip se puede ver c\u00f3mo Juliana le da una patada al animal para sac\u00e1rselo de encima. Las medidas que eval\u00faa tomar el hogar de tr\u00e1nsito que lo dio en adopci\u00f3n y la opini\u00f3n de Cande Tinelli. Desde que el perro\u00a0Arturo\u00a0entr\u00f3 a la casa de\u00a0Gran Hermano\u00a0se sucedieron muchos hechos con respecto al trato que&hellip;","_links":{"self":[{"href":"https:\/\/elfederalmendoza.com.ar\/index.php\/wp-json\/wp\/v2\/posts\/32995","targetHints":{"allow":["GET"]}}],"collection":[{"href":"https:\/\/elfederalmendoza.com.ar\/index.php\/wp-json\/wp\/v2\/posts"}],"about":[{"href":"https:\/\/elfederalmendoza.com.ar\/index.php\/wp-json\/wp\/v2\/types\/post"}],"author":[{"embeddable":true,"href":"https:\/\/elfederalmendoza.com.ar\/index.php\/wp-json\/wp\/v2\/users\/2"}],"replies":[{"embeddable":true,"href":"https:\/\/elfederalmendoza.com.ar\/index.php\/wp-json\/wp\/v2\/comments?post=32995"}],"version-history":[{"count":1,"href":"https:\/\/elfederalmendoza.com.ar\/index.php\/wp-json\/wp\/v2\/posts\/32995\/revisions"}],"predecessor-version":[{"id":32997,"href":"https:\/\/elfederalmendoza.com.ar\/index.php\/wp-json\/wp\/v2\/posts\/32995\/revisions\/32997"}],"wp:featuredmedia":[{"embeddable":true,"href":"https:\/\/elfederalmendoza.com.ar\/index.php\/wp-json\/wp\/v2\/media\/32996"}],"wp:attachment":[{"href":"https:\/\/elfederalmendoza.com.ar\/index.php\/wp-json\/wp\/v2\/media?parent=32995"}],"wp:term":[{"taxonomy":"category","embeddable":true,"href":"https:\/\/elfederalmendoza.com.ar\/index.php\/wp-json\/wp\/v2\/categories?post=32995"},{"taxonomy":"post_tag","embeddable":true,"href":"https:\/\/elfederalmendoza.com.ar\/index.php\/wp-json\/wp\/v2\/tags?post=32995"}],"curies":[{"name":"wp","href":"https:\/\/api.w.org\/{rel}","templated":true}]}}