{"id":32999,"date":"2024-05-29T09:09:31","date_gmt":"2024-05-29T12:09:31","guid":{"rendered":"https:\/\/elfederalmendoza.com\/?p=32999"},"modified":"2024-05-29T09:09:33","modified_gmt":"2024-05-29T12:09:33","slug":"el-patito-en-la-cabeza-llego-a-la-honorable-camara-de-diputados-de-la-nacion-quien-es-la-diputada-libertaria-que-lo-uso","status":"publish","type":"post","link":"https:\/\/elfederalmendoza.com.ar\/index.php\/2024\/05\/29\/el-patito-en-la-cabeza-llego-a-la-honorable-camara-de-diputados-de-la-nacion-quien-es-la-diputada-libertaria-que-lo-uso\/","title":{"rendered":"El \u00abpatito en la cabeza\u00bb lleg\u00f3 a la Honorable C\u00e1mara de Diputados de la Naci\u00f3n: \u00bfQui\u00e9n es la diputada libertaria que lo us\u00f3?"},"content":{"rendered":"\n<p>La diputada nacional por Mendoza,\u00a0<strong>Lourdes Arrieta<\/strong>, esta semana no solamente fue protagonista por quedarse con el sello de La Libertad Avanza Mendoza, sino que tambi\u00e9n llev\u00f3 a una importante sesi\u00f3n en la C\u00e1mara Baja un patito en su cabeza.<\/p>\n\n\n\n<p>Fue este martes cuando la libertaria decidi\u00f3 sumarse a la moda viral que por estos d\u00edas convoca a los j\u00f3venes: utilizar un&nbsp;<strong>patito amarillo<\/strong>&nbsp;en la cabellera. La cuesti\u00f3n que llam\u00f3 la atenci\u00f3n es que lo hizo en una sesi\u00f3n en comisiones de la&nbsp;<strong>Honorable C\u00e1mara de Diputados de la Naci\u00f3n Argentina<\/strong>.<\/p>\n\n\n\n<p>All\u00ed, los legisladores se reunieron este martes para discutir en las comisiones de Legislaci\u00f3n Penal y Seguridad Interior la\u00a0<strong>creaci\u00f3n del Registro Nacional de Datos Gen\u00e9ticos vinculados a delitos contra la integridad sexual<\/strong>.<\/p>\n\n\n\n<blockquote class=\"twitter-tweet\"><p lang=\"es\" dir=\"ltr\">Incre\u00edble que una diputada vaya al Congreso con el patito en la cabeza&#8230; Bueno, no es lo peor que hizo Lourdes Arrieta de todos modos <a href=\"https:\/\/t.co\/K4gjkcefVU\">pic.twitter.com\/K4gjkcefVU<\/a><\/p>&mdash; Nicol\u00e1s Sanz (@sanz356) <a href=\"https:\/\/twitter.com\/sanz356\/status\/1795773496397906390?ref_src=twsrc%5Etfw\">May 29, 2024<\/a><\/blockquote> <script async src=\"https:\/\/platform.twitter.com\/widgets.js\" charset=\"utf-8\"><\/script>\n\n\n\n<h2 class=\"wp-block-heading\">Qu\u00e9 significa llevar un patito amarillo en la cabeza<\/h2>\n\n\n\n<p>Si bien el origen de la&nbsp;<strong>tendencia<\/strong>&nbsp;del&nbsp;<strong>patito amarillo en la cabeza<\/strong>&nbsp;es desconocido (se cree que proviene del anim\u00e9 japon\u00e9s, de Fillipinas o de China), lo cierto es que se populariz\u00f3 r\u00e1pidamente por todo el mundo.<\/p>\n\n\n\n<ul class=\"wp-block-list\">\n<li>El color amarillo del patito se asocia con la felicidad, la alegr\u00eda y la energ\u00eda positiva<\/li>\n\n\n\n<li>El significado de esta\u00a0<strong>tendencia<\/strong>\u00a0es multifac\u00e9tico: el color amarillo del patito se asocia con la felicidad y el optimismo, por lo que tenerlo en la cabeza es una analog\u00eda de llevar un rayo de sol, irradiando alegr\u00eda a quien lo lleva y a su entorno<\/li>\n\n\n\n<li>En algunas culturas, los patitos tambi\u00e9n simbolizan la buena suerte, por lo que se cree que llevar uno en la cabeza puede atraerla<\/li>\n\n\n\n<li>La\u00a0<strong>tendencia<\/strong>\u00a0kawaii, originaria de Jap\u00f3n, se caracteriza por su ternura e inocencia. Por eso los patitos amarillos son un \u00edcono de esta est\u00e9tica, y tenerlos en la cabeza es una forma de expresar este gusto<\/li>\n<\/ul>\n\n\n\n<figure class=\"wp-block-image size-large\"><img loading=\"lazy\" decoding=\"async\" width=\"1024\" height=\"610\" src=\"https:\/\/elfederalmendoza.com\/wp-content\/uploads\/2024\/05\/patito-1024x610.jpg\" alt=\"\" class=\"wp-image-33001\" srcset=\"https:\/\/elfederalmendoza.com.ar\/wp-content\/uploads\/2024\/05\/patito-1024x610.jpg 1024w, https:\/\/elfederalmendoza.com.ar\/wp-content\/uploads\/2024\/05\/patito-300x179.jpg 300w, https:\/\/elfederalmendoza.com.ar\/wp-content\/uploads\/2024\/05\/patito-768x458.jpg 768w, https:\/\/elfederalmendoza.com.ar\/wp-content\/uploads\/2024\/05\/patito.jpg 1143w\" sizes=\"auto, (max-width: 1024px) 100vw, 1024px\" \/><\/figure>\n\n\n\n<h2 class=\"wp-block-heading\">Tener un patito amarillo en la cabeza: un s\u00edmbolo de alegr\u00eda y positividad<\/h2>\n\n\n\n<p>M\u00e1s all\u00e1 de la&nbsp;<strong>tendencia<\/strong>&nbsp;viral de moda y su significado simb\u00f3lico,&nbsp;<strong>tener un patito en la cabeza<\/strong>&nbsp;es una forma divertida y creativa de mostrar tu personalidad y estilo \u00fanico.<\/p>\n\n\n\n<ul class=\"wp-block-list\">\n<li>La creatividad es el l\u00edmite de esta\u00a0<strong>tendencia<\/strong>\u00a0a la hora de usar el patito amarillo en la cabeza<\/li>\n\n\n\n<li>Se puede llevar simplemente colocado sobre el cabello, sujetarlo con una vincha, o incluso crear un peinado especial alrededor del patito<\/li>\n\n\n\n<li>Para los m\u00e1s entusiastas, hay diversos accesorios para complementar el patito, como pinzas para el cabello, bandanas o incluso collares<\/li>\n\n\n\n<li>Los patitos amarillos se pueden encontrar en tiendas de souvenirs, atracciones tur\u00edsticas o incluso en tiendas online<\/li>\n\n\n\n<li>En el Barrio Chino de Buenos Aires, Argentina, pueden conseguirse en la venta ambulante a un precio de $1.500 (alrededor de U$S1,40)<\/li>\n<\/ul>\n\n\n\n<p>El\u00a0<strong>patito amarillo en la cabeza<\/strong>\u00a0parece ser m\u00e1s que una simple\u00a0<strong>tendencia<\/strong>\u00a0pasajera: es una expresi\u00f3n de estilo, alegr\u00eda y diversi\u00f3n que conquist\u00f3 las redes sociales y que sigue ganando adeptos en todo el mundo.<\/p>\n\n\n\n<figure class=\"wp-block-image size-full is-resized\"><img loading=\"lazy\" decoding=\"async\" width=\"529\" height=\"461\" src=\"https:\/\/elfederalmendoza.com\/wp-content\/uploads\/2024\/05\/patito1.jpg\" alt=\"\" class=\"wp-image-33002\" style=\"width:840px;height:auto\" srcset=\"https:\/\/elfederalmendoza.com.ar\/wp-content\/uploads\/2024\/05\/patito1.jpg 529w, https:\/\/elfederalmendoza.com.ar\/wp-content\/uploads\/2024\/05\/patito1-300x261.jpg 300w\" sizes=\"auto, (max-width: 529px) 100vw, 529px\" \/><\/figure>\n","protected":false},"excerpt":{"rendered":"<p>La diputada nacional por Mendoza,\u00a0Lourdes Arrieta, esta semana no solamente fue protagonista por quedarse con el sello de La Libertad Avanza Mendoza, sino que tambi\u00e9n llev\u00f3 a una importante sesi\u00f3n en la C\u00e1mara Baja un patito en su cabeza. Fue este martes cuando la libertaria decidi\u00f3 sumarse a la moda viral que por estos d\u00edas<a class=\"read-more\" href=\"https:\/\/elfederalmendoza.com.ar\/index.php\/2024\/05\/29\/el-patito-en-la-cabeza-llego-a-la-honorable-camara-de-diputados-de-la-nacion-quien-es-la-diputada-libertaria-que-lo-uso\/\"> [&hellip;]<\/a><\/p>\n","protected":false},"author":2,"featured_media":33003,"comment_status":"open","ping_status":"open","sticky":false,"template":"","format":"standard","meta":{"footnotes":""},"categories":[5618],"tags":[],"class_list":["post-32999","post","type-post","status-publish","format-standard","has-post-thumbnail","hentry","category-arg"],"rttpg_featured_image_url":{"full":["https:\/\/elfederalmendoza.com.ar\/wp-content\/uploads\/2024\/05\/patito2.jpg",1030,640,false],"landscape":["https:\/\/elfederalmendoza.com.ar\/wp-content\/uploads\/2024\/05\/patito2.jpg",1030,640,false],"portraits":["https:\/\/elfederalmendoza.com.ar\/wp-content\/uploads\/2024\/05\/patito2.jpg",1030,640,false],"thumbnail":["https:\/\/elfederalmendoza.com.ar\/wp-content\/uploads\/2024\/05\/patito2-150x150.jpg",150,150,true],"medium":["https:\/\/elfederalmendoza.com.ar\/wp-content\/uploads\/2024\/05\/patito2-300x186.jpg",300,186,true],"large":["https:\/\/elfederalmendoza.com.ar\/wp-content\/uploads\/2024\/05\/patito2-1024x636.jpg",640,398,true],"1536x1536":["https:\/\/elfederalmendoza.com.ar\/wp-content\/uploads\/2024\/05\/patito2.jpg",1030,640,false],"2048x2048":["https:\/\/elfederalmendoza.com.ar\/wp-content\/uploads\/2024\/05\/patito2.jpg",1030,640,false],"ultp_layout_landscape_large":["https:\/\/elfederalmendoza.com.ar\/wp-content\/uploads\/2024\/05\/patito2.jpg",1030,640,false],"ultp_layout_landscape":["https:\/\/elfederalmendoza.com.ar\/wp-content\/uploads\/2024\/05\/patito2-870x570.jpg",870,570,true],"ultp_layout_portrait":["https:\/\/elfederalmendoza.com.ar\/wp-content\/uploads\/2024\/05\/patito2-600x640.jpg",600,640,true],"ultp_layout_square":["https:\/\/elfederalmendoza.com.ar\/wp-content\/uploads\/2024\/05\/patito2-600x600.jpg",600,600,true],"rpwe-thumbnail":["https:\/\/elfederalmendoza.com.ar\/wp-content\/uploads\/2024\/05\/patito2-45x45.jpg",45,45,true],"advps-thumb-one":["https:\/\/elfederalmendoza.com.ar\/wp-content\/uploads\/2024\/05\/patito2-1030x420.jpg",1030,420,true]},"rttpg_author":{"display_name":"Redacci\u00f3n El Federal","author_link":"https:\/\/elfederalmendoza.com.ar\/index.php\/author\/angelflores\/"},"rttpg_comment":0,"rttpg_category":"<a href=\"https:\/\/elfederalmendoza.com.ar\/index.php\/category\/arg\/\" rel=\"category tag\">Argentina<\/a>","rttpg_excerpt":"La diputada nacional por Mendoza,\u00a0Lourdes Arrieta, esta semana no solamente fue protagonista por quedarse con el sello de La Libertad Avanza Mendoza, sino que tambi\u00e9n llev\u00f3 a una importante sesi\u00f3n en la C\u00e1mara Baja un patito en su cabeza. Fue este martes cuando la libertaria decidi\u00f3 sumarse a la moda viral que por estos d\u00edas&hellip;","_links":{"self":[{"href":"https:\/\/elfederalmendoza.com.ar\/index.php\/wp-json\/wp\/v2\/posts\/32999","targetHints":{"allow":["GET"]}}],"collection":[{"href":"https:\/\/elfederalmendoza.com.ar\/index.php\/wp-json\/wp\/v2\/posts"}],"about":[{"href":"https:\/\/elfederalmendoza.com.ar\/index.php\/wp-json\/wp\/v2\/types\/post"}],"author":[{"embeddable":true,"href":"https:\/\/elfederalmendoza.com.ar\/index.php\/wp-json\/wp\/v2\/users\/2"}],"replies":[{"embeddable":true,"href":"https:\/\/elfederalmendoza.com.ar\/index.php\/wp-json\/wp\/v2\/comments?post=32999"}],"version-history":[{"count":1,"href":"https:\/\/elfederalmendoza.com.ar\/index.php\/wp-json\/wp\/v2\/posts\/32999\/revisions"}],"predecessor-version":[{"id":33004,"href":"https:\/\/elfederalmendoza.com.ar\/index.php\/wp-json\/wp\/v2\/posts\/32999\/revisions\/33004"}],"wp:featuredmedia":[{"embeddable":true,"href":"https:\/\/elfederalmendoza.com.ar\/index.php\/wp-json\/wp\/v2\/media\/33003"}],"wp:attachment":[{"href":"https:\/\/elfederalmendoza.com.ar\/index.php\/wp-json\/wp\/v2\/media?parent=32999"}],"wp:term":[{"taxonomy":"category","embeddable":true,"href":"https:\/\/elfederalmendoza.com.ar\/index.php\/wp-json\/wp\/v2\/categories?post=32999"},{"taxonomy":"post_tag","embeddable":true,"href":"https:\/\/elfederalmendoza.com.ar\/index.php\/wp-json\/wp\/v2\/tags?post=32999"}],"curies":[{"name":"wp","href":"https:\/\/api.w.org\/{rel}","templated":true}]}}