{"id":33006,"date":"2024-05-30T07:56:44","date_gmt":"2024-05-30T10:56:44","guid":{"rendered":"https:\/\/elfederalmendoza.com\/?p=33006"},"modified":"2024-05-30T07:59:25","modified_gmt":"2024-05-30T10:59:25","slug":"organizan-una-marcha-para-liberar-a-arturo-de-la-casa-de-gran-hermano","status":"publish","type":"post","link":"https:\/\/elfederalmendoza.com.ar\/index.php\/2024\/05\/30\/organizan-una-marcha-para-liberar-a-arturo-de-la-casa-de-gran-hermano\/","title":{"rendered":"Organizan una marcha para liberar a Arturo de la casa de Gran Hermano"},"content":{"rendered":"\n<p><strong>Arturo<\/strong>&nbsp;se convirti\u00f3 en uno de los \u00abjugadores\u00bb favoritos de esta edici\u00f3n de<strong>&nbsp;Gran Hermano<\/strong>. Se trata de un&nbsp;<strong>perro rescatado que esta viviendo con los participantes&nbsp;<\/strong>hasta que finalice el reality show. Sin embargo, es posible que el can&nbsp;<strong>tenga que salir antes de la casa por algunas situaciones que sucedieron con Juliana \u00abFuria\u00bb Scaglione,<\/strong>&nbsp;la participante m\u00e1s pol\u00e9mica del programa.<\/p>\n\n\n\n<p>Este fin de semana se difundi\u00f3 un clip en las redes sociales donde&nbsp;<strong>se ve a Juliana pateando a Arturo<\/strong>, hecho que fue fuertemente repudiado en las redes. Por lo tanto,&nbsp;<strong>la organizaci\u00f3n \u00abHuellitas Perdidas\u00bb, quienes entregaron a Arturo a&nbsp;<a href=\"https:\/\/www.rionegro.com.ar\/redes\/gran-hermano-y-una-guerra-inesperada-sol-perez-y-eliana-guercio-se-dijeron-de-todo-en-el-debate-3608655\/\">Gran Hermano<\/a>, decidi\u00f3 tomar cartas en el asunto.<\/strong><\/p>\n\n\n\n<h2 class=\"wp-block-heading\">La decisi\u00f3n de la organizaci\u00f3n rescatista: Marchar este domingo hasta la casa de Gran Hermano<\/h2>\n\n\n\n<hr class=\"wp-block-separator has-alpha-channel-opacity\"\/>\n\n\n\n<p>Esta no es la primera vez que \u00abHuellitas Perdidas\u00bb se queja de la situaci\u00f3n en la que se encuentra la mascota adentro de la casa. Anteriormente,\u00a0<strong>Furia le hab\u00eda gritado a Arturo, algo que tambi\u00e9n despert\u00f3 la preocupaci\u00f3n de la organizaci\u00f3n y los televidentes.<\/strong><\/p>\n\n\n\n<figure class=\"wp-block-image size-full\"><img loading=\"lazy\" decoding=\"async\" width=\"804\" height=\"455\" src=\"https:\/\/elfederalmendoza.com\/wp-content\/uploads\/2024\/05\/patada1.jpg\" alt=\"\" class=\"wp-image-33011\" srcset=\"https:\/\/elfederalmendoza.com.ar\/wp-content\/uploads\/2024\/05\/patada1.jpg 804w, https:\/\/elfederalmendoza.com.ar\/wp-content\/uploads\/2024\/05\/patada1-300x170.jpg 300w, https:\/\/elfederalmendoza.com.ar\/wp-content\/uploads\/2024\/05\/patada1-768x435.jpg 768w\" sizes=\"auto, (max-width: 804px) 100vw, 804px\" \/><\/figure>\n\n\n\n<p>Ahora, con la difusi\u00f3n del video donde Scaglione golpea al animal,&nbsp;<strong>las rescatistas tomaron la decisi\u00f3n de organizar una marcha para este domingo a la noche hacia la casa de Gran Hermano, para exigir la liberaci\u00f3n de Arturo.<\/strong><\/p>\n\n\n\n<p><strong>Antonella Labari, vocera de&nbsp;<a href=\"https:\/\/www.rionegro.com.ar\/redes\/gran-hermano-huellitas-perdidas-reitero-el-pedido-para-que-saquen-a-arturo-de-la-casa-y-tomaran-acciones-legales-3567064\/\">Huellitas Perdidas<\/a><\/strong>&nbsp;habl\u00f3 con TN Show y asegur\u00f3 haber recibido amenazas. \u201c<strong>Hubo amenazas, insultos de fan\u00e1ticos del programa<\/strong>. Estamos evaluando las posibilidades,&nbsp;<strong>no queremos que algo pac\u00edfico se torne violento<\/strong>\u201d explic\u00f3 Antonella.<\/p>\n\n\n\n<p>Tambi\u00e9n afirm\u00f3 que&nbsp;<strong>Coy,&nbsp;hermana de Juliana&nbsp;le escribi\u00f3 para pedir que borre el v\u00eddeo<\/strong>&nbsp;donde se ve el episodio entre la jugadora y Arturo y que desistan de realizar la protesta. \u201cS\u00ed,&nbsp;<strong>nos pidi\u00f3 que baj\u00e1ramos la publicaci\u00f3n y que dij\u00e9ramos que est\u00e1bamos equivocadas, que no era as\u00ed.<\/strong>&nbsp;Nosotros simplemente difundimos el video, lo que est\u00e1 a la vista\u201d explic\u00f3 Labari.<\/p>\n\n\n\n<p>Meses atr\u00e1s,&nbsp;<strong>la organizaci\u00f3n contrat\u00f3 al abogado medi\u00e1tico&nbsp;Fernando Burlando<\/strong>, para poder conseguir que la producci\u00f3n de Telefe devuelva al animal.&nbsp;<strong>\u201cFernando se intentaba comunicar con Telefe, pero no hubo respuesta. Nosotros tambi\u00e9n quisimos comunicarnos, pero no se pudo<\/strong>\u201d expres\u00f3.<\/p>\n\n\n\n<p>Adem\u00e1s, Antonella cont\u00f3 que se mantiene en comunicaci\u00f3n con<strong>&nbsp;Marisol, la novia de Mart\u00edn Ku,<\/strong>&nbsp;jugador que manifest\u00f3 sus ganas de adoptar al animal.<strong>&nbsp;\u201cMarisol siempre est\u00e1 en contacto con nosotros. Tiene muy buenas intenciones con Arturo\u201d<\/strong>&nbsp;se\u00f1al\u00f3.<\/p>\n","protected":false},"excerpt":{"rendered":"<p>Arturo&nbsp;se convirti\u00f3 en uno de los \u00abjugadores\u00bb favoritos de esta edici\u00f3n de&nbsp;Gran Hermano. Se trata de un&nbsp;perro rescatado que esta viviendo con los participantes&nbsp;hasta que finalice el reality show. Sin embargo, es posible que el can&nbsp;tenga que salir antes de la casa por algunas situaciones que sucedieron con Juliana \u00abFuria\u00bb Scaglione,&nbsp;la participante m\u00e1s pol\u00e9mica del<a class=\"read-more\" href=\"https:\/\/elfederalmendoza.com.ar\/index.php\/2024\/05\/30\/organizan-una-marcha-para-liberar-a-arturo-de-la-casa-de-gran-hermano\/\"> [&hellip;]<\/a><\/p>\n","protected":false},"author":2,"featured_media":32996,"comment_status":"open","ping_status":"open","sticky":false,"template":"","format":"standard","meta":{"footnotes":""},"categories":[5618],"tags":[],"class_list":["post-33006","post","type-post","status-publish","format-standard","has-post-thumbnail","hentry","category-arg"],"rttpg_featured_image_url":{"full":["https:\/\/elfederalmendoza.com.ar\/wp-content\/uploads\/2024\/05\/ARTURO.jpg",1385,857,false],"landscape":["https:\/\/elfederalmendoza.com.ar\/wp-content\/uploads\/2024\/05\/ARTURO.jpg",1385,857,false],"portraits":["https:\/\/elfederalmendoza.com.ar\/wp-content\/uploads\/2024\/05\/ARTURO.jpg",1385,857,false],"thumbnail":["https:\/\/elfederalmendoza.com.ar\/wp-content\/uploads\/2024\/05\/ARTURO-150x150.jpg",150,150,true],"medium":["https:\/\/elfederalmendoza.com.ar\/wp-content\/uploads\/2024\/05\/ARTURO-300x186.jpg",300,186,true],"large":["https:\/\/elfederalmendoza.com.ar\/wp-content\/uploads\/2024\/05\/ARTURO-1024x634.jpg",640,396,true],"1536x1536":["https:\/\/elfederalmendoza.com.ar\/wp-content\/uploads\/2024\/05\/ARTURO.jpg",1385,857,false],"2048x2048":["https:\/\/elfederalmendoza.com.ar\/wp-content\/uploads\/2024\/05\/ARTURO.jpg",1385,857,false],"ultp_layout_landscape_large":["https:\/\/elfederalmendoza.com.ar\/wp-content\/uploads\/2024\/05\/ARTURO-1200x800.jpg",1200,800,true],"ultp_layout_landscape":["https:\/\/elfederalmendoza.com.ar\/wp-content\/uploads\/2024\/05\/ARTURO-870x570.jpg",870,570,true],"ultp_layout_portrait":["https:\/\/elfederalmendoza.com.ar\/wp-content\/uploads\/2024\/05\/ARTURO-600x857.jpg",600,857,true],"ultp_layout_square":["https:\/\/elfederalmendoza.com.ar\/wp-content\/uploads\/2024\/05\/ARTURO-600x600.jpg",600,600,true],"rpwe-thumbnail":["https:\/\/elfederalmendoza.com.ar\/wp-content\/uploads\/2024\/05\/ARTURO-45x45.jpg",45,45,true],"advps-thumb-one":["https:\/\/elfederalmendoza.com.ar\/wp-content\/uploads\/2024\/05\/ARTURO-1200x420.jpg",1200,420,true]},"rttpg_author":{"display_name":"Redacci\u00f3n El Federal","author_link":"https:\/\/elfederalmendoza.com.ar\/index.php\/author\/angelflores\/"},"rttpg_comment":0,"rttpg_category":"<a href=\"https:\/\/elfederalmendoza.com.ar\/index.php\/category\/arg\/\" rel=\"category tag\">Argentina<\/a>","rttpg_excerpt":"Arturo&nbsp;se convirti\u00f3 en uno de los \u00abjugadores\u00bb favoritos de esta edici\u00f3n de&nbsp;Gran Hermano. Se trata de un&nbsp;perro rescatado que esta viviendo con los participantes&nbsp;hasta que finalice el reality show. Sin embargo, es posible que el can&nbsp;tenga que salir antes de la casa por algunas situaciones que sucedieron con Juliana \u00abFuria\u00bb Scaglione,&nbsp;la participante m\u00e1s pol\u00e9mica del&hellip;","_links":{"self":[{"href":"https:\/\/elfederalmendoza.com.ar\/index.php\/wp-json\/wp\/v2\/posts\/33006","targetHints":{"allow":["GET"]}}],"collection":[{"href":"https:\/\/elfederalmendoza.com.ar\/index.php\/wp-json\/wp\/v2\/posts"}],"about":[{"href":"https:\/\/elfederalmendoza.com.ar\/index.php\/wp-json\/wp\/v2\/types\/post"}],"author":[{"embeddable":true,"href":"https:\/\/elfederalmendoza.com.ar\/index.php\/wp-json\/wp\/v2\/users\/2"}],"replies":[{"embeddable":true,"href":"https:\/\/elfederalmendoza.com.ar\/index.php\/wp-json\/wp\/v2\/comments?post=33006"}],"version-history":[{"count":2,"href":"https:\/\/elfederalmendoza.com.ar\/index.php\/wp-json\/wp\/v2\/posts\/33006\/revisions"}],"predecessor-version":[{"id":33012,"href":"https:\/\/elfederalmendoza.com.ar\/index.php\/wp-json\/wp\/v2\/posts\/33006\/revisions\/33012"}],"wp:featuredmedia":[{"embeddable":true,"href":"https:\/\/elfederalmendoza.com.ar\/index.php\/wp-json\/wp\/v2\/media\/32996"}],"wp:attachment":[{"href":"https:\/\/elfederalmendoza.com.ar\/index.php\/wp-json\/wp\/v2\/media?parent=33006"}],"wp:term":[{"taxonomy":"category","embeddable":true,"href":"https:\/\/elfederalmendoza.com.ar\/index.php\/wp-json\/wp\/v2\/categories?post=33006"},{"taxonomy":"post_tag","embeddable":true,"href":"https:\/\/elfederalmendoza.com.ar\/index.php\/wp-json\/wp\/v2\/tags?post=33006"}],"curies":[{"name":"wp","href":"https:\/\/api.w.org\/{rel}","templated":true}]}}