{"id":33013,"date":"2024-05-30T08:20:49","date_gmt":"2024-05-30T11:20:49","guid":{"rendered":"https:\/\/elfederalmendoza.com\/?p=33013"},"modified":"2024-05-30T08:20:51","modified_gmt":"2024-05-30T11:20:51","slug":"inhibieron-los-bienes-de-belliboni-lider-del-polo-obrero-por-la-extorsion-a-los-beneficiarios-de-planes-sociales","status":"publish","type":"post","link":"https:\/\/elfederalmendoza.com.ar\/index.php\/2024\/05\/30\/inhibieron-los-bienes-de-belliboni-lider-del-polo-obrero-por-la-extorsion-a-los-beneficiarios-de-planes-sociales\/","title":{"rendered":"Inhibieron los bienes de Belliboni, l\u00edder del Polo Obrero por la extorsi\u00f3n a los beneficiarios de planes sociales"},"content":{"rendered":"\n<p>La decisi\u00f3n la tom\u00f3 el juez federal <strong>Sebasti\u00e1n Casanello<\/strong> luego de llamar a indagatoria al dirigente para el pr\u00f3ximo 25 de junio.<\/p>\n\n\n\n<p>El juez federal\u00a0<strong>Sebasti\u00e1n Casanello<\/strong>\u00a0<strong>orden\u00f3 la inhibici\u00f3n de bienes de Eduardo Belliboni,<\/strong>\u00a0l\u00edder del Polo Obrero que fue llamado a indagatoria en el marco de la causa que investiga administraci\u00f3n fraudulenta, coacci\u00f3n y extorsi\u00f3n a beneficiarios de planes sociales. Precisamente, el llamado a indagatoria se concret\u00f3 luego de que se sospechara del manejo de dinero de la organizaci\u00f3n a trav\u00e9s de facturas truchas y gastos dibujados.<\/p>\n\n\n\n<p>En el expediente se investiga una presunta extorsi\u00f3n a beneficiarios de planes sociales y una administraci\u00f3n fraudulenta en perjuicio de la administraci\u00f3n p\u00fablica.<strong>&nbsp;El juez cit\u00f3 a indagatoria a 23 acusados que se realizar\u00e1n en seis audiencias que comenzar\u00e1n el pr\u00f3ximo 11 de junio y se extender\u00e1n hasta el 25, cuando sea el turno de Belliboni.&nbsp;<\/strong>Ayer, Belliboni se present\u00f3 en la causa con la representaci\u00f3n de la abogada Liliana Alaniz.<\/p>\n\n\n\n<p>Seg\u00fan indicaron a\u00a0<strong>Infobae f<\/strong>uentes judiciales, el juez dispuso la inhibici\u00f3n de bienes de Belliboni y la otra veintena de convocados a indagatoria. Se trata de una\u00a0medida similar a la que ya hab\u00eda dispuesto el 15 de mayo\u00a0sobre las personas a las que hab\u00eda apuntado el fiscal Gerardo Pollicita. El juez no solo inhibi\u00f3 todos los bienes. A pedido de la fiscal\u00eda, tambi\u00e9n incluy\u00f3 las billeteras virtuales<a href=\"https:\/\/www.infobae.com\/judiciales\/2024\/05\/29\/la-corte-fallo-a-favor-de-parques-nacionales-por-unas-tierras-del-parque-nahuel-huapi-sobre-las-que-avanzo-la-municipalidad-de-bariloche\/\" target=\"_blank\" rel=\"noreferrer noopener\"><\/a><\/p>\n\n\n\n<p>La inhibici\u00f3n alcanz\u00f3 en una primera tanda a&nbsp;<strong>Jerem\u00edas Cantero<\/strong>, el segundo de Belliboni en el PO,&nbsp;<strong>Elizabeth Del Carmen Palma<\/strong>,&nbsp;<strong>Gianna Puppo<\/strong>,&nbsp;<strong>Mar\u00eda Isolda Dotti<\/strong>,&nbsp;<strong>Iv\u00e1n Ezequiel Candotti<\/strong>,&nbsp;<strong>Gustavo Guillermo V\u00e1squez<\/strong>,&nbsp;<strong>Carlos Fern\u00e1ndez Kostiuk<\/strong>,&nbsp;<strong>Gloria Paraguay Estrada<\/strong>,&nbsp;<strong>Dina Patricia Iramain<\/strong>,&nbsp;<strong>Brisa Noelia Paucara Choque<\/strong>,&nbsp;<strong>Ronald Vargas Rocabado<\/strong>,&nbsp;<strong>Elizabeth Galindo Mamani<\/strong>,<strong>&nbsp;Cinthya Delgado Vilches<\/strong>,&nbsp;<strong>Lesli Salirrosas Castillo<\/strong>,&nbsp;<strong>Damariz Erika Villafuerte<\/strong>,&nbsp;<strong>Blanca Beatriz Chuquimia Tarquino<\/strong>,&nbsp;<strong>Gloria Jaramillo Morales<\/strong>,&nbsp;<strong>Lucca Philippe Quispe Rashuaman<\/strong>,&nbsp;<strong>Yoao Ariel Escobar Rojas<\/strong>,&nbsp;<strong>Mar\u00eda Cecilia Cowper<\/strong>,&nbsp;<strong>Mercedes Fossat<\/strong>,&nbsp;<strong>Manuel Alonso<\/strong>,&nbsp;<strong>Lorenzo \u201cToto\u201d Martelli<\/strong>,&nbsp;<strong>Leticia Maribel Duarte Romero<\/strong>,<strong>&nbsp;Ada Mabel Vera Peralta<\/strong>,&nbsp;<strong>Nilsa Elena Torres<\/strong>,&nbsp;<strong>Rossmery Grande Arancibia<\/strong>&nbsp;y&nbsp;<strong>Nery Acha Daza<\/strong>.<\/p>\n\n\n\n<p>Y luego ahora, tras las indagatorias, se agregaron:\u00a0<strong>Brisa Noelia Paucara Choque, Mercedes Fossat, Mar\u00eda Cecilia Cowper, Mariano Alejandro Centanni, Erika Lubenfeld, Ezequiel Coego, Iv\u00e1n Ortiz, Roberto Adri\u00e1n Albornoz y<\/strong>\u00a0<strong>Eduardo Belliboni.<\/strong><a href=\"https:\/\/www.infobae.com\/judiciales\/2024\/05\/30\/la-corte-ordeno-avanzar-con-un-juicio-a-empresarios-ligados-a-lazaro-baez-por-apropiacion-indebida-de-aportes\/\" target=\"_blank\" rel=\"noreferrer noopener\"><\/a><\/p>\n\n\n\n<p><img loading=\"lazy\" decoding=\"async\" alt=\"Marcha piquetera del Polo Obrero\" height=\"858\" width=\"1437\" class=\"\" src=\"https:\/\/www.infobae.com\/new-resizer\/o9Jb-9UJIlzSgL1Lg2Cy2j7CDRU=\/992x606\/filters:format(webp):quality(85)\/cloudfront-us-east-1.images.arcpublishing.com\/infobae\/ZQ2UCWG6XJD2LHDWYMTRBHLTPU.jpg%20992w\" srcset=\"https:\/\/www.infobae.com\/new-resizer\/o9Jb-9UJIlzSgL1Lg2Cy2j7CDRU=\/992x606\/filters:format(webp):quality(85)\/cloudfront-us-east-1.images.arcpublishing.com\/infobae\/ZQ2UCWG6XJD2LHDWYMTRBHLTPU.jpg 992w\">Marcha piquetera del Polo Obrero<\/p>\n\n\n\n<p>La causa se origin\u00f3 el 20 de diciembre, el d\u00eda que se preparaba la primera movilizaci\u00f3n de piqueteros contra Javier Milei y el Gobierno\u00a0habilit\u00f3 el n\u00famero 134 del Ministerio de Seguridad\u00a0para que los ciudadanos hicieran denuncias an\u00f3nimamente. Se hizo una denuncia en los tribunales de Comodoro Py: hubo reportes de todo el pa\u00eds, el fiscal Pollicita, que recibi\u00f3 la investigaci\u00f3n delegada, se focaliz\u00f3 en las 45 que tuvieron lugar en la Capital Federal, su jurisdicci\u00f3n. Y avanz\u00f3 en intentar rastrearlas. Localiz\u00f3 a siete: cinco de esas personas se animaron a declarar.<\/p>\n\n\n\n<p>\u201cHa podido comprobarse preliminarmente que, al amparo de la apariencia de una actividad solidaria como es la administraci\u00f3n de un comedor popular, se montaron al menos tres (3) grupos de personas que, vali\u00e9ndose de las facultades que les otorgara el ex Ministerio de Desarrollo Social de la Naci\u00f3n en el marco del Plan Potenciar Trabajo,<strong>&nbsp;se dedicaron sistem\u00e1ticamente a exigir dinero a los beneficiarios de dicha prestaci\u00f3n social<\/strong>&nbsp;\u2014personas en situaci\u00f3n de alta vulnerabilidad social\u2014, bajo diversos conceptos \u2014\u201dc\u00e1pitas\u201d, \u201ccuotas\u201d, \u201calquiler de comedor\u201d, etc.\u2014, cobrarles por la entrega de alimentos \u2014pese a que los recib\u00edan gratuitamente del Gobierno Nacional\u2014,&nbsp;<strong>obligarlos a vender por la zona la comida recibida del Estado Nacional<\/strong>&nbsp;\u2014qued\u00e1ndose los acusados con la ganancia\u2014&nbsp;<strong>y\/o forzarlos a participar de \u201cmovilizaciones\u201d de las agrupaciones pol\u00edticas a las que pertenecen&nbsp;<\/strong>\u2014e incluso en alg\u00fan caso repartir volantes de candidatos a comicios electorales\u2014; todo ello bajo la expresa amenaza de que, en caso de no cumplir con esas exigencias, se les dar\u00eda de baja de la prestaci\u00f3n social y\/o se les negar\u00edan los alimentos y la mercader\u00eda\u201d, sostuvo el fiscal Pollicita en su acusaci\u00f3n.<\/p>\n\n\n\n<p>Con los allanamientos y la informaci\u00f3n secuestrada, el juez resolvi\u00f3 este lunes ordenar las indagatorias al sostener: \u201cconsidero acreditado -con el grado requerido legalmente en esta etapa- que diversas personas, nucleadas bajo las figuras asociativas \u2018Asociaci\u00f3n Polo Obrero\u2019 y \u2018Cooperativa El Resplandor Ltda.\u2019, habr\u00edan administrado de manera indebida al menos una parte de los recursos estatales que le fueran confiados en convenios celebrados con el ex Ministerio de Desarrollo Social de la Naci\u00f3n en el marco del aludido programa \u201cPotenciar Trabajo\u201d\u201d, afirm\u00f3<\/p>\n\n\n\n<p>Casanello destac\u00f3 que se comprob\u00f3&nbsp;<strong>\u201cel empleo de facturaci\u00f3n ap\u00f3crifa y la simulaci\u00f3n de gastos no concretados&nbsp;<\/strong>\u2013al menos a trav\u00e9s de las firmas \u201cEdiciones e Impresiones Rumbos SRL\u201d y \u201cCoxtex SA\u201d-,<strong>&nbsp;para disfrazar el verdadero uso de una parte importante de los fondos\u201d<\/strong>.<\/p>\n\n\n\n<p>\u201c<strong>Se trat\u00f3 de montos significativos que fueron canalizados a trav\u00e9s del uso de diferentes personas jur\u00eddicas, con la finalidad de obtener un beneficio particularizado.&nbsp;<\/strong>As\u00ed, lo p\u00fablico se confundi\u00f3 con lo privado al financiar actividad partidaria\u201d, dijo.<\/p>\n\n\n\n<p>La resoluci\u00f3n afirm\u00f3 que esa maniobra \u201cse vio complementada con la exigencia\u201d de acudir a marchas, aportar dinero y militar a alg\u00fan candidato, bajo la amenaza de perder la ayuda estatal. \u201c<strong>Esas exigencias eran transmitidas a los beneficiarios del plan por otros beneficiarios de mayor antig\u00fcedad en la organizaci\u00f3n<\/strong>,&nbsp;<strong>pero igualmente de marcada vulnerabilidad\u201d.<\/strong><\/p>\n","protected":false},"excerpt":{"rendered":"<p>La decisi\u00f3n la tom\u00f3 el juez federal Sebasti\u00e1n Casanello luego de llamar a indagatoria al dirigente para el pr\u00f3ximo 25 de junio. El juez federal\u00a0Sebasti\u00e1n Casanello\u00a0orden\u00f3 la inhibici\u00f3n de bienes de Eduardo Belliboni,\u00a0l\u00edder del Polo Obrero que fue llamado a indagatoria en el marco de la causa que investiga administraci\u00f3n fraudulenta, coacci\u00f3n y extorsi\u00f3n a<a class=\"read-more\" href=\"https:\/\/elfederalmendoza.com.ar\/index.php\/2024\/05\/30\/inhibieron-los-bienes-de-belliboni-lider-del-polo-obrero-por-la-extorsion-a-los-beneficiarios-de-planes-sociales\/\"> [&hellip;]<\/a><\/p>\n","protected":false},"author":2,"featured_media":32944,"comment_status":"open","ping_status":"open","sticky":false,"template":"","format":"standard","meta":{"footnotes":""},"categories":[5618],"tags":[],"class_list":["post-33013","post","type-post","status-publish","format-standard","has-post-thumbnail","hentry","category-arg"],"rttpg_featured_image_url":{"full":["https:\/\/elfederalmendoza.com.ar\/wp-content\/uploads\/2024\/05\/BELLIBONI1.jpeg",1024,683,false],"landscape":["https:\/\/elfederalmendoza.com.ar\/wp-content\/uploads\/2024\/05\/BELLIBONI1.jpeg",1024,683,false],"portraits":["https:\/\/elfederalmendoza.com.ar\/wp-content\/uploads\/2024\/05\/BELLIBONI1.jpeg",1024,683,false],"thumbnail":["https:\/\/elfederalmendoza.com.ar\/wp-content\/uploads\/2024\/05\/BELLIBONI1-150x150.jpeg",150,150,true],"medium":["https:\/\/elfederalmendoza.com.ar\/wp-content\/uploads\/2024\/05\/BELLIBONI1-300x200.jpeg",300,200,true],"large":["https:\/\/elfederalmendoza.com.ar\/wp-content\/uploads\/2024\/05\/BELLIBONI1.jpeg",640,427,false],"1536x1536":["https:\/\/elfederalmendoza.com.ar\/wp-content\/uploads\/2024\/05\/BELLIBONI1.jpeg",1024,683,false],"2048x2048":["https:\/\/elfederalmendoza.com.ar\/wp-content\/uploads\/2024\/05\/BELLIBONI1.jpeg",1024,683,false],"ultp_layout_landscape_large":["https:\/\/elfederalmendoza.com.ar\/wp-content\/uploads\/2024\/05\/BELLIBONI1.jpeg",1024,683,false],"ultp_layout_landscape":["https:\/\/elfederalmendoza.com.ar\/wp-content\/uploads\/2024\/05\/BELLIBONI1-870x570.jpeg",870,570,true],"ultp_layout_portrait":["https:\/\/elfederalmendoza.com.ar\/wp-content\/uploads\/2024\/05\/BELLIBONI1-600x683.jpeg",600,683,true],"ultp_layout_square":["https:\/\/elfederalmendoza.com.ar\/wp-content\/uploads\/2024\/05\/BELLIBONI1-600x600.jpeg",600,600,true],"rpwe-thumbnail":["https:\/\/elfederalmendoza.com.ar\/wp-content\/uploads\/2024\/05\/BELLIBONI1-45x45.jpeg",45,45,true],"advps-thumb-one":["https:\/\/elfederalmendoza.com.ar\/wp-content\/uploads\/2024\/05\/BELLIBONI1-1024x420.jpeg",1024,420,true]},"rttpg_author":{"display_name":"Redacci\u00f3n El Federal","author_link":"https:\/\/elfederalmendoza.com.ar\/index.php\/author\/angelflores\/"},"rttpg_comment":0,"rttpg_category":"<a href=\"https:\/\/elfederalmendoza.com.ar\/index.php\/category\/arg\/\" rel=\"category tag\">Argentina<\/a>","rttpg_excerpt":"La decisi\u00f3n la tom\u00f3 el juez federal Sebasti\u00e1n Casanello luego de llamar a indagatoria al dirigente para el pr\u00f3ximo 25 de junio. El juez federal\u00a0Sebasti\u00e1n Casanello\u00a0orden\u00f3 la inhibici\u00f3n de bienes de Eduardo Belliboni,\u00a0l\u00edder del Polo Obrero que fue llamado a indagatoria en el marco de la causa que investiga administraci\u00f3n fraudulenta, coacci\u00f3n y extorsi\u00f3n a&hellip;","_links":{"self":[{"href":"https:\/\/elfederalmendoza.com.ar\/index.php\/wp-json\/wp\/v2\/posts\/33013","targetHints":{"allow":["GET"]}}],"collection":[{"href":"https:\/\/elfederalmendoza.com.ar\/index.php\/wp-json\/wp\/v2\/posts"}],"about":[{"href":"https:\/\/elfederalmendoza.com.ar\/index.php\/wp-json\/wp\/v2\/types\/post"}],"author":[{"embeddable":true,"href":"https:\/\/elfederalmendoza.com.ar\/index.php\/wp-json\/wp\/v2\/users\/2"}],"replies":[{"embeddable":true,"href":"https:\/\/elfederalmendoza.com.ar\/index.php\/wp-json\/wp\/v2\/comments?post=33013"}],"version-history":[{"count":1,"href":"https:\/\/elfederalmendoza.com.ar\/index.php\/wp-json\/wp\/v2\/posts\/33013\/revisions"}],"predecessor-version":[{"id":33015,"href":"https:\/\/elfederalmendoza.com.ar\/index.php\/wp-json\/wp\/v2\/posts\/33013\/revisions\/33015"}],"wp:featuredmedia":[{"embeddable":true,"href":"https:\/\/elfederalmendoza.com.ar\/index.php\/wp-json\/wp\/v2\/media\/32944"}],"wp:attachment":[{"href":"https:\/\/elfederalmendoza.com.ar\/index.php\/wp-json\/wp\/v2\/media?parent=33013"}],"wp:term":[{"taxonomy":"category","embeddable":true,"href":"https:\/\/elfederalmendoza.com.ar\/index.php\/wp-json\/wp\/v2\/categories?post=33013"},{"taxonomy":"post_tag","embeddable":true,"href":"https:\/\/elfederalmendoza.com.ar\/index.php\/wp-json\/wp\/v2\/tags?post=33013"}],"curies":[{"name":"wp","href":"https:\/\/api.w.org\/{rel}","templated":true}]}}