{"id":33017,"date":"2024-05-31T09:02:59","date_gmt":"2024-05-31T12:02:59","guid":{"rendered":"https:\/\/elfederalmendoza.com\/?p=33017"},"modified":"2024-05-31T09:03:00","modified_gmt":"2024-05-31T12:03:00","slug":"un-hombre-mato-a-un-presunto-ladron-en-lujan","status":"publish","type":"post","link":"https:\/\/elfederalmendoza.com.ar\/index.php\/2024\/05\/31\/un-hombre-mato-a-un-presunto-ladron-en-lujan\/","title":{"rendered":"Un hombre mat\u00f3 a un presunto ladr\u00f3n en Luj\u00e1n"},"content":{"rendered":"\n<p>En la madrugada de este viernes, un\u00a0<strong>hombre mat\u00f3 a un presunto ladr\u00f3n<\/strong>\u00a0en el departamento de\u00a0<strong>Luj\u00e1n de Cuyo.<\/strong>\u00a0<\/p>\n\n\n\n<p>Seg\u00fan el reporte del Ministerio Seguridad, dos sujetos habr\u00edan producido da\u00f1os en una ventana de una vivienda e ingresaron al domicilio con la intenci\u00f3n de sustraer un televisor. Al activarse la alarma, los individuos huyeron del lugar.\u00a0<\/p>\n\n\n\n<p>Cerca de las 05.30 horas, un m\u00f3vil de la jurisdicci\u00f3n, al desplazarse por&nbsp;<strong>Ruta Provincial 15<\/strong>&nbsp;a la altura del 1560, fue alertado por personas que se\u00f1alaban la presencia de un sujeto inconsciente en el costado norte de la mencionada ruta.&nbsp;<\/p>\n\n\n\n<p>Al verificar la situaci\u00f3n, constataron que el sujeto presentaba un&nbsp;<strong>disparo de arma de fuego en la zona del t\u00f3rax<\/strong>. En ese momento, un Renault 12 con una pareja a bordo lleg\u00f3 al lugar y traslad\u00f3 al ciudadano&nbsp;<strong>Robledo V\u00edctor Laciar&nbsp;<\/strong>al Centro de Salud 31, donde un m\u00e9dico del lugar certific\u00f3 su fallecimiento.<\/p>\n\n\n\n<p>Personal de Investigaciones se desplaz\u00f3 hasta la vivienda ubicada en Ruta Provincial 15 N\u00b0 1500, donde observaron&nbsp;<strong>manchas de sangre en la vereda<\/strong>. Al entrevistar al due\u00f1o de la vivienda, \u00e9ste manifest\u00f3 de forma espont\u00e1nea y voluntaria que, mientras se encontraba en el ba\u00f1o, escuch\u00f3 ruidos y al salir vio a dos sujetos intentando sustraer un televisor, momento en el cual efectu\u00f3 un disparo de escopeta a&nbsp;<strong>Laciar<\/strong>.<\/p>\n\n\n\n<figure class=\"wp-block-image\"><img decoding=\"async\" src=\"https:\/\/www.mendozapost.com\/files\/image\/501\/501613\/64c976d33b022_570_428!.jpg?s=590badbf4956107e2ff46d74400d4da4&amp;d=1715203242\" alt=\"\"\/><\/figure>\n\n\n\n<p>El&nbsp;<strong>Fiscal Gustavo Pirello<\/strong>&nbsp;est\u00e1 a cargo de la investigaci\u00f3n del hecho, y en el lugar qued\u00f3 trabajando personal de Homicidios y Cient\u00edfica para continuar con las investigaciones correspondientes.<\/p>\n","protected":false},"excerpt":{"rendered":"<p>En la madrugada de este viernes, un\u00a0hombre mat\u00f3 a un presunto ladr\u00f3n\u00a0en el departamento de\u00a0Luj\u00e1n de Cuyo.\u00a0 Seg\u00fan el reporte del Ministerio Seguridad, dos sujetos habr\u00edan producido da\u00f1os en una ventana de una vivienda e ingresaron al domicilio con la intenci\u00f3n de sustraer un televisor. Al activarse la alarma, los individuos huyeron del lugar.\u00a0 Cerca<a class=\"read-more\" href=\"https:\/\/elfederalmendoza.com.ar\/index.php\/2024\/05\/31\/un-hombre-mato-a-un-presunto-ladron-en-lujan\/\"> [&hellip;]<\/a><\/p>\n","protected":false},"author":2,"featured_media":33018,"comment_status":"open","ping_status":"open","sticky":false,"template":"","format":"standard","meta":{"footnotes":""},"categories":[1],"tags":[],"class_list":["post-33017","post","type-post","status-publish","format-standard","has-post-thumbnail","hentry","category-mza"],"rttpg_featured_image_url":{"full":["https:\/\/elfederalmendoza.com.ar\/wp-content\/uploads\/2024\/05\/LUJAN1.jpg",1158,744,false],"landscape":["https:\/\/elfederalmendoza.com.ar\/wp-content\/uploads\/2024\/05\/LUJAN1.jpg",1158,744,false],"portraits":["https:\/\/elfederalmendoza.com.ar\/wp-content\/uploads\/2024\/05\/LUJAN1.jpg",1158,744,false],"thumbnail":["https:\/\/elfederalmendoza.com.ar\/wp-content\/uploads\/2024\/05\/LUJAN1-150x150.jpg",150,150,true],"medium":["https:\/\/elfederalmendoza.com.ar\/wp-content\/uploads\/2024\/05\/LUJAN1-300x193.jpg",300,193,true],"large":["https:\/\/elfederalmendoza.com.ar\/wp-content\/uploads\/2024\/05\/LUJAN1-1024x658.jpg",640,411,true],"1536x1536":["https:\/\/elfederalmendoza.com.ar\/wp-content\/uploads\/2024\/05\/LUJAN1.jpg",1158,744,false],"2048x2048":["https:\/\/elfederalmendoza.com.ar\/wp-content\/uploads\/2024\/05\/LUJAN1.jpg",1158,744,false],"ultp_layout_landscape_large":["https:\/\/elfederalmendoza.com.ar\/wp-content\/uploads\/2024\/05\/LUJAN1.jpg",1158,744,false],"ultp_layout_landscape":["https:\/\/elfederalmendoza.com.ar\/wp-content\/uploads\/2024\/05\/LUJAN1-870x570.jpg",870,570,true],"ultp_layout_portrait":["https:\/\/elfederalmendoza.com.ar\/wp-content\/uploads\/2024\/05\/LUJAN1-600x744.jpg",600,744,true],"ultp_layout_square":["https:\/\/elfederalmendoza.com.ar\/wp-content\/uploads\/2024\/05\/LUJAN1-600x600.jpg",600,600,true],"rpwe-thumbnail":["https:\/\/elfederalmendoza.com.ar\/wp-content\/uploads\/2024\/05\/LUJAN1-45x45.jpg",45,45,true],"advps-thumb-one":["https:\/\/elfederalmendoza.com.ar\/wp-content\/uploads\/2024\/05\/LUJAN1-1158x420.jpg",1158,420,true]},"rttpg_author":{"display_name":"Redacci\u00f3n El Federal","author_link":"https:\/\/elfederalmendoza.com.ar\/index.php\/author\/angelflores\/"},"rttpg_comment":0,"rttpg_category":"<a href=\"https:\/\/elfederalmendoza.com.ar\/index.php\/category\/mza\/\" rel=\"category tag\">Mendoza<\/a>","rttpg_excerpt":"En la madrugada de este viernes, un\u00a0hombre mat\u00f3 a un presunto ladr\u00f3n\u00a0en el departamento de\u00a0Luj\u00e1n de Cuyo.\u00a0 Seg\u00fan el reporte del Ministerio Seguridad, dos sujetos habr\u00edan producido da\u00f1os en una ventana de una vivienda e ingresaron al domicilio con la intenci\u00f3n de sustraer un televisor. Al activarse la alarma, los individuos huyeron del lugar.\u00a0 Cerca&hellip;","_links":{"self":[{"href":"https:\/\/elfederalmendoza.com.ar\/index.php\/wp-json\/wp\/v2\/posts\/33017","targetHints":{"allow":["GET"]}}],"collection":[{"href":"https:\/\/elfederalmendoza.com.ar\/index.php\/wp-json\/wp\/v2\/posts"}],"about":[{"href":"https:\/\/elfederalmendoza.com.ar\/index.php\/wp-json\/wp\/v2\/types\/post"}],"author":[{"embeddable":true,"href":"https:\/\/elfederalmendoza.com.ar\/index.php\/wp-json\/wp\/v2\/users\/2"}],"replies":[{"embeddable":true,"href":"https:\/\/elfederalmendoza.com.ar\/index.php\/wp-json\/wp\/v2\/comments?post=33017"}],"version-history":[{"count":1,"href":"https:\/\/elfederalmendoza.com.ar\/index.php\/wp-json\/wp\/v2\/posts\/33017\/revisions"}],"predecessor-version":[{"id":33019,"href":"https:\/\/elfederalmendoza.com.ar\/index.php\/wp-json\/wp\/v2\/posts\/33017\/revisions\/33019"}],"wp:featuredmedia":[{"embeddable":true,"href":"https:\/\/elfederalmendoza.com.ar\/index.php\/wp-json\/wp\/v2\/media\/33018"}],"wp:attachment":[{"href":"https:\/\/elfederalmendoza.com.ar\/index.php\/wp-json\/wp\/v2\/media?parent=33017"}],"wp:term":[{"taxonomy":"category","embeddable":true,"href":"https:\/\/elfederalmendoza.com.ar\/index.php\/wp-json\/wp\/v2\/categories?post=33017"},{"taxonomy":"post_tag","embeddable":true,"href":"https:\/\/elfederalmendoza.com.ar\/index.php\/wp-json\/wp\/v2\/tags?post=33017"}],"curies":[{"name":"wp","href":"https:\/\/api.w.org\/{rel}","templated":true}]}}