{"id":33021,"date":"2024-05-31T09:12:02","date_gmt":"2024-05-31T12:12:02","guid":{"rendered":"https:\/\/elfederalmendoza.com\/?p=33021"},"modified":"2024-05-31T09:12:04","modified_gmt":"2024-05-31T12:12:04","slug":"el-gobierno-de-mendoza-otorgo-nuevos-aumentos-a-policias-y-penitenciarios","status":"publish","type":"post","link":"https:\/\/elfederalmendoza.com.ar\/index.php\/2024\/05\/31\/el-gobierno-de-mendoza-otorgo-nuevos-aumentos-a-policias-y-penitenciarios\/","title":{"rendered":"El Gobierno de Mendoza otorg\u00f3 nuevos aumentos a polic\u00edas y penitenciarios"},"content":{"rendered":"\n<p>Los incrementos se dan en dos \u00edtems espec\u00edficos que tambi\u00e9n incluye a jubilados y pensionados.<\/p>\n\n\n\n<p>El Gobierno de&nbsp;<strong>Alfredo Cornejo<\/strong>&nbsp;anunci\u00f3 un nuevo aumento salarial para&nbsp;<strong>polic\u00edas<\/strong>&nbsp;y&nbsp;<strong>penitenciarios<\/strong>&nbsp;provinciales. El incremento, que comenzar\u00e1 a regir a partir del 1 de junio, se da espec\u00edficamente en dos \u00edtems. Jubilados y pensionados de la fuerza de Seguridad tambi\u00e9n se ver\u00e1n beneficiados.<\/p>\n\n\n\n<p>A trav\u00e9s del decreto 1073, publicado en el Bolet\u00edn Oficial, el Ejecutivo otorgar\u00e1 un nuevo aumento para los efectivos policiales y del servicio de penitenciarios. El documento cuenta con la firma del propio Cornejo y de los ministros&nbsp;<strong>V\u00edctor Fayad<\/strong>&nbsp;(Hacienda) y de&nbsp;<strong>Mercedes Rus&nbsp;<\/strong>(Seguridad y Justicia).<\/p>\n\n\n\n<p>La decisi\u00f3n del Poder Ejecutivo porque uno de sus \u201c<em>objetivos prioritarios<\/em>\u201d de gesti\u00f3n es el \u201c<em>mejoramiento de las condiciones de la Seguridad P\u00fablica<\/em>\u201d. Bajo el argumento de que el tanto la polic\u00eda como los penitenciarios no se encuentra alcanzada por las normas de negociaci\u00f3n colectiva del sector p\u00fablico, \u201c<em>resulta necesario establecer un incremento salarial para el personal<\/em>\u201d.<\/p>\n\n\n\n<blockquote class=\"wp-block-quote is-layout-flow wp-block-quote-is-layout-flow\">\n<p><strong>Ya de lleno en los aumentos salariales,\u00a0<mark>el Gobierno subi\u00f3 del 10% al 20% el \u00edtem \u201cAdicional General por Funci\u00f3n Fuerzas de Seguridad\u201d<\/mark><\/strong><\/p>\n<\/blockquote>\n\n\n\n<p>Adem\u00e1s dispuso que el \u201cAdicional Personal de Seguridad (\u00cdtem 1433)\u201d pasar\u00e1 a ser del 19%. El decreto se\u00f1ala que solo se modifica los porcentajes de los puntos mencionados, sin modificar el car\u00e1cter del mismo ni su forma de c\u00e1lculo.<\/p>\n\n\n\n<p>\u201cSe trata de dos \u00edtems propios de las fuerzas, que en el caso de la polic\u00eda hacen a las funciones esenciales de prevenci\u00f3n y persecuci\u00f3n del delito. Tambi\u00e9n fortalecer\u00e1 el trabajo que ya vienen realizando, sumando competencias y tareas espec\u00edficas en el marco de las leyes que se est\u00e1n debatiendo en la Legislatura\u201d, explicaron desde el Ministerio de Seguridad.<\/p>\n\n\n\n<p>Adem\u00e1s, \u00a0en el caso de los beneficiarios del\u00a0<mark><strong>R\u00e9gimen de Retiros y Pensiones del personal policial y del Servicio Penitenciario<\/strong><\/mark>\u00a0de la provincia de Mendoza, se hace necesario otorgar las mismas condiciones salariales que a los agentes que se encuentran en actividad.<\/p>\n","protected":false},"excerpt":{"rendered":"<p>Los incrementos se dan en dos \u00edtems espec\u00edficos que tambi\u00e9n incluye a jubilados y pensionados. El Gobierno de&nbsp;Alfredo Cornejo&nbsp;anunci\u00f3 un nuevo aumento salarial para&nbsp;polic\u00edas&nbsp;y&nbsp;penitenciarios&nbsp;provinciales. El incremento, que comenzar\u00e1 a regir a partir del 1 de junio, se da espec\u00edficamente en dos \u00edtems. Jubilados y pensionados de la fuerza de Seguridad tambi\u00e9n se ver\u00e1n beneficiados. A<a class=\"read-more\" href=\"https:\/\/elfederalmendoza.com.ar\/index.php\/2024\/05\/31\/el-gobierno-de-mendoza-otorgo-nuevos-aumentos-a-policias-y-penitenciarios\/\"> [&hellip;]<\/a><\/p>\n","protected":false},"author":2,"featured_media":33023,"comment_status":"open","ping_status":"open","sticky":false,"template":"","format":"standard","meta":{"footnotes":""},"categories":[1],"tags":[],"class_list":["post-33021","post","type-post","status-publish","format-standard","has-post-thumbnail","hentry","category-mza"],"rttpg_featured_image_url":{"full":["https:\/\/elfederalmendoza.com.ar\/wp-content\/uploads\/2024\/05\/policia-de-mendoza.jpg",1193,790,false],"landscape":["https:\/\/elfederalmendoza.com.ar\/wp-content\/uploads\/2024\/05\/policia-de-mendoza.jpg",1193,790,false],"portraits":["https:\/\/elfederalmendoza.com.ar\/wp-content\/uploads\/2024\/05\/policia-de-mendoza.jpg",1193,790,false],"thumbnail":["https:\/\/elfederalmendoza.com.ar\/wp-content\/uploads\/2024\/05\/policia-de-mendoza-150x150.jpg",150,150,true],"medium":["https:\/\/elfederalmendoza.com.ar\/wp-content\/uploads\/2024\/05\/policia-de-mendoza-300x199.jpg",300,199,true],"large":["https:\/\/elfederalmendoza.com.ar\/wp-content\/uploads\/2024\/05\/policia-de-mendoza-1024x678.jpg",640,424,true],"1536x1536":["https:\/\/elfederalmendoza.com.ar\/wp-content\/uploads\/2024\/05\/policia-de-mendoza.jpg",1193,790,false],"2048x2048":["https:\/\/elfederalmendoza.com.ar\/wp-content\/uploads\/2024\/05\/policia-de-mendoza.jpg",1193,790,false],"ultp_layout_landscape_large":["https:\/\/elfederalmendoza.com.ar\/wp-content\/uploads\/2024\/05\/policia-de-mendoza.jpg",1193,790,false],"ultp_layout_landscape":["https:\/\/elfederalmendoza.com.ar\/wp-content\/uploads\/2024\/05\/policia-de-mendoza-870x570.jpg",870,570,true],"ultp_layout_portrait":["https:\/\/elfederalmendoza.com.ar\/wp-content\/uploads\/2024\/05\/policia-de-mendoza-600x790.jpg",600,790,true],"ultp_layout_square":["https:\/\/elfederalmendoza.com.ar\/wp-content\/uploads\/2024\/05\/policia-de-mendoza-600x600.jpg",600,600,true],"rpwe-thumbnail":["https:\/\/elfederalmendoza.com.ar\/wp-content\/uploads\/2024\/05\/policia-de-mendoza-45x45.jpg",45,45,true],"advps-thumb-one":["https:\/\/elfederalmendoza.com.ar\/wp-content\/uploads\/2024\/05\/policia-de-mendoza-1193x420.jpg",1193,420,true]},"rttpg_author":{"display_name":"Redacci\u00f3n El Federal","author_link":"https:\/\/elfederalmendoza.com.ar\/index.php\/author\/angelflores\/"},"rttpg_comment":0,"rttpg_category":"<a href=\"https:\/\/elfederalmendoza.com.ar\/index.php\/category\/mza\/\" rel=\"category tag\">Mendoza<\/a>","rttpg_excerpt":"Los incrementos se dan en dos \u00edtems espec\u00edficos que tambi\u00e9n incluye a jubilados y pensionados. El Gobierno de&nbsp;Alfredo Cornejo&nbsp;anunci\u00f3 un nuevo aumento salarial para&nbsp;polic\u00edas&nbsp;y&nbsp;penitenciarios&nbsp;provinciales. El incremento, que comenzar\u00e1 a regir a partir del 1 de junio, se da espec\u00edficamente en dos \u00edtems. Jubilados y pensionados de la fuerza de Seguridad tambi\u00e9n se ver\u00e1n beneficiados. A&hellip;","_links":{"self":[{"href":"https:\/\/elfederalmendoza.com.ar\/index.php\/wp-json\/wp\/v2\/posts\/33021","targetHints":{"allow":["GET"]}}],"collection":[{"href":"https:\/\/elfederalmendoza.com.ar\/index.php\/wp-json\/wp\/v2\/posts"}],"about":[{"href":"https:\/\/elfederalmendoza.com.ar\/index.php\/wp-json\/wp\/v2\/types\/post"}],"author":[{"embeddable":true,"href":"https:\/\/elfederalmendoza.com.ar\/index.php\/wp-json\/wp\/v2\/users\/2"}],"replies":[{"embeddable":true,"href":"https:\/\/elfederalmendoza.com.ar\/index.php\/wp-json\/wp\/v2\/comments?post=33021"}],"version-history":[{"count":1,"href":"https:\/\/elfederalmendoza.com.ar\/index.php\/wp-json\/wp\/v2\/posts\/33021\/revisions"}],"predecessor-version":[{"id":33024,"href":"https:\/\/elfederalmendoza.com.ar\/index.php\/wp-json\/wp\/v2\/posts\/33021\/revisions\/33024"}],"wp:featuredmedia":[{"embeddable":true,"href":"https:\/\/elfederalmendoza.com.ar\/index.php\/wp-json\/wp\/v2\/media\/33023"}],"wp:attachment":[{"href":"https:\/\/elfederalmendoza.com.ar\/index.php\/wp-json\/wp\/v2\/media?parent=33021"}],"wp:term":[{"taxonomy":"category","embeddable":true,"href":"https:\/\/elfederalmendoza.com.ar\/index.php\/wp-json\/wp\/v2\/categories?post=33021"},{"taxonomy":"post_tag","embeddable":true,"href":"https:\/\/elfederalmendoza.com.ar\/index.php\/wp-json\/wp\/v2\/tags?post=33021"}],"curies":[{"name":"wp","href":"https:\/\/api.w.org\/{rel}","templated":true}]}}