{"id":33026,"date":"2024-06-03T09:35:43","date_gmt":"2024-06-03T12:35:43","guid":{"rendered":"https:\/\/elfederalmendoza.com\/?p=33026"},"modified":"2024-06-03T09:35:45","modified_gmt":"2024-06-03T12:35:45","slug":"mexico-tiene-por-primera-vez-una-mujer-presidente-el-silencio-de-milei-y-el-saludo-de-alberto-fernandez-y-cristina-kirchner","status":"publish","type":"post","link":"https:\/\/elfederalmendoza.com.ar\/index.php\/2024\/06\/03\/mexico-tiene-por-primera-vez-una-mujer-presidente-el-silencio-de-milei-y-el-saludo-de-alberto-fernandez-y-cristina-kirchner\/","title":{"rendered":"M\u00e9xico tiene por primera vez una mujer presidente: El silencio de Milei y el saludo de Alberto Fern\u00e1ndez y Cristina Kirchner"},"content":{"rendered":"\n<p>La sucesora de <strong>Andr\u00e9s Manuel L\u00f3pez Obrador<\/strong> se impuso por amplio margen y ser\u00e1 la primera mujer de la historia mexicana que ocupe el Palacio Nacional.<\/p>\n\n\n\n<p>Tras confirmarse el triunfo por amplio margen de\u00a0<strong>Claudia Sheinbaum\u00a0<\/strong>en las elecciones de\u00a0<strong>M\u00e9xico<\/strong>, dirigentes argentinos de la oposici\u00f3n se pronunciaron al respecto. La sucesora de<strong>\u00a0Andr\u00e9s Manuel L\u00f3pez Obrador (AMLO)<\/strong>\u00a0ser\u00e1 la primera mujer en asumir al frente del Palacio Nacional mexicano. Hasta ahora (la ma\u00f1ana del lunes) no hubo reacci\u00f3n oficial de parte de<strong>\u00a0Javier Milei\u00a0<\/strong>ni del Ministerio de Relaciones Exteriores de Argentina.<\/p>\n\n\n\n<p>A las 00.00 (hora de M\u00e9xico), el Instituto Nacional Electoral (INE) inform\u00f3 por cadena nacional que&nbsp;<strong>Sheinbaum hab\u00eda obtenido m\u00e1s del 57% de los sufragios,<\/strong>&nbsp;un porcentaje de votos que marcan una tendencia en los comicios que X\u00f3chitl G\u00e1lvez Ru\u00edz y \u00c1lvarez M\u00e1ynez ya no podr\u00e1n descontar.<\/p>\n\n\n\n<p>Quienes encabezaron los saludos hacia la mandataria electa fueron el \u00faltimo binomio que administr\u00f3 la Argentina hasta diciembre del a\u00f1o pasado:\u00a0<strong>Alberto Fern\u00e1ndez\u00a0<\/strong>y\u00a0<strong>Cristina Kirchner.<\/strong><\/p>\n\n\n\n<figure class=\"wp-block-image size-large\"><img loading=\"lazy\" decoding=\"async\" width=\"1024\" height=\"541\" src=\"https:\/\/elfederalmendoza.com\/wp-content\/uploads\/2024\/06\/mex1-1024x541.jpg\" alt=\"\" class=\"wp-image-33028\" srcset=\"https:\/\/elfederalmendoza.com.ar\/wp-content\/uploads\/2024\/06\/mex1-1024x541.jpg 1024w, https:\/\/elfederalmendoza.com.ar\/wp-content\/uploads\/2024\/06\/mex1-300x159.jpg 300w, https:\/\/elfederalmendoza.com.ar\/wp-content\/uploads\/2024\/06\/mex1-768x406.jpg 768w, https:\/\/elfederalmendoza.com.ar\/wp-content\/uploads\/2024\/06\/mex1.jpg 1324w\" sizes=\"auto, (max-width: 1024px) 100vw, 1024px\" \/><\/figure>\n\n\n\n<p>\u201cYa se conocen los primeros datos del escrutinio de la elecci\u00f3n presidencial de M\u00e9xico.&nbsp;<strong>He tenido el privilegio de poder abrazar a quien ser\u00e1 la nueva presidenta de este querido pa\u00eds, nuestra querida @Claudiashein\u201d<\/strong>, celebr\u00f3 el ex presidente en su cuenta de<em>&nbsp;X<\/em>, quien revel\u00f3 que comparti\u00f3 con la sucesora de AMLO la recepci\u00f3n de los datos:&nbsp;<strong>\u201cTuve el honor de estar junto a ella y su equipo recibiendo los primeros resultados\u201d. \u201cUna mujer progresista continuar\u00e1 en M\u00e9xico la enorme tarea que inici\u00f3 mi querido L\u00f3pez Obrador\u201d<\/strong>, agreg\u00f3 Fern\u00e1ndez. \u201cLatinoam\u00e9rica celebra. Felicitaciones, querida Claudia\u201d, concluy\u00f3. Junto al saludo, el ex mandatario public\u00f3 un video del abrazo que le da a Sheinbaum al felicitarla por la victoria en las urnas.<\/p>\n\n\n\n<p>A trav\u00e9s de la misma red social se pronunci\u00f3 la ex mandataria.\u00a0<strong>\u201cSaludamos desde Argentina, nuestro pa\u00eds, al pueblo mexicano por la hist\u00f3rica jornada democr\u00e1tica que protagoniz\u00f3. Y felicitamos al Movimiento de Regeneraci\u00f3n Nacional (MORENA) por el triunfo obtenido en las urnas y a quien fuera su candidata, hoy la primera Presidenta de M\u00e9xico, Dra. Claudia Sheinbaum\u201d<\/strong>, expres\u00f3 CFK en las primeras horas de la madrugada de este lunes.<\/p>\n\n\n\n<figure class=\"wp-block-image size-full\"><img loading=\"lazy\" decoding=\"async\" width=\"828\" height=\"379\" src=\"https:\/\/elfederalmendoza.com\/wp-content\/uploads\/2024\/06\/mex2.jpg\" alt=\"\" class=\"wp-image-33029\" srcset=\"https:\/\/elfederalmendoza.com.ar\/wp-content\/uploads\/2024\/06\/mex2.jpg 828w, https:\/\/elfederalmendoza.com.ar\/wp-content\/uploads\/2024\/06\/mex2-300x137.jpg 300w, https:\/\/elfederalmendoza.com.ar\/wp-content\/uploads\/2024\/06\/mex2-768x352.jpg 768w\" sizes=\"auto, (max-width: 828px) 100vw, 828px\" \/><\/figure>\n\n\n\n<p><a href=\"https:\/\/www.infobae.com\/politica\/2024\/06\/03\/milei-se-reunio-con-sandra-pettovello-para-transmitirle-personalmente-su-respaldo-tras-la-polemica-de-los-alimentos\/\" target=\"_blank\" rel=\"noreferrer noopener\"><\/a><\/p>\n\n\n\n<p>En la misma sinton\u00eda se expres\u00f3 el Senador Nacional de Uni\u00f3n por la Patria,&nbsp;<strong>Eduardo \u201cWado\u201d De Pedro<\/strong>. \u201cQuiero felicitar a @Claudiashein, presidenta electa de M\u00e9xico, y al @PartidoMorenaMx por el contundente resultado electoral.&nbsp;<strong>El pueblo mexicano fue contundente en las urnas. Eligieron continuar y profundizar las transformaciones. Eligieron un gobierno con sentido soberano, sensibilidad social y un modelo de crecimiento y desarrollo\u201d<\/strong>, declar\u00f3 el ex ministro del Interior.<\/p>\n\n\n\n<p>Por su parte, el dirigente social y ex precandidato presidencial de Uni\u00f3n por la Patria,&nbsp;<strong>Juan Grabois<\/strong>, festej\u00f3: \u201c\u00a1La Patria Grande est\u00e1 de pie! Arriba @Claudiashein. Gracias @lopezobrador_ por tanto. \u00a1Viva M\u00e9xico cabrones!\u201d<\/p>\n\n\n\n<p>En tanto,<strong>&nbsp;Javier Milei&nbsp;<\/strong>no se ha pronunciado a\u00fan sobre el triunfo de Sheinbaum. Tampoco lo ha hecho el Ministerio de Relaciones Exteriores ni ning\u00fan otro organismo de Gobierno a trav\u00e9s de alguno de los canales oficiales. En las primeras horas de la ma\u00f1ana de este lunes la canciller&nbsp;<strong>Diana Mondino<\/strong>&nbsp;tampoco emiti\u00f3 opini\u00f3n al respecto; sus \u00faltimas apariciones en redes sociales estuvieron dedicadas a defender -al igual que el presidente- a Sandra Pettovello, en medio del esc\u00e1ndalo por los alimentos destinados a comedores.<\/p>\n\n\n\n<figure class=\"wp-block-image\"><img decoding=\"async\" src=\"https:\/\/www.infobae.com\/new-resizer\/BZzLK-Cstt0hi_B2rOdJlqpoeBc=\/arc-anglerfish-arc2-prod-infobae\/public\/QISE6KRJTFDZPKS73ORM77NGLM.png\" alt=\"infobae\"\/><\/figure>\n","protected":false},"excerpt":{"rendered":"<p>La sucesora de Andr\u00e9s Manuel L\u00f3pez Obrador se impuso por amplio margen y ser\u00e1 la primera mujer de la historia mexicana que ocupe el Palacio Nacional. Tras confirmarse el triunfo por amplio margen de\u00a0Claudia Sheinbaum\u00a0en las elecciones de\u00a0M\u00e9xico, dirigentes argentinos de la oposici\u00f3n se pronunciaron al respecto. La sucesora de\u00a0Andr\u00e9s Manuel L\u00f3pez Obrador (AMLO)\u00a0ser\u00e1 la<a class=\"read-more\" href=\"https:\/\/elfederalmendoza.com.ar\/index.php\/2024\/06\/03\/mexico-tiene-por-primera-vez-una-mujer-presidente-el-silencio-de-milei-y-el-saludo-de-alberto-fernandez-y-cristina-kirchner\/\"> [&hellip;]<\/a><\/p>\n","protected":false},"author":2,"featured_media":33030,"comment_status":"open","ping_status":"open","sticky":false,"template":"","format":"standard","meta":{"footnotes":""},"categories":[5618],"tags":[],"class_list":["post-33026","post","type-post","status-publish","format-standard","has-post-thumbnail","hentry","category-arg"],"rttpg_featured_image_url":{"full":["https:\/\/elfederalmendoza.com.ar\/wp-content\/uploads\/2024\/06\/mex.jpg",1161,862,false],"landscape":["https:\/\/elfederalmendoza.com.ar\/wp-content\/uploads\/2024\/06\/mex.jpg",1161,862,false],"portraits":["https:\/\/elfederalmendoza.com.ar\/wp-content\/uploads\/2024\/06\/mex.jpg",1161,862,false],"thumbnail":["https:\/\/elfederalmendoza.com.ar\/wp-content\/uploads\/2024\/06\/mex-150x150.jpg",150,150,true],"medium":["https:\/\/elfederalmendoza.com.ar\/wp-content\/uploads\/2024\/06\/mex-300x223.jpg",300,223,true],"large":["https:\/\/elfederalmendoza.com.ar\/wp-content\/uploads\/2024\/06\/mex-1024x760.jpg",640,475,true],"1536x1536":["https:\/\/elfederalmendoza.com.ar\/wp-content\/uploads\/2024\/06\/mex.jpg",1161,862,false],"2048x2048":["https:\/\/elfederalmendoza.com.ar\/wp-content\/uploads\/2024\/06\/mex.jpg",1161,862,false],"ultp_layout_landscape_large":["https:\/\/elfederalmendoza.com.ar\/wp-content\/uploads\/2024\/06\/mex-1161x800.jpg",1161,800,true],"ultp_layout_landscape":["https:\/\/elfederalmendoza.com.ar\/wp-content\/uploads\/2024\/06\/mex-870x570.jpg",870,570,true],"ultp_layout_portrait":["https:\/\/elfederalmendoza.com.ar\/wp-content\/uploads\/2024\/06\/mex-600x862.jpg",600,862,true],"ultp_layout_square":["https:\/\/elfederalmendoza.com.ar\/wp-content\/uploads\/2024\/06\/mex-600x600.jpg",600,600,true],"rpwe-thumbnail":["https:\/\/elfederalmendoza.com.ar\/wp-content\/uploads\/2024\/06\/mex-45x45.jpg",45,45,true],"advps-thumb-one":["https:\/\/elfederalmendoza.com.ar\/wp-content\/uploads\/2024\/06\/mex-1161x420.jpg",1161,420,true]},"rttpg_author":{"display_name":"Redacci\u00f3n El Federal","author_link":"https:\/\/elfederalmendoza.com.ar\/index.php\/author\/angelflores\/"},"rttpg_comment":0,"rttpg_category":"<a href=\"https:\/\/elfederalmendoza.com.ar\/index.php\/category\/arg\/\" rel=\"category tag\">Argentina<\/a>","rttpg_excerpt":"La sucesora de Andr\u00e9s Manuel L\u00f3pez Obrador se impuso por amplio margen y ser\u00e1 la primera mujer de la historia mexicana que ocupe el Palacio Nacional. Tras confirmarse el triunfo por amplio margen de\u00a0Claudia Sheinbaum\u00a0en las elecciones de\u00a0M\u00e9xico, dirigentes argentinos de la oposici\u00f3n se pronunciaron al respecto. La sucesora de\u00a0Andr\u00e9s Manuel L\u00f3pez Obrador (AMLO)\u00a0ser\u00e1 la&hellip;","_links":{"self":[{"href":"https:\/\/elfederalmendoza.com.ar\/index.php\/wp-json\/wp\/v2\/posts\/33026","targetHints":{"allow":["GET"]}}],"collection":[{"href":"https:\/\/elfederalmendoza.com.ar\/index.php\/wp-json\/wp\/v2\/posts"}],"about":[{"href":"https:\/\/elfederalmendoza.com.ar\/index.php\/wp-json\/wp\/v2\/types\/post"}],"author":[{"embeddable":true,"href":"https:\/\/elfederalmendoza.com.ar\/index.php\/wp-json\/wp\/v2\/users\/2"}],"replies":[{"embeddable":true,"href":"https:\/\/elfederalmendoza.com.ar\/index.php\/wp-json\/wp\/v2\/comments?post=33026"}],"version-history":[{"count":1,"href":"https:\/\/elfederalmendoza.com.ar\/index.php\/wp-json\/wp\/v2\/posts\/33026\/revisions"}],"predecessor-version":[{"id":33031,"href":"https:\/\/elfederalmendoza.com.ar\/index.php\/wp-json\/wp\/v2\/posts\/33026\/revisions\/33031"}],"wp:featuredmedia":[{"embeddable":true,"href":"https:\/\/elfederalmendoza.com.ar\/index.php\/wp-json\/wp\/v2\/media\/33030"}],"wp:attachment":[{"href":"https:\/\/elfederalmendoza.com.ar\/index.php\/wp-json\/wp\/v2\/media?parent=33026"}],"wp:term":[{"taxonomy":"category","embeddable":true,"href":"https:\/\/elfederalmendoza.com.ar\/index.php\/wp-json\/wp\/v2\/categories?post=33026"},{"taxonomy":"post_tag","embeddable":true,"href":"https:\/\/elfederalmendoza.com.ar\/index.php\/wp-json\/wp\/v2\/tags?post=33026"}],"curies":[{"name":"wp","href":"https:\/\/api.w.org\/{rel}","templated":true}]}}