{"id":33033,"date":"2024-06-03T10:06:44","date_gmt":"2024-06-03T13:06:44","guid":{"rendered":"https:\/\/elfederalmendoza.com\/?p=33033"},"modified":"2024-06-03T10:06:46","modified_gmt":"2024-06-03T13:06:46","slug":"video-asi-roban-cables-en-palmira-a-plena-luz-del-dia","status":"publish","type":"post","link":"https:\/\/elfederalmendoza.com.ar\/index.php\/2024\/06\/03\/video-asi-roban-cables-en-palmira-a-plena-luz-del-dia\/","title":{"rendered":"-VIDEO- As\u00ed roban cables en Palmira a plena luz del d\u00eda"},"content":{"rendered":"\n<p>Dos ladrones descolgaron el cableado el\u00e9ctrico a plena luz del d\u00eda y se fueron caminando por el medio de la calle con total tranquilidad. Un vecino film\u00f3 el momento.<\/p>\n\n\n\n<p>Este s\u00e1bado 1 de junio, a las 11,&nbsp;<strong>dos ladrones robaron cables<\/strong>&nbsp;en la calle Moreno de&nbsp;<strong>Palmira<\/strong>, siendo&nbsp;<strong>filmados<\/strong>&nbsp;por un vecino con su tel\u00e9fono celular. Con total tranquilidad,<strong>&nbsp;descolgaban el cableado y escapaban<\/strong>&nbsp;caminando por el medio de la calle.<\/p>\n\n\n\n<p>Seg\u00fan testigos, los ladrones actuaron con\u00a0<strong>total impunidad<\/strong>, llevando a cabo el\u00a0<strong>delito a plena luz del d\u00eda<\/strong>. La grabaci\u00f3n realizada por un vecino permiti\u00f3\u00a0<strong>identificar a uno de los sospechosos<\/strong>, el cual ya se encuentra a disposici\u00f3n de la justicia, mientras que las autoridades contin\u00faan trabajando para reconocer a la segunda persona involucrada.<\/p>\n\n\n\n<figure class=\"wp-block-embed is-type-video is-provider-youtube wp-block-embed-youtube wp-embed-aspect-16-9 wp-has-aspect-ratio\"><div class=\"wp-block-embed__wrapper\">\n<iframe loading=\"lazy\" title=\"Robo de cables en Palmira\" width=\"640\" height=\"360\" src=\"https:\/\/www.youtube.com\/embed\/vHFgShRpY-k?start=9&#038;feature=oembed\" frameborder=\"0\" allow=\"accelerometer; autoplay; clipboard-write; encrypted-media; gyroscope; picture-in-picture; web-share\" referrerpolicy=\"strict-origin-when-cross-origin\" allowfullscreen><\/iframe>\n<\/div><\/figure>\n\n\n\n<p>Ante este robo, es importante recordar que\u00a0<strong>hace unas semanas,\u00a0gran parte de la localidad de Palmira sufri\u00f3 cortes de energ\u00eda el\u00e9ctrica<\/strong>\u00a0debido a una oleada de\u00a0<strong>robos de cables<\/strong>. El ladr\u00f3n qued\u00f3 muy grave al recibir una descarga mientras comet\u00eda el delito.<\/p>\n\n\n\n<p>Adem\u00e1s, se inform\u00f3 que <strong>una persona result\u00f3 herida tras recibir una descarga el\u00e9ctrica mientras intentaba evitar el robo.<\/strong> La v\u00edctima sufri\u00f3 traumatismo de cr\u00e1neo con trastorno de conciencia, hemorragia craneal, fisura del cr\u00e1neo posterior y frontal del maxilar. Se encuentra bajo atenci\u00f3n m\u00e9dica.<\/p>\n\n\n\n<p>Las autoridades llamaron a la comunidad a mantenerse alerta<strong> y a reportar cualquier actividad sospechosa<\/strong> para poder combatir eficazmente este tipo de delitos que afectan a toda la poblaci\u00f3n.<\/p>\n","protected":false},"excerpt":{"rendered":"<p>Dos ladrones descolgaron el cableado el\u00e9ctrico a plena luz del d\u00eda y se fueron caminando por el medio de la calle con total tranquilidad. Un vecino film\u00f3 el momento. Este s\u00e1bado 1 de junio, a las 11,&nbsp;dos ladrones robaron cables&nbsp;en la calle Moreno de&nbsp;Palmira, siendo&nbsp;filmados&nbsp;por un vecino con su tel\u00e9fono celular. Con total tranquilidad,&nbsp;descolgaban el<a class=\"read-more\" href=\"https:\/\/elfederalmendoza.com.ar\/index.php\/2024\/06\/03\/video-asi-roban-cables-en-palmira-a-plena-luz-del-dia\/\"> [&hellip;]<\/a><\/p>\n","protected":false},"author":2,"featured_media":33035,"comment_status":"open","ping_status":"open","sticky":false,"template":"","format":"standard","meta":{"footnotes":""},"categories":[1],"tags":[],"class_list":["post-33033","post","type-post","status-publish","format-standard","has-post-thumbnail","hentry","category-mza"],"rttpg_featured_image_url":{"full":["https:\/\/elfederalmendoza.com.ar\/wp-content\/uploads\/2024\/06\/ROBACABLES.jpg",1376,888,false],"landscape":["https:\/\/elfederalmendoza.com.ar\/wp-content\/uploads\/2024\/06\/ROBACABLES.jpg",1376,888,false],"portraits":["https:\/\/elfederalmendoza.com.ar\/wp-content\/uploads\/2024\/06\/ROBACABLES.jpg",1376,888,false],"thumbnail":["https:\/\/elfederalmendoza.com.ar\/wp-content\/uploads\/2024\/06\/ROBACABLES-150x150.jpg",150,150,true],"medium":["https:\/\/elfederalmendoza.com.ar\/wp-content\/uploads\/2024\/06\/ROBACABLES-300x194.jpg",300,194,true],"large":["https:\/\/elfederalmendoza.com.ar\/wp-content\/uploads\/2024\/06\/ROBACABLES-1024x661.jpg",640,413,true],"1536x1536":["https:\/\/elfederalmendoza.com.ar\/wp-content\/uploads\/2024\/06\/ROBACABLES.jpg",1376,888,false],"2048x2048":["https:\/\/elfederalmendoza.com.ar\/wp-content\/uploads\/2024\/06\/ROBACABLES.jpg",1376,888,false],"ultp_layout_landscape_large":["https:\/\/elfederalmendoza.com.ar\/wp-content\/uploads\/2024\/06\/ROBACABLES-1200x800.jpg",1200,800,true],"ultp_layout_landscape":["https:\/\/elfederalmendoza.com.ar\/wp-content\/uploads\/2024\/06\/ROBACABLES-870x570.jpg",870,570,true],"ultp_layout_portrait":["https:\/\/elfederalmendoza.com.ar\/wp-content\/uploads\/2024\/06\/ROBACABLES-600x888.jpg",600,888,true],"ultp_layout_square":["https:\/\/elfederalmendoza.com.ar\/wp-content\/uploads\/2024\/06\/ROBACABLES-600x600.jpg",600,600,true],"rpwe-thumbnail":["https:\/\/elfederalmendoza.com.ar\/wp-content\/uploads\/2024\/06\/ROBACABLES-45x45.jpg",45,45,true],"advps-thumb-one":["https:\/\/elfederalmendoza.com.ar\/wp-content\/uploads\/2024\/06\/ROBACABLES-1200x420.jpg",1200,420,true]},"rttpg_author":{"display_name":"Redacci\u00f3n El Federal","author_link":"https:\/\/elfederalmendoza.com.ar\/index.php\/author\/angelflores\/"},"rttpg_comment":0,"rttpg_category":"<a href=\"https:\/\/elfederalmendoza.com.ar\/index.php\/category\/mza\/\" rel=\"category tag\">Mendoza<\/a>","rttpg_excerpt":"Dos ladrones descolgaron el cableado el\u00e9ctrico a plena luz del d\u00eda y se fueron caminando por el medio de la calle con total tranquilidad. Un vecino film\u00f3 el momento. Este s\u00e1bado 1 de junio, a las 11,&nbsp;dos ladrones robaron cables&nbsp;en la calle Moreno de&nbsp;Palmira, siendo&nbsp;filmados&nbsp;por un vecino con su tel\u00e9fono celular. Con total tranquilidad,&nbsp;descolgaban el&hellip;","_links":{"self":[{"href":"https:\/\/elfederalmendoza.com.ar\/index.php\/wp-json\/wp\/v2\/posts\/33033","targetHints":{"allow":["GET"]}}],"collection":[{"href":"https:\/\/elfederalmendoza.com.ar\/index.php\/wp-json\/wp\/v2\/posts"}],"about":[{"href":"https:\/\/elfederalmendoza.com.ar\/index.php\/wp-json\/wp\/v2\/types\/post"}],"author":[{"embeddable":true,"href":"https:\/\/elfederalmendoza.com.ar\/index.php\/wp-json\/wp\/v2\/users\/2"}],"replies":[{"embeddable":true,"href":"https:\/\/elfederalmendoza.com.ar\/index.php\/wp-json\/wp\/v2\/comments?post=33033"}],"version-history":[{"count":1,"href":"https:\/\/elfederalmendoza.com.ar\/index.php\/wp-json\/wp\/v2\/posts\/33033\/revisions"}],"predecessor-version":[{"id":33036,"href":"https:\/\/elfederalmendoza.com.ar\/index.php\/wp-json\/wp\/v2\/posts\/33033\/revisions\/33036"}],"wp:featuredmedia":[{"embeddable":true,"href":"https:\/\/elfederalmendoza.com.ar\/index.php\/wp-json\/wp\/v2\/media\/33035"}],"wp:attachment":[{"href":"https:\/\/elfederalmendoza.com.ar\/index.php\/wp-json\/wp\/v2\/media?parent=33033"}],"wp:term":[{"taxonomy":"category","embeddable":true,"href":"https:\/\/elfederalmendoza.com.ar\/index.php\/wp-json\/wp\/v2\/categories?post=33033"},{"taxonomy":"post_tag","embeddable":true,"href":"https:\/\/elfederalmendoza.com.ar\/index.php\/wp-json\/wp\/v2\/tags?post=33033"}],"curies":[{"name":"wp","href":"https:\/\/api.w.org\/{rel}","templated":true}]}}