{"id":33038,"date":"2024-06-03T17:45:59","date_gmt":"2024-06-03T20:45:59","guid":{"rendered":"https:\/\/elfederalmendoza.com\/?p=33038"},"modified":"2024-06-03T17:46:01","modified_gmt":"2024-06-03T20:46:01","slug":"ofrecen-maxima-recompensa-por-el-joven-de-guaymallen-desaparecido-en-la-plaza-del-barrio-unimev-hace-un-ano-y-medio","status":"publish","type":"post","link":"https:\/\/elfederalmendoza.com.ar\/index.php\/2024\/06\/03\/ofrecen-maxima-recompensa-por-el-joven-de-guaymallen-desaparecido-en-la-plaza-del-barrio-unimev-hace-un-ano-y-medio\/","title":{"rendered":"Ofrecen m\u00e1xima recompensa por el joven de Guaymall\u00e9n desaparecido en la plaza del barrio Unimev hace un a\u00f1o y medio"},"content":{"rendered":"\n<p><strong>\u00a0Dar\u00edo Sebasti\u00e1n Codina Bandes<\/strong>\u00a0(26) fue<strong>\u00a0visto por \u00faltima vez el 17 de enero de 2023\u00a0<\/strong>en la plaza del barrio\u00a0<strong>Unimev<\/strong>\u00a0de\u00a0Guaymall\u00e9n. El \u00faltimo contacto fue por WhatsApp, con una amiga. Desde ese momento nada se sabe de \u00e9l.<\/p>\n\n\n\n<p>Este lunes, el Gobierno subi\u00f3 la suma en\u00a0<strong>recompensa a $3.175.000<\/strong>\u00a0por datos sobre su\u00a0<strong>paradero<\/strong>. Es la<strong>\u00a0cifra m\u00e1xima<\/strong>\u00a0que pueden poner a disposici\u00f3n para encontrar a una persona.<\/p>\n\n\n\n<figure class=\"wp-block-image is-resized\"><img decoding=\"async\" src=\"https:\/\/www.mendozapost.com\/files\/image\/574\/574539\/665e248849b6a_570_422!.jpg?s=eaf2987431671ff94fd6cf454ea7c6cf&amp;d=1717445772\" alt=\"\" style=\"width:840px;height:auto\"\/><\/figure>\n\n\n\n<p>Dar\u00edo trabajaba en la feria de Guaymall\u00e9n, hac\u00eda diferentes trabajos para un hombre. Un dato que consta en el expediente es que se reuni\u00f3 con su jefe fuera del horario de trabajo. Adem\u00e1s, este sujeto le hab\u00eda prestado una habitaci\u00f3n para que viviera all\u00ed.<\/p>\n\n\n\n<p>En cu\u00e1nto al \u00faltimo contacto que tuvo, fue a trav\u00e9s de Wathsatpp con una amiga. Ese d\u00eda iban a ir a una pileta y Dar\u00edo le escribi\u00f3 pregunt\u00e1ndole \u00abqu\u00e9 onda\u00bb. Desde ese momento su tel\u00e9fono dej\u00f3 de tener actividad. A la fecha, la familia reclama que la causa se mueva y conocer finalmente cual es el paradero del chico.<\/p>\n\n\n\n<figure class=\"wp-block-image is-resized\"><img decoding=\"async\" src=\"https:\/\/www.mendozapost.com\/files\/image\/454\/454805\/63dba009ef888_570_580!.jpg?s=a2eb6a60da212ce982d8badabbc57b86&amp;d=1715545603\" alt=\"\" style=\"width:840px;height:auto\"\/><figcaption class=\"wp-element-caption\">Dar\u00edo Sebasti\u00e1n Codina Bandes.<\/figcaption><\/figure>\n","protected":false},"excerpt":{"rendered":"<p>\u00a0Dar\u00edo Sebasti\u00e1n Codina Bandes\u00a0(26) fue\u00a0visto por \u00faltima vez el 17 de enero de 2023\u00a0en la plaza del barrio\u00a0Unimev\u00a0de\u00a0Guaymall\u00e9n. El \u00faltimo contacto fue por WhatsApp, con una amiga. Desde ese momento nada se sabe de \u00e9l. Este lunes, el Gobierno subi\u00f3 la suma en\u00a0recompensa a $3.175.000\u00a0por datos sobre su\u00a0paradero. Es la\u00a0cifra m\u00e1xima\u00a0que pueden poner a disposici\u00f3n<a class=\"read-more\" href=\"https:\/\/elfederalmendoza.com.ar\/index.php\/2024\/06\/03\/ofrecen-maxima-recompensa-por-el-joven-de-guaymallen-desaparecido-en-la-plaza-del-barrio-unimev-hace-un-ano-y-medio\/\"> [&hellip;]<\/a><\/p>\n","protected":false},"author":2,"featured_media":33040,"comment_status":"open","ping_status":"open","sticky":false,"template":"","format":"standard","meta":{"footnotes":""},"categories":[1],"tags":[],"class_list":["post-33038","post","type-post","status-publish","format-standard","has-post-thumbnail","hentry","category-mza"],"rttpg_featured_image_url":{"full":["https:\/\/elfederalmendoza.com.ar\/wp-content\/uploads\/2024\/06\/dario1.jpg",1308,737,false],"landscape":["https:\/\/elfederalmendoza.com.ar\/wp-content\/uploads\/2024\/06\/dario1.jpg",1308,737,false],"portraits":["https:\/\/elfederalmendoza.com.ar\/wp-content\/uploads\/2024\/06\/dario1.jpg",1308,737,false],"thumbnail":["https:\/\/elfederalmendoza.com.ar\/wp-content\/uploads\/2024\/06\/dario1-150x150.jpg",150,150,true],"medium":["https:\/\/elfederalmendoza.com.ar\/wp-content\/uploads\/2024\/06\/dario1-300x169.jpg",300,169,true],"large":["https:\/\/elfederalmendoza.com.ar\/wp-content\/uploads\/2024\/06\/dario1-1024x577.jpg",640,361,true],"1536x1536":["https:\/\/elfederalmendoza.com.ar\/wp-content\/uploads\/2024\/06\/dario1.jpg",1308,737,false],"2048x2048":["https:\/\/elfederalmendoza.com.ar\/wp-content\/uploads\/2024\/06\/dario1.jpg",1308,737,false],"ultp_layout_landscape_large":["https:\/\/elfederalmendoza.com.ar\/wp-content\/uploads\/2024\/06\/dario1-1200x737.jpg",1200,737,true],"ultp_layout_landscape":["https:\/\/elfederalmendoza.com.ar\/wp-content\/uploads\/2024\/06\/dario1-870x570.jpg",870,570,true],"ultp_layout_portrait":["https:\/\/elfederalmendoza.com.ar\/wp-content\/uploads\/2024\/06\/dario1-600x737.jpg",600,737,true],"ultp_layout_square":["https:\/\/elfederalmendoza.com.ar\/wp-content\/uploads\/2024\/06\/dario1-600x600.jpg",600,600,true],"rpwe-thumbnail":["https:\/\/elfederalmendoza.com.ar\/wp-content\/uploads\/2024\/06\/dario1-45x45.jpg",45,45,true],"advps-thumb-one":["https:\/\/elfederalmendoza.com.ar\/wp-content\/uploads\/2024\/06\/dario1-1200x420.jpg",1200,420,true]},"rttpg_author":{"display_name":"Redacci\u00f3n El Federal","author_link":"https:\/\/elfederalmendoza.com.ar\/index.php\/author\/angelflores\/"},"rttpg_comment":0,"rttpg_category":"<a href=\"https:\/\/elfederalmendoza.com.ar\/index.php\/category\/mza\/\" rel=\"category tag\">Mendoza<\/a>","rttpg_excerpt":"\u00a0Dar\u00edo Sebasti\u00e1n Codina Bandes\u00a0(26) fue\u00a0visto por \u00faltima vez el 17 de enero de 2023\u00a0en la plaza del barrio\u00a0Unimev\u00a0de\u00a0Guaymall\u00e9n. El \u00faltimo contacto fue por WhatsApp, con una amiga. Desde ese momento nada se sabe de \u00e9l. Este lunes, el Gobierno subi\u00f3 la suma en\u00a0recompensa a $3.175.000\u00a0por datos sobre su\u00a0paradero. Es la\u00a0cifra m\u00e1xima\u00a0que pueden poner a disposici\u00f3n&hellip;","_links":{"self":[{"href":"https:\/\/elfederalmendoza.com.ar\/index.php\/wp-json\/wp\/v2\/posts\/33038","targetHints":{"allow":["GET"]}}],"collection":[{"href":"https:\/\/elfederalmendoza.com.ar\/index.php\/wp-json\/wp\/v2\/posts"}],"about":[{"href":"https:\/\/elfederalmendoza.com.ar\/index.php\/wp-json\/wp\/v2\/types\/post"}],"author":[{"embeddable":true,"href":"https:\/\/elfederalmendoza.com.ar\/index.php\/wp-json\/wp\/v2\/users\/2"}],"replies":[{"embeddable":true,"href":"https:\/\/elfederalmendoza.com.ar\/index.php\/wp-json\/wp\/v2\/comments?post=33038"}],"version-history":[{"count":1,"href":"https:\/\/elfederalmendoza.com.ar\/index.php\/wp-json\/wp\/v2\/posts\/33038\/revisions"}],"predecessor-version":[{"id":33041,"href":"https:\/\/elfederalmendoza.com.ar\/index.php\/wp-json\/wp\/v2\/posts\/33038\/revisions\/33041"}],"wp:featuredmedia":[{"embeddable":true,"href":"https:\/\/elfederalmendoza.com.ar\/index.php\/wp-json\/wp\/v2\/media\/33040"}],"wp:attachment":[{"href":"https:\/\/elfederalmendoza.com.ar\/index.php\/wp-json\/wp\/v2\/media?parent=33038"}],"wp:term":[{"taxonomy":"category","embeddable":true,"href":"https:\/\/elfederalmendoza.com.ar\/index.php\/wp-json\/wp\/v2\/categories?post=33038"},{"taxonomy":"post_tag","embeddable":true,"href":"https:\/\/elfederalmendoza.com.ar\/index.php\/wp-json\/wp\/v2\/tags?post=33038"}],"curies":[{"name":"wp","href":"https:\/\/api.w.org\/{rel}","templated":true}]}}