{"id":33043,"date":"2024-06-04T08:58:06","date_gmt":"2024-06-04T11:58:06","guid":{"rendered":"https:\/\/elfederalmendoza.com\/?p=33043"},"modified":"2024-06-04T08:58:08","modified_gmt":"2024-06-04T11:58:08","slug":"murio-un-menor-de-14-anos-que-conducia-una-hilux-acompanado-por-un-chico-de-13-que-quedo-internado-en-el-notti","status":"publish","type":"post","link":"https:\/\/elfederalmendoza.com.ar\/index.php\/2024\/06\/04\/murio-un-menor-de-14-anos-que-conducia-una-hilux-acompanado-por-un-chico-de-13-que-quedo-internado-en-el-notti\/","title":{"rendered":"Muri\u00f3 un menor de 14 a\u00f1os que conduc\u00eda una Hilux, acompa\u00f1ado por un chico de 13 que qued\u00f3 internado en el Notti"},"content":{"rendered":"\n<p>Sigue creciendo el n\u00famero de muertos en accidentes de tr\u00e1nsito y ya son son 84 las v\u00edctimas fatales. El acompa\u00f1ante fue trasladado al Hospital Notti con politraumatismos de cr\u00e1neo.<\/p>\n\n\n\n<p>Otro\u00a0<strong>accidente de tr\u00e1nsito en<\/strong>\u00a0<strong>Mendoza<\/strong>\u00a0que termina con una v\u00edctima fatal.\u00a0<strong>Esta vez lo protagoniz\u00f3 un<\/strong>\u00a0<strong>menor de 14 a\u00f1os que manejaba una Hilux<\/strong>\u00a0y\u00a0<strong>muri\u00f3\u00a0<\/strong>este lunes al perder el dominio de la camioneta e impactar contra un poste en el barrio Fray Luis Beltr\u00e1n de Maip\u00fa.\u00a0<strong>Su acompa\u00f1ante<\/strong>\u00a0<strong>fue trasladado al Hospital Notti<\/strong><\/p>\n\n\n\n<p>El hecho sucedi\u00f3 a las 19 horas. A bordo de la camioneta iba otro adolescente de 13 a\u00f1os que qued\u00f3 internado en el sanatorio infantil.<\/p>\n\n\n\n<p>De acuerdo con las fuentes policiales, la camioneta&nbsp;<strong>circulaba por calle Santa Mar\u00eda hacia el este<\/strong>. Debido a que la&nbsp;<strong>arteria es toda enripiada<\/strong>, el conductor perdi\u00f3 el dominio del veh\u00edculo, derrap\u00f3 y colision\u00f3 contra un poste. La camioneta finaliz\u00f3 su recorrido al impactar contra la pared medianera de una vivienda y qued\u00f3 volcada. El conductor del veh\u00edculo perdi\u00f3 la vida en el lugar.<\/p>\n\n\n\n<figure class=\"wp-block-image\"><img decoding=\"async\" src=\"https:\/\/media.diariouno.com.ar\/p\/dca64c4e3a0db331242e34301b4bf500\/adjuntos\/298\/imagenes\/009\/347\/0009347369\/1200x0\/smart\/accidente-maipu.jpeg\" alt=\"El hecho ocurri\u00f3 en el barrio Fray Luis Beltr\u00e1n de Maip\u00fa.\" title=\"El hecho ocurri\u00f3 en el barrio Fray Luis Beltr\u00e1n de Maip\u00fa.\"\/><\/figure>\n\n\n\n<p>El hecho ocurri\u00f3 en el barrio Fray Luis Beltr\u00e1n de Maip\u00fa.<\/p>\n\n\n\n<p>El otro menor, un adolescente de 13 a\u00f1os, termin\u00f3 con politraumatismos de cr\u00e1neo sin p\u00e9rdida de conocimiento y fue<strong>&nbsp;trasladado al Hospital Notti.<\/strong><\/p>\n\n\n\n<p>Trabaj\u00f3 en el lugar personal de Bomberos Voluntarios, de Coordinaci\u00f3n Vial y personal policial de jurisdicci\u00f3n.<\/p>\n\n\n\n<h2 class=\"wp-block-heading\">Las 2 versiones de los testigos<\/h2>\n\n\n\n<p>Hay 2 versiones que advirtieron los vecinos. Por un lado, algunos&nbsp;<strong>afirman que el joven le pidi\u00f3 el auto a su padre<\/strong>&nbsp;y se lo prest\u00f3 porque ya sab\u00eda manejar. Por otro lado, hay quienes dijeron a Canal 7 que,<strong>&nbsp;aunque el menor sab\u00eda conducir, le habr\u00eda robado la camioneta<\/strong>.<\/p>\n\n\n\n<p>El&nbsp;<strong>acompa\u00f1ante<\/strong>, que ser\u00eda su compa\u00f1ero del colegio,&nbsp;<strong>pidi\u00f3 ayuda despu\u00e9s del accidente<\/strong>, seg\u00fan los testimonios. Estaba sangrando y golpeado en la cabeza y fue derivado al Hospital Notti.<\/p>\n\n\n\n<p>Seg\u00fan las declaraciones, es<strong>&nbsp;una calle que no soporta m\u00e1s de 60 km por hora<\/strong>, porque tiene pozos, porque tiene varias curvas y contracurvas.<\/p>\n\n\n\n<h2 class=\"wp-block-heading\">Murieron dos personas al chocar con un colectivo<\/h2>\n\n\n\n<p>Dos personas, un hombre y una mujer, que iban en una\u00a0<strong>moto<\/strong>,\u00a0<strong>perdieron la vida<\/strong>\u00a0este domingo\u00a0tras impactar de frente con un\u00a0<strong>colectivo\u00a0<\/strong>del Grupo 400 en Las Heras. El tr\u00e1gico hecho ocurri\u00f3 en<strong>\u00a0Jos\u00e9 Mathieu y Cichitti<\/strong>. Con este caso, Mendoza sum\u00f3 83 v\u00edctimas fatales en accidentes en lo que va del a\u00f1o.<\/p>\n\n\n\n<figure class=\"wp-block-image\"><img decoding=\"async\" src=\"https:\/\/media.diariouno.com.ar\/p\/0708b4960375d545b8746f5b00c3ae15\/adjuntos\/298\/imagenes\/009\/346\/0009346556\/1200x0\/smart\/dos-personas-perdieron-la-vida-bordo-una-moto-jose-mathieu-y-cichitti-las-heras.jpg\" alt=\"Dos personas perdieron la vida a bordo de una moto en Jos\u00e9 Mathieu y Cichitti de Las Heras.\" title=\"Dos personas perdieron la vida a bordo de una moto en Jos\u00e9 Mathieu y Cichitti de Las Heras.\"\/><\/figure>\n\n\n\n<p>Dos personas perdieron la vida a bordo de una moto en<strong> Jos\u00e9 Mathieu y Cichitti de Las Heras.<\/strong><\/p>\n\n\n\n<p>Seg\u00fan testigos, la pareja circulaba sin casco por&nbsp;<strong>calle Mathieu de este a oeste<\/strong>&nbsp;y&nbsp;<strong>sobrepas\u00f3&nbsp;<\/strong>a un veh\u00edculo por la&nbsp;<strong>derecha<\/strong>, momento en el cual chocaron con el micro.<\/p>\n\n\n\n<p>El&nbsp;<strong>hombre perdi\u00f3 la vida en el lugar<\/strong>. La&nbsp;<strong>mujer<\/strong>, a\u00fan con vida cuando lleg\u00f3 la Polic\u00eda, fue&nbsp;<strong>trasladada al Hospital Central,<\/strong>&nbsp;donde minutos m\u00e1s tarde se inform\u00f3 su&nbsp;<strong>fallecimiento<\/strong>.<\/p>\n\n\n\n<p>El conductor de la motocicleta fue identificado como Alexander Ariel Barcia, de 23 a\u00f1os, y su acompa\u00f1ante como Andrea Mar\u00eda Quiroga, de 38 a\u00f1os.<\/p>\n\n\n\n<p><a rel=\"noreferrer noopener\" href=\"https:\/\/www.facebook.com\/dialog\/feed?app_id=161316767303985&amp;link=https%3A%2F%2Fwww.diariouno.com.ar%2Fpoliciales%2Fmurio-un-menor-14-anos-que-conducia-una-hilux-y-son-84-las-victimas-fatales-accidentes-transito-2024-n1323505&amp;name=Muri%C3%B3+un+menor+de+14+a%C3%B1os+que+conduc%C3%ADa+una+Hilux%2C+acompa%C3%B1ado+por+un+chico+de+13+que+qued%C3%B3+internado+en+el+Notti&amp;caption=Accidentes+en+Mendoza&amp;description=Sigue+creciendo+el+n%C3%BAmero+de+muertos+en+accidentes+de+tr%C3%A1nsito+y+ya+son+son+84+las+v%C3%ADctimas+fatales.+El+acompa%C3%B1ante+fue+trasladado+al+Hospital+Notti+con+politraumatismos+de+cr%C3%A1neo&amp;redirect_uri=https%3A%2F%2Fwww.diariouno.com.ar%2Fpoliciales%2Fmurio-un-menor-14-anos-que-conducia-una-hilux-y-son-84-las-victimas-fatales-accidentes-transito-2024-n1323505\" target=\"_blank\"><\/a><\/p>\n","protected":false},"excerpt":{"rendered":"<p>Sigue creciendo el n\u00famero de muertos en accidentes de tr\u00e1nsito y ya son son 84 las v\u00edctimas fatales. El acompa\u00f1ante fue trasladado al Hospital Notti con politraumatismos de cr\u00e1neo. Otro\u00a0accidente de tr\u00e1nsito en\u00a0Mendoza\u00a0que termina con una v\u00edctima fatal.\u00a0Esta vez lo protagoniz\u00f3 un\u00a0menor de 14 a\u00f1os que manejaba una Hilux\u00a0y\u00a0muri\u00f3\u00a0este lunes al perder el dominio de<a class=\"read-more\" href=\"https:\/\/elfederalmendoza.com.ar\/index.php\/2024\/06\/04\/murio-un-menor-de-14-anos-que-conducia-una-hilux-acompanado-por-un-chico-de-13-que-quedo-internado-en-el-notti\/\"> [&hellip;]<\/a><\/p>\n","protected":false},"author":2,"featured_media":33045,"comment_status":"open","ping_status":"open","sticky":false,"template":"","format":"standard","meta":{"footnotes":""},"categories":[1],"tags":[],"class_list":["post-33043","post","type-post","status-publish","format-standard","has-post-thumbnail","hentry","category-mza"],"rttpg_featured_image_url":{"full":["https:\/\/elfederalmendoza.com.ar\/wp-content\/uploads\/2024\/06\/peligro.jpg",1452,877,false],"landscape":["https:\/\/elfederalmendoza.com.ar\/wp-content\/uploads\/2024\/06\/peligro.jpg",1452,877,false],"portraits":["https:\/\/elfederalmendoza.com.ar\/wp-content\/uploads\/2024\/06\/peligro.jpg",1452,877,false],"thumbnail":["https:\/\/elfederalmendoza.com.ar\/wp-content\/uploads\/2024\/06\/peligro-150x150.jpg",150,150,true],"medium":["https:\/\/elfederalmendoza.com.ar\/wp-content\/uploads\/2024\/06\/peligro-300x181.jpg",300,181,true],"large":["https:\/\/elfederalmendoza.com.ar\/wp-content\/uploads\/2024\/06\/peligro-1024x618.jpg",640,386,true],"1536x1536":["https:\/\/elfederalmendoza.com.ar\/wp-content\/uploads\/2024\/06\/peligro.jpg",1452,877,false],"2048x2048":["https:\/\/elfederalmendoza.com.ar\/wp-content\/uploads\/2024\/06\/peligro.jpg",1452,877,false],"ultp_layout_landscape_large":["https:\/\/elfederalmendoza.com.ar\/wp-content\/uploads\/2024\/06\/peligro-1200x800.jpg",1200,800,true],"ultp_layout_landscape":["https:\/\/elfederalmendoza.com.ar\/wp-content\/uploads\/2024\/06\/peligro-870x570.jpg",870,570,true],"ultp_layout_portrait":["https:\/\/elfederalmendoza.com.ar\/wp-content\/uploads\/2024\/06\/peligro-600x877.jpg",600,877,true],"ultp_layout_square":["https:\/\/elfederalmendoza.com.ar\/wp-content\/uploads\/2024\/06\/peligro-600x600.jpg",600,600,true],"rpwe-thumbnail":["https:\/\/elfederalmendoza.com.ar\/wp-content\/uploads\/2024\/06\/peligro-45x45.jpg",45,45,true],"advps-thumb-one":["https:\/\/elfederalmendoza.com.ar\/wp-content\/uploads\/2024\/06\/peligro-1200x420.jpg",1200,420,true]},"rttpg_author":{"display_name":"Redacci\u00f3n El Federal","author_link":"https:\/\/elfederalmendoza.com.ar\/index.php\/author\/angelflores\/"},"rttpg_comment":0,"rttpg_category":"<a href=\"https:\/\/elfederalmendoza.com.ar\/index.php\/category\/mza\/\" rel=\"category tag\">Mendoza<\/a>","rttpg_excerpt":"Sigue creciendo el n\u00famero de muertos en accidentes de tr\u00e1nsito y ya son son 84 las v\u00edctimas fatales. El acompa\u00f1ante fue trasladado al Hospital Notti con politraumatismos de cr\u00e1neo. Otro\u00a0accidente de tr\u00e1nsito en\u00a0Mendoza\u00a0que termina con una v\u00edctima fatal.\u00a0Esta vez lo protagoniz\u00f3 un\u00a0menor de 14 a\u00f1os que manejaba una Hilux\u00a0y\u00a0muri\u00f3\u00a0este lunes al perder el dominio de&hellip;","_links":{"self":[{"href":"https:\/\/elfederalmendoza.com.ar\/index.php\/wp-json\/wp\/v2\/posts\/33043","targetHints":{"allow":["GET"]}}],"collection":[{"href":"https:\/\/elfederalmendoza.com.ar\/index.php\/wp-json\/wp\/v2\/posts"}],"about":[{"href":"https:\/\/elfederalmendoza.com.ar\/index.php\/wp-json\/wp\/v2\/types\/post"}],"author":[{"embeddable":true,"href":"https:\/\/elfederalmendoza.com.ar\/index.php\/wp-json\/wp\/v2\/users\/2"}],"replies":[{"embeddable":true,"href":"https:\/\/elfederalmendoza.com.ar\/index.php\/wp-json\/wp\/v2\/comments?post=33043"}],"version-history":[{"count":1,"href":"https:\/\/elfederalmendoza.com.ar\/index.php\/wp-json\/wp\/v2\/posts\/33043\/revisions"}],"predecessor-version":[{"id":33046,"href":"https:\/\/elfederalmendoza.com.ar\/index.php\/wp-json\/wp\/v2\/posts\/33043\/revisions\/33046"}],"wp:featuredmedia":[{"embeddable":true,"href":"https:\/\/elfederalmendoza.com.ar\/index.php\/wp-json\/wp\/v2\/media\/33045"}],"wp:attachment":[{"href":"https:\/\/elfederalmendoza.com.ar\/index.php\/wp-json\/wp\/v2\/media?parent=33043"}],"wp:term":[{"taxonomy":"category","embeddable":true,"href":"https:\/\/elfederalmendoza.com.ar\/index.php\/wp-json\/wp\/v2\/categories?post=33043"},{"taxonomy":"post_tag","embeddable":true,"href":"https:\/\/elfederalmendoza.com.ar\/index.php\/wp-json\/wp\/v2\/tags?post=33043"}],"curies":[{"name":"wp","href":"https:\/\/api.w.org\/{rel}","templated":true}]}}