{"id":33060,"date":"2024-06-05T09:05:05","date_gmt":"2024-06-05T12:05:05","guid":{"rendered":"https:\/\/elfederalmendoza.com\/?p=33060"},"modified":"2024-06-05T09:05:07","modified_gmt":"2024-06-05T12:05:07","slug":"el-ministro-cuneo-libarona-denuncio-penalmente-a-nancy-pazos-y-dario-villarruel","status":"publish","type":"post","link":"https:\/\/elfederalmendoza.com.ar\/index.php\/2024\/06\/05\/el-ministro-cuneo-libarona-denuncio-penalmente-a-nancy-pazos-y-dario-villarruel\/","title":{"rendered":"El ministro C\u00faneo Libarona denunci\u00f3 penalmente a Nancy Pazos y Dar\u00edo Villarruel"},"content":{"rendered":"\n<p>El funcionario nacional a cargo de la cartera de Justicia present\u00f3 una denuncia contra los periodista por \u201cinstigaci\u00f3n a cometer delitos\u201d.<\/p>\n\n\n\n<p>La denuncia contra Pazos qued\u00f3 registrada con el n\u00famero 2129\/2024 y recay\u00f3 por sorteo en el juzgado federal a cargo de Ariel Lijo, quien casualmente es el candidato del gobierno a ocupar una de las dos vacantes de la Corte Suprema de Justicia.<\/p>\n\n\n\n<p>Por su parte, la de Villarruel qued\u00f3 registrada con el n\u00famero 2106\/2024 y recay\u00f3 en el juzgado federal n\u00famero dos, a cargo de Sebasti\u00e1n Ramos.<\/p>\n\n\n\n<p>Consultado al respecto, el periodista de Radio 10 y El Destape dijo: \u201cNo s\u00e9 con qu\u00e9 pude haber instigado al delito con mis comentarios en este contexto pol\u00edtico\u201d.<\/p>\n\n\n\n<p>Los periodistas Nancy Pazos y Dar\u00edo Villarruel fueron tendencia en redes sociales este martes luego de que se difundiera la informaci\u00f3n de que el propio ministro de Justicia del gobierno de Javier Milei, Mariano C\u00faneo Libarona, los denunci\u00f3 penalmente.<\/p>\n\n\n\n<p>La denuncia es por \u201cinstigaci\u00f3n a cometer delitos\u201d y si bien no se conocen los detalles sobre a qu\u00e9 momento hace referencia el hecho, se conoci\u00f3 qu\u00e9 juzgados tendr\u00e1n a cargo la investigaci\u00f3n.<\/p>\n\n\n\n<p>La denuncia contra Pazos qued\u00f3 registrada con el n\u00famero 2129\/2024 y recay\u00f3 por sorteo en el juzgado federal a cargo de Ariel Lijo, quien casualmente es el candidato del gobierno a ocupar una de las dos vacantes de la Corte Suprema de Justicia.<\/p>\n\n\n\n<p>Por su parte, la de Villarruel qued\u00f3 registrada con el n\u00famero 2106\/2024 y recay\u00f3 en el juzgado federal n\u00famero dos, a cargo de Sebasti\u00e1n Ramos.<\/p>\n\n\n\n<p>Consultado al respecto, el periodista de Radio 10 y El Destape dijo: \u201cNo s\u00e9 con qu\u00e9 pude haber instigado al delito con mis comentarios en este contexto pol\u00edtico\u201d.<\/p>\n\n\n\n<p>Pazos, quien trabaja en radio Mega y 10 y en los canales de TV Telef\u00e9 y C5N no se ha manifestado hasta el momento.<\/p>\n\n\n\n<p>Seg\u00fan public\u00f3 el\u00a0<strong>Diario Perfil<\/strong>, \u201cambas denuncias est\u00e1n consignadas a t\u00edtulo personal por C\u00faneo Libarona y no invocan al Ministerio\u201d.<\/p>\n\n\n\n<h2 class=\"wp-block-heading\"><strong>El mensaje de Nancy Pazos tras la denuncia penal del ministro C\u00faneo Libarona<\/strong><\/h2>\n\n\n\n<p>Luego de ser denunciada por el ministro de Justicia Mariano C\u00faneo Libarona, la periodista Nancy Pazos se expres\u00f3 p\u00fablicamente sobre lo que consider\u00f3 una afrenta contra la libertad de expresi\u00f3n.<\/p>\n\n\n\n<p>Es que tanto ella como su colega Dar\u00edo Villarruel fueron tendencia en redes sociales este martes luego de que se difundiera que el propio ministro de Justicia del gobierno de Javier Milei, Mariano C\u00faneo Libarona, los denunci\u00f3 penalmente por \u201cinstigaci\u00f3n a cometer delitos\u201d.<\/p>\n\n\n\n<p>La denuncia contra Pazos qued\u00f3 registrada con el n\u00famero 2129\/2024 y recay\u00f3 por sorteo en el juzgado federal a cargo de Ariel Lijo, quien casualmente es el candidato del gobierno a ocupar una de las dos vacantes de la Corte Suprema de Justicia. Por su parte, la de Villarruel qued\u00f3 registrada con el n\u00famero 2106\/2024 y recay\u00f3 en el juzgado federal n\u00famero dos, a cargo de Sebasti\u00e1n Ramos.<\/p>\n\n\n\n<p>No se conocieron, sin embargo, los detalles sobre los dichos o hechos a los que hace referencia la denuncia.<\/p>\n\n\n\n<h2 class=\"wp-block-heading\">Qu\u00e9 dijeron Villarruel y Pazos<\/h2>\n\n\n\n<p>Consultado al respecto, el periodista de Radio 10 y El Destape dijo: \u201cNo s\u00e9 con qu\u00e9 pude haber instigado al delito con mis comentarios en este contexto pol\u00edtico\u201d. Pazos, quien trabaja en radio Mega y 10 y en los canales de televisi\u00f3n Telef\u00e9 y C5N no se hab\u00eda manifestado p\u00fablicamente pero decidi\u00f3 compartir un mensaje en sus redes sociales esta tarde.<\/p>\n\n\n\n<figure class=\"wp-block-image\"><img decoding=\"async\" src=\"https:\/\/www.lavoz.com.ar\/resizer\/v2\/DYPC2XXEIBEWLFNPYMB7LKZUBQ.jpg?auth=a96867735d31d35e1df9a3c6fdac4cbeafb9094b49099235c24b83056c7401a5&amp;width=409&amp;height=725\" alt=\"La respuesta de Nancy Pazos ante la denuncia del ministro de Justicia, Mariano C\u00faneo Libarona. (Instagram @nancypazos).\"\/><figcaption class=\"wp-element-caption\">La respuesta de Nancy Pazos ante la denuncia del ministro de Justicia, Mariano C\u00faneo Libarona. (Instagram @nancypazos).<\/figcaption><\/figure>\n\n\n\n<p>\u201cC\u00faneo Libarona me acusa ante el juez Lijo y pide 6 a\u00f1os de prisi\u00f3n para m\u00ed. \u00bfEl delito? Opinar\u201d, escribi\u00f3 en sus historias de Instagram, contundente. A su vez, comparti\u00f3 un comunicado de la cuenta Periodistas Argentinas, que se solidariz\u00f3 tanto con ella como con Villarruel.<\/p>\n\n\n\n<p>\u201cEs muy grave que el ministro de Justicia intente callar voces armando causas judiciales. La libertad de expresi\u00f3n est\u00e1 en peligro. Abrazamos a Nancy Pazos y Dar\u00edo Villarruel\u201d, dice la placa publicada por el colectivo. \u201cSin libertad de expresi\u00f3n, no hay democracia\u201d, a\u00f1adieron en el texto adjunto a la publicaci\u00f3n.<\/p>\n\n\n\n<blockquote class=\"instagram-media\" data-instgrm-captioned data-instgrm-permalink=\"https:\/\/www.instagram.com\/p\/C7zdnkauosI\/?utm_source=ig_embed&amp;utm_campaign=loading\" data-instgrm-version=\"14\" style=\" background:#FFF; border:0; border-radius:3px; box-shadow:0 0 1px 0 rgba(0,0,0,0.5),0 1px 10px 0 rgba(0,0,0,0.15); margin: 1px; max-width:540px; min-width:326px; padding:0; width:99.375%; width:-webkit-calc(100% - 2px); width:calc(100% - 2px);\"><div style=\"padding:16px;\"> <a href=\"https:\/\/www.instagram.com\/p\/C7zdnkauosI\/?utm_source=ig_embed&amp;utm_campaign=loading\" style=\" background:#FFFFFF; line-height:0; padding:0 0; text-align:center; text-decoration:none; width:100%;\" target=\"_blank\" rel=\"noopener\"> <div style=\" display: flex; flex-direction: row; align-items: center;\"> <div style=\"background-color: #F4F4F4; border-radius: 50%; flex-grow: 0; height: 40px; margin-right: 14px; width: 40px;\"><\/div> <div style=\"display: flex; flex-direction: column; flex-grow: 1; justify-content: center;\"> <div style=\" background-color: #F4F4F4; border-radius: 4px; flex-grow: 0; height: 14px; margin-bottom: 6px; width: 100px;\"><\/div> <div style=\" background-color: #F4F4F4; border-radius: 4px; flex-grow: 0; height: 14px; width: 60px;\"><\/div><\/div><\/div><div style=\"padding: 19% 0;\"><\/div> <div style=\"display:block; height:50px; margin:0 auto 12px; width:50px;\"><svg width=\"50px\" height=\"50px\" viewBox=\"0 0 60 60\" version=\"1.1\" xmlns=\"https:\/\/www.w3.org\/2000\/svg\" xmlns:xlink=\"https:\/\/www.w3.org\/1999\/xlink\"><g stroke=\"none\" stroke-width=\"1\" fill=\"none\" fill-rule=\"evenodd\"><g transform=\"translate(-511.000000, -20.000000)\" fill=\"#000000\"><g><path d=\"M556.869,30.41 C554.814,30.41 553.148,32.076 553.148,34.131 C553.148,36.186 554.814,37.852 556.869,37.852 C558.924,37.852 560.59,36.186 560.59,34.131 C560.59,32.076 558.924,30.41 556.869,30.41 M541,60.657 C535.114,60.657 530.342,55.887 530.342,50 C530.342,44.114 535.114,39.342 541,39.342 C546.887,39.342 551.658,44.114 551.658,50 C551.658,55.887 546.887,60.657 541,60.657 M541,33.886 C532.1,33.886 524.886,41.1 524.886,50 C524.886,58.899 532.1,66.113 541,66.113 C549.9,66.113 557.115,58.899 557.115,50 C557.115,41.1 549.9,33.886 541,33.886 M565.378,62.101 C565.244,65.022 564.756,66.606 564.346,67.663 C563.803,69.06 563.154,70.057 562.106,71.106 C561.058,72.155 560.06,72.803 558.662,73.347 C557.607,73.757 556.021,74.244 553.102,74.378 C549.944,74.521 548.997,74.552 541,74.552 C533.003,74.552 532.056,74.521 528.898,74.378 C525.979,74.244 524.393,73.757 523.338,73.347 C521.94,72.803 520.942,72.155 519.894,71.106 C518.846,70.057 518.197,69.06 517.654,67.663 C517.244,66.606 516.755,65.022 516.623,62.101 C516.479,58.943 516.448,57.996 516.448,50 C516.448,42.003 516.479,41.056 516.623,37.899 C516.755,34.978 517.244,33.391 517.654,32.338 C518.197,30.938 518.846,29.942 519.894,28.894 C520.942,27.846 521.94,27.196 523.338,26.654 C524.393,26.244 525.979,25.756 528.898,25.623 C532.057,25.479 533.004,25.448 541,25.448 C548.997,25.448 549.943,25.479 553.102,25.623 C556.021,25.756 557.607,26.244 558.662,26.654 C560.06,27.196 561.058,27.846 562.106,28.894 C563.154,29.942 563.803,30.938 564.346,32.338 C564.756,33.391 565.244,34.978 565.378,37.899 C565.522,41.056 565.552,42.003 565.552,50 C565.552,57.996 565.522,58.943 565.378,62.101 M570.82,37.631 C570.674,34.438 570.167,32.258 569.425,30.349 C568.659,28.377 567.633,26.702 565.965,25.035 C564.297,23.368 562.623,22.342 560.652,21.575 C558.743,20.834 556.562,20.326 553.369,20.18 C550.169,20.033 549.148,20 541,20 C532.853,20 531.831,20.033 528.631,20.18 C525.438,20.326 523.257,20.834 521.349,21.575 C519.376,22.342 517.703,23.368 516.035,25.035 C514.368,26.702 513.342,28.377 512.574,30.349 C511.834,32.258 511.326,34.438 511.181,37.631 C511.035,40.831 511,41.851 511,50 C511,58.147 511.035,59.17 511.181,62.369 C511.326,65.562 511.834,67.743 512.574,69.651 C513.342,71.625 514.368,73.296 516.035,74.965 C517.703,76.634 519.376,77.658 521.349,78.425 C523.257,79.167 525.438,79.673 528.631,79.82 C531.831,79.965 532.853,80.001 541,80.001 C549.148,80.001 550.169,79.965 553.369,79.82 C556.562,79.673 558.743,79.167 560.652,78.425 C562.623,77.658 564.297,76.634 565.965,74.965 C567.633,73.296 568.659,71.625 569.425,69.651 C570.167,67.743 570.674,65.562 570.82,62.369 C570.966,59.17 571,58.147 571,50 C571,41.851 570.966,40.831 570.82,37.631\"><\/path><\/g><\/g><\/g><\/svg><\/div><div style=\"padding-top: 8px;\"> <div style=\" color:#3897f0; font-family:Arial,sans-serif; font-size:14px; font-style:normal; font-weight:550; line-height:18px;\">Ver esta publicaci\u00f3n en Instagram<\/div><\/div><div style=\"padding: 12.5% 0;\"><\/div> <div style=\"display: flex; flex-direction: row; margin-bottom: 14px; align-items: center;\"><div> <div style=\"background-color: #F4F4F4; border-radius: 50%; height: 12.5px; width: 12.5px; transform: translateX(0px) translateY(7px);\"><\/div> <div style=\"background-color: #F4F4F4; height: 12.5px; transform: rotate(-45deg) translateX(3px) translateY(1px); width: 12.5px; flex-grow: 0; margin-right: 14px; margin-left: 2px;\"><\/div> <div style=\"background-color: #F4F4F4; border-radius: 50%; height: 12.5px; width: 12.5px; transform: translateX(9px) translateY(-18px);\"><\/div><\/div><div style=\"margin-left: 8px;\"> <div style=\" background-color: #F4F4F4; border-radius: 50%; flex-grow: 0; height: 20px; width: 20px;\"><\/div> <div style=\" width: 0; height: 0; border-top: 2px solid transparent; border-left: 6px solid #f4f4f4; border-bottom: 2px solid transparent; transform: translateX(16px) translateY(-4px) rotate(30deg)\"><\/div><\/div><div style=\"margin-left: auto;\"> <div style=\" width: 0px; border-top: 8px solid #F4F4F4; border-right: 8px solid transparent; transform: translateY(16px);\"><\/div> <div style=\" background-color: #F4F4F4; flex-grow: 0; height: 12px; width: 16px; transform: translateY(-4px);\"><\/div> <div style=\" width: 0; height: 0; border-top: 8px solid #F4F4F4; border-left: 8px solid transparent; transform: translateY(-4px) translateX(8px);\"><\/div><\/div><\/div> <div style=\"display: flex; flex-direction: column; flex-grow: 1; justify-content: center; margin-bottom: 24px;\"> <div style=\" background-color: #F4F4F4; border-radius: 4px; flex-grow: 0; height: 14px; margin-bottom: 6px; width: 224px;\"><\/div> <div style=\" background-color: #F4F4F4; border-radius: 4px; flex-grow: 0; height: 14px; width: 144px;\"><\/div><\/div><\/a><p style=\" color:#c9c8cd; font-family:Arial,sans-serif; font-size:14px; line-height:17px; margin-bottom:0; margin-top:8px; overflow:hidden; padding:8px 0 7px; text-align:center; text-overflow:ellipsis; white-space:nowrap;\"><a href=\"https:\/\/www.instagram.com\/p\/C7zdnkauosI\/?utm_source=ig_embed&amp;utm_campaign=loading\" style=\" color:#c9c8cd; font-family:Arial,sans-serif; font-size:14px; font-style:normal; font-weight:normal; line-height:17px; text-decoration:none;\" target=\"_blank\" rel=\"noopener\">Una publicaci\u00f3n compartida por Periodistas Argentinas (@periodistasargentinas_)<\/a><\/p><\/div><\/blockquote> <script async src=\"\/\/www.instagram.com\/embed.js\"><\/script>\n\n\n\n<h3 class=\"wp-block-heading\">Temas Relacionados<\/h3>\n","protected":false},"excerpt":{"rendered":"<p>El funcionario nacional a cargo de la cartera de Justicia present\u00f3 una denuncia contra los periodista por \u201cinstigaci\u00f3n a cometer delitos\u201d. La denuncia contra Pazos qued\u00f3 registrada con el n\u00famero 2129\/2024 y recay\u00f3 por sorteo en el juzgado federal a cargo de Ariel Lijo, quien casualmente es el candidato del gobierno a ocupar una de<a class=\"read-more\" href=\"https:\/\/elfederalmendoza.com.ar\/index.php\/2024\/06\/05\/el-ministro-cuneo-libarona-denuncio-penalmente-a-nancy-pazos-y-dario-villarruel\/\"> [&hellip;]<\/a><\/p>\n","protected":false},"author":2,"featured_media":33062,"comment_status":"open","ping_status":"open","sticky":false,"template":"","format":"standard","meta":{"footnotes":""},"categories":[5618],"tags":[],"class_list":["post-33060","post","type-post","status-publish","format-standard","has-post-thumbnail","hentry","category-arg"],"rttpg_featured_image_url":{"full":["https:\/\/elfederalmendoza.com.ar\/wp-content\/uploads\/2024\/06\/pazos.jpg",954,619,false],"landscape":["https:\/\/elfederalmendoza.com.ar\/wp-content\/uploads\/2024\/06\/pazos.jpg",954,619,false],"portraits":["https:\/\/elfederalmendoza.com.ar\/wp-content\/uploads\/2024\/06\/pazos.jpg",954,619,false],"thumbnail":["https:\/\/elfederalmendoza.com.ar\/wp-content\/uploads\/2024\/06\/pazos-150x150.jpg",150,150,true],"medium":["https:\/\/elfederalmendoza.com.ar\/wp-content\/uploads\/2024\/06\/pazos-300x195.jpg",300,195,true],"large":["https:\/\/elfederalmendoza.com.ar\/wp-content\/uploads\/2024\/06\/pazos.jpg",640,415,false],"1536x1536":["https:\/\/elfederalmendoza.com.ar\/wp-content\/uploads\/2024\/06\/pazos.jpg",954,619,false],"2048x2048":["https:\/\/elfederalmendoza.com.ar\/wp-content\/uploads\/2024\/06\/pazos.jpg",954,619,false],"ultp_layout_landscape_large":["https:\/\/elfederalmendoza.com.ar\/wp-content\/uploads\/2024\/06\/pazos.jpg",954,619,false],"ultp_layout_landscape":["https:\/\/elfederalmendoza.com.ar\/wp-content\/uploads\/2024\/06\/pazos-870x570.jpg",870,570,true],"ultp_layout_portrait":["https:\/\/elfederalmendoza.com.ar\/wp-content\/uploads\/2024\/06\/pazos-600x619.jpg",600,619,true],"ultp_layout_square":["https:\/\/elfederalmendoza.com.ar\/wp-content\/uploads\/2024\/06\/pazos-600x600.jpg",600,600,true],"rpwe-thumbnail":["https:\/\/elfederalmendoza.com.ar\/wp-content\/uploads\/2024\/06\/pazos-45x45.jpg",45,45,true],"advps-thumb-one":["https:\/\/elfederalmendoza.com.ar\/wp-content\/uploads\/2024\/06\/pazos-954x420.jpg",954,420,true]},"rttpg_author":{"display_name":"Redacci\u00f3n El Federal","author_link":"https:\/\/elfederalmendoza.com.ar\/index.php\/author\/angelflores\/"},"rttpg_comment":0,"rttpg_category":"<a href=\"https:\/\/elfederalmendoza.com.ar\/index.php\/category\/arg\/\" rel=\"category tag\">Argentina<\/a>","rttpg_excerpt":"El funcionario nacional a cargo de la cartera de Justicia present\u00f3 una denuncia contra los periodista por \u201cinstigaci\u00f3n a cometer delitos\u201d. La denuncia contra Pazos qued\u00f3 registrada con el n\u00famero 2129\/2024 y recay\u00f3 por sorteo en el juzgado federal a cargo de Ariel Lijo, quien casualmente es el candidato del gobierno a ocupar una de&hellip;","_links":{"self":[{"href":"https:\/\/elfederalmendoza.com.ar\/index.php\/wp-json\/wp\/v2\/posts\/33060","targetHints":{"allow":["GET"]}}],"collection":[{"href":"https:\/\/elfederalmendoza.com.ar\/index.php\/wp-json\/wp\/v2\/posts"}],"about":[{"href":"https:\/\/elfederalmendoza.com.ar\/index.php\/wp-json\/wp\/v2\/types\/post"}],"author":[{"embeddable":true,"href":"https:\/\/elfederalmendoza.com.ar\/index.php\/wp-json\/wp\/v2\/users\/2"}],"replies":[{"embeddable":true,"href":"https:\/\/elfederalmendoza.com.ar\/index.php\/wp-json\/wp\/v2\/comments?post=33060"}],"version-history":[{"count":1,"href":"https:\/\/elfederalmendoza.com.ar\/index.php\/wp-json\/wp\/v2\/posts\/33060\/revisions"}],"predecessor-version":[{"id":33063,"href":"https:\/\/elfederalmendoza.com.ar\/index.php\/wp-json\/wp\/v2\/posts\/33060\/revisions\/33063"}],"wp:featuredmedia":[{"embeddable":true,"href":"https:\/\/elfederalmendoza.com.ar\/index.php\/wp-json\/wp\/v2\/media\/33062"}],"wp:attachment":[{"href":"https:\/\/elfederalmendoza.com.ar\/index.php\/wp-json\/wp\/v2\/media?parent=33060"}],"wp:term":[{"taxonomy":"category","embeddable":true,"href":"https:\/\/elfederalmendoza.com.ar\/index.php\/wp-json\/wp\/v2\/categories?post=33060"},{"taxonomy":"post_tag","embeddable":true,"href":"https:\/\/elfederalmendoza.com.ar\/index.php\/wp-json\/wp\/v2\/tags?post=33060"}],"curies":[{"name":"wp","href":"https:\/\/api.w.org\/{rel}","templated":true}]}}