{"id":33065,"date":"2024-06-05T09:59:24","date_gmt":"2024-06-05T12:59:24","guid":{"rendered":"https:\/\/elfederalmendoza.com\/?p=33065"},"modified":"2024-06-05T09:59:26","modified_gmt":"2024-06-05T12:59:26","slug":"una-pareja-entraba-a-un-telo-de-las-heras-y-delincuentes-les-robaron-el-auto","status":"publish","type":"post","link":"https:\/\/elfederalmendoza.com.ar\/index.php\/2024\/06\/05\/una-pareja-entraba-a-un-telo-de-las-heras-y-delincuentes-les-robaron-el-auto\/","title":{"rendered":"Una pareja entraba a un \u00abtelo\u00bb de Las Heras y delincuentes les robaron el auto"},"content":{"rendered":"\n<p>En la noche de este martes, un&nbsp;<strong>hombre de 24 a\u00f1os fue detenido tras asaltar a una pareja en Las Heras.&nbsp;<\/strong>El incidente ocurri\u00f3 a las 21:30 horas en el&nbsp;<strong>Hotel Alojamiento El Marqu\u00e9s,<\/strong>&nbsp;ubicado en la calle Jun\u00edn N\u00b0 1630.<\/p>\n\n\n\n<p>La pareja, compuesta por G. O., un hombre de 62 a\u00f1os, y M. A., una mujer de 47 a\u00f1os, fue abordada por dos sujetos al llegar al hotel. Bajo amenazas,<strong>&nbsp;los delincuentes lograron sustraerles un autom\u00f3vil Volkswagen Bora.<\/strong><\/p>\n\n\n\n<p>La Polic\u00eda, alertada del asalto, inici\u00f3 la b\u00fasqueda del veh\u00edculo y de los delincuentes.&nbsp;<strong>El auto robado fue localizado<\/strong>&nbsp;en la intersecci\u00f3n de las calles Las Rosas y Las Totoras. Adem\u00e1s,<strong>&nbsp;uno de los sospechosos fue aprehendido<\/strong>&nbsp;en la calle Las Violetas y Las Arabias del Algarrobal.<\/p>\n\n\n\n<figure class=\"wp-block-image is-resized\"><img decoding=\"async\" src=\"https:\/\/www.mendozapost.com\/files\/image\/545\/545029\/65b3a416d94a3_570_309!.jpg?s=ddd04506cce389d40dcd74afd6a13a1e&amp;d=1714567584\" alt=\"\" style=\"width:840px;height:auto\"\/><figcaption class=\"wp-element-caption\">Investiga la oficina Fiscal 6<\/figcaption><\/figure>\n\n\n\n<p>El detenido, identificado como B. Z. de 24 a\u00f1os, fue puesto a disposici\u00f3n de la&nbsp;<strong>Oficina Fiscal N\u00b0 6<\/strong>, que est\u00e1 a cargo de la investigaci\u00f3n para esclarecer los detalles del caso y determinar la participaci\u00f3n del segundo sospechoso, quien&nbsp;<strong>a\u00fan se encuentra pr\u00f3fugo.<\/strong><\/p>\n","protected":false},"excerpt":{"rendered":"<p>En la noche de este martes, un&nbsp;hombre de 24 a\u00f1os fue detenido tras asaltar a una pareja en Las Heras.&nbsp;El incidente ocurri\u00f3 a las 21:30 horas en el&nbsp;Hotel Alojamiento El Marqu\u00e9s,&nbsp;ubicado en la calle Jun\u00edn N\u00b0 1630. La pareja, compuesta por G. O., un hombre de 62 a\u00f1os, y M. A., una mujer de 47<a class=\"read-more\" href=\"https:\/\/elfederalmendoza.com.ar\/index.php\/2024\/06\/05\/una-pareja-entraba-a-un-telo-de-las-heras-y-delincuentes-les-robaron-el-auto\/\"> [&hellip;]<\/a><\/p>\n","protected":false},"author":2,"featured_media":33067,"comment_status":"open","ping_status":"open","sticky":false,"template":"","format":"standard","meta":{"footnotes":""},"categories":[1],"tags":[],"class_list":["post-33065","post","type-post","status-publish","format-standard","has-post-thumbnail","hentry","category-mza"],"rttpg_featured_image_url":{"full":["https:\/\/elfederalmendoza.com.ar\/wp-content\/uploads\/2024\/06\/marquez.jpg",1298,795,false],"landscape":["https:\/\/elfederalmendoza.com.ar\/wp-content\/uploads\/2024\/06\/marquez.jpg",1298,795,false],"portraits":["https:\/\/elfederalmendoza.com.ar\/wp-content\/uploads\/2024\/06\/marquez.jpg",1298,795,false],"thumbnail":["https:\/\/elfederalmendoza.com.ar\/wp-content\/uploads\/2024\/06\/marquez-150x150.jpg",150,150,true],"medium":["https:\/\/elfederalmendoza.com.ar\/wp-content\/uploads\/2024\/06\/marquez-300x184.jpg",300,184,true],"large":["https:\/\/elfederalmendoza.com.ar\/wp-content\/uploads\/2024\/06\/marquez-1024x627.jpg",640,392,true],"1536x1536":["https:\/\/elfederalmendoza.com.ar\/wp-content\/uploads\/2024\/06\/marquez.jpg",1298,795,false],"2048x2048":["https:\/\/elfederalmendoza.com.ar\/wp-content\/uploads\/2024\/06\/marquez.jpg",1298,795,false],"ultp_layout_landscape_large":["https:\/\/elfederalmendoza.com.ar\/wp-content\/uploads\/2024\/06\/marquez-1200x795.jpg",1200,795,true],"ultp_layout_landscape":["https:\/\/elfederalmendoza.com.ar\/wp-content\/uploads\/2024\/06\/marquez-870x570.jpg",870,570,true],"ultp_layout_portrait":["https:\/\/elfederalmendoza.com.ar\/wp-content\/uploads\/2024\/06\/marquez-600x795.jpg",600,795,true],"ultp_layout_square":["https:\/\/elfederalmendoza.com.ar\/wp-content\/uploads\/2024\/06\/marquez-600x600.jpg",600,600,true],"rpwe-thumbnail":["https:\/\/elfederalmendoza.com.ar\/wp-content\/uploads\/2024\/06\/marquez-45x45.jpg",45,45,true],"advps-thumb-one":["https:\/\/elfederalmendoza.com.ar\/wp-content\/uploads\/2024\/06\/marquez-1200x420.jpg",1200,420,true]},"rttpg_author":{"display_name":"Redacci\u00f3n El Federal","author_link":"https:\/\/elfederalmendoza.com.ar\/index.php\/author\/angelflores\/"},"rttpg_comment":0,"rttpg_category":"<a href=\"https:\/\/elfederalmendoza.com.ar\/index.php\/category\/mza\/\" rel=\"category tag\">Mendoza<\/a>","rttpg_excerpt":"En la noche de este martes, un&nbsp;hombre de 24 a\u00f1os fue detenido tras asaltar a una pareja en Las Heras.&nbsp;El incidente ocurri\u00f3 a las 21:30 horas en el&nbsp;Hotel Alojamiento El Marqu\u00e9s,&nbsp;ubicado en la calle Jun\u00edn N\u00b0 1630. La pareja, compuesta por G. O., un hombre de 62 a\u00f1os, y M. A., una mujer de 47&hellip;","_links":{"self":[{"href":"https:\/\/elfederalmendoza.com.ar\/index.php\/wp-json\/wp\/v2\/posts\/33065","targetHints":{"allow":["GET"]}}],"collection":[{"href":"https:\/\/elfederalmendoza.com.ar\/index.php\/wp-json\/wp\/v2\/posts"}],"about":[{"href":"https:\/\/elfederalmendoza.com.ar\/index.php\/wp-json\/wp\/v2\/types\/post"}],"author":[{"embeddable":true,"href":"https:\/\/elfederalmendoza.com.ar\/index.php\/wp-json\/wp\/v2\/users\/2"}],"replies":[{"embeddable":true,"href":"https:\/\/elfederalmendoza.com.ar\/index.php\/wp-json\/wp\/v2\/comments?post=33065"}],"version-history":[{"count":1,"href":"https:\/\/elfederalmendoza.com.ar\/index.php\/wp-json\/wp\/v2\/posts\/33065\/revisions"}],"predecessor-version":[{"id":33068,"href":"https:\/\/elfederalmendoza.com.ar\/index.php\/wp-json\/wp\/v2\/posts\/33065\/revisions\/33068"}],"wp:featuredmedia":[{"embeddable":true,"href":"https:\/\/elfederalmendoza.com.ar\/index.php\/wp-json\/wp\/v2\/media\/33067"}],"wp:attachment":[{"href":"https:\/\/elfederalmendoza.com.ar\/index.php\/wp-json\/wp\/v2\/media?parent=33065"}],"wp:term":[{"taxonomy":"category","embeddable":true,"href":"https:\/\/elfederalmendoza.com.ar\/index.php\/wp-json\/wp\/v2\/categories?post=33065"},{"taxonomy":"post_tag","embeddable":true,"href":"https:\/\/elfederalmendoza.com.ar\/index.php\/wp-json\/wp\/v2\/tags?post=33065"}],"curies":[{"name":"wp","href":"https:\/\/api.w.org\/{rel}","templated":true}]}}