{"id":33070,"date":"2024-06-05T10:47:57","date_gmt":"2024-06-05T13:47:57","guid":{"rendered":"https:\/\/elfederalmendoza.com\/?p=33070"},"modified":"2024-06-05T10:47:59","modified_gmt":"2024-06-05T13:47:59","slug":"la-version-del-padre-del-chico-de-14-anos-que-conducia-una-camioneta-choco-y-murio","status":"publish","type":"post","link":"https:\/\/elfederalmendoza.com.ar\/index.php\/2024\/06\/05\/la-version-del-padre-del-chico-de-14-anos-que-conducia-una-camioneta-choco-y-murio\/","title":{"rendered":"La versi\u00f3n del padre del chico de 14 a\u00f1os que conduc\u00eda una camioneta, choc\u00f3 y muri\u00f3"},"content":{"rendered":"\n<p>El hombre cont\u00f3 que su hijo le pidi\u00f3 el veh\u00edculo para llevar a un compa\u00f1ero hasta su casa y le dio las llaves. La causa que se inici\u00f3 en la Justicia Penal de Menores ser\u00e1 archivada.<\/p>\n\n\n\n<p>El tr\u00e1gico accidente en el que perdi\u00f3 la vida un chico de 14 a\u00f1os sacudi\u00f3 la tarde del lunes a la comunidad de<strong>&nbsp;Santa Blanca<\/strong>, ubicada en el distrito de&nbsp;<strong>Fray Luis Beltr\u00e1n<\/strong>,&nbsp;<strong>Maip\u00fa<\/strong>. La v\u00edctima se llamaba&nbsp;<strong>Rodrigo Fernando Cari Arroyo<\/strong>&nbsp;y acababa de salir del colegio cuando sali\u00f3 en la camioneta de su padre junto a un compa\u00f1ero de la misma edad y choc\u00f3 contra una vivienda.<\/p>\n\n\n\n<p>La versi\u00f3n inicial que manejaban los detectives del caso sosten\u00eda que el adolescente se llev\u00f3 el veh\u00edculo sin autorizaci\u00f3n de sus progenitores. Sin embargo, cuando efectivos entrevistaron a su padre, aport\u00f3 una versi\u00f3n completamente diferente.<\/p>\n\n\n\n<p>Del procedimiento policial surgi\u00f3 que el menor de edad sali\u00f3 de pasadas las 18 de la\u00a0<strong>escuela N\u00ba 4-188 Padre Eduardo Iacono<\/strong>, ubicada en la\u00a0<strong>ruta 60 y calle Laureano Nazar<\/strong>, y lleg\u00f3 junto a un amigo a su domicilio del<strong>\u00a0barrio San Cayetano<\/strong>.<\/p>\n\n\n\n<p>All\u00ed, revel\u00f3 el padre, que le pidi\u00f3 su\u00a0<strong>Toyota Hilux\u00a0<\/strong>para llevar al compa\u00f1ero a su casa, en ruta 60 y calles Flores.\u00a0<strong><mark>El hombre accedi\u00f3 y le entreg\u00f3 al estudiante las llaves del rodado<\/mark>.<\/strong><\/p>\n\n\n\n<p>En el trayecto, cuando eran cerca de las 19, el adolescente perdi\u00f3 el control de la camioneta mientras circulaba por&nbsp;<strong>calle Santa Mar\u00eda<\/strong>: impact\u00f3 contra la medianera de una casa y la v\u00edctima qued\u00f3 debajo del rodado, de acuerdo con las fuentes del hecho.<\/p>\n\n\n\n<p>A los pocos minutos, un importante operativo policial se mont\u00f3 en la escena y personal del&nbsp;<strong>Servicio de Emergencias Coordinado<\/strong>&nbsp;(<strong>SEC<\/strong>) constat\u00f3 el fallecimiento de Cari Arroyo.<\/p>\n\n\n\n<p>Por su parte, el compa\u00f1ero se encontraba consciente y los m\u00e9dicos verificaron que ten\u00eda politraumatismos leves. Fue trasladado al&nbsp;<strong>Hospital Notti<\/strong>&nbsp;y qued\u00f3 internado estable, fuera de peligro.<\/p>\n\n\n\n<p>En la causa tom\u00f3 intervenci\u00f3n la\u00a0<strong>fiscal de Menores Leticia Marti<\/strong>, quien lider\u00f3 las actuaciones pertinentes y una vez que se incorporaran los resultados de los peritajes y medidas realizadas,<strong>\u00a0<mark>iba a proceder a archivar el expediente en los pr\u00f3ximos d\u00edas, a ra\u00edz del deceso del responsable del siniestro.<\/mark><\/strong><\/p>\n","protected":false},"excerpt":{"rendered":"<p>El hombre cont\u00f3 que su hijo le pidi\u00f3 el veh\u00edculo para llevar a un compa\u00f1ero hasta su casa y le dio las llaves. La causa que se inici\u00f3 en la Justicia Penal de Menores ser\u00e1 archivada. El tr\u00e1gico accidente en el que perdi\u00f3 la vida un chico de 14 a\u00f1os sacudi\u00f3 la tarde del lunes<a class=\"read-more\" href=\"https:\/\/elfederalmendoza.com.ar\/index.php\/2024\/06\/05\/la-version-del-padre-del-chico-de-14-anos-que-conducia-una-camioneta-choco-y-murio\/\"> [&hellip;]<\/a><\/p>\n","protected":false},"author":2,"featured_media":33045,"comment_status":"open","ping_status":"open","sticky":false,"template":"","format":"standard","meta":{"footnotes":""},"categories":[1],"tags":[],"class_list":["post-33070","post","type-post","status-publish","format-standard","has-post-thumbnail","hentry","category-mza"],"rttpg_featured_image_url":{"full":["https:\/\/elfederalmendoza.com.ar\/wp-content\/uploads\/2024\/06\/peligro.jpg",1452,877,false],"landscape":["https:\/\/elfederalmendoza.com.ar\/wp-content\/uploads\/2024\/06\/peligro.jpg",1452,877,false],"portraits":["https:\/\/elfederalmendoza.com.ar\/wp-content\/uploads\/2024\/06\/peligro.jpg",1452,877,false],"thumbnail":["https:\/\/elfederalmendoza.com.ar\/wp-content\/uploads\/2024\/06\/peligro-150x150.jpg",150,150,true],"medium":["https:\/\/elfederalmendoza.com.ar\/wp-content\/uploads\/2024\/06\/peligro-300x181.jpg",300,181,true],"large":["https:\/\/elfederalmendoza.com.ar\/wp-content\/uploads\/2024\/06\/peligro-1024x618.jpg",640,386,true],"1536x1536":["https:\/\/elfederalmendoza.com.ar\/wp-content\/uploads\/2024\/06\/peligro.jpg",1452,877,false],"2048x2048":["https:\/\/elfederalmendoza.com.ar\/wp-content\/uploads\/2024\/06\/peligro.jpg",1452,877,false],"ultp_layout_landscape_large":["https:\/\/elfederalmendoza.com.ar\/wp-content\/uploads\/2024\/06\/peligro-1200x800.jpg",1200,800,true],"ultp_layout_landscape":["https:\/\/elfederalmendoza.com.ar\/wp-content\/uploads\/2024\/06\/peligro-870x570.jpg",870,570,true],"ultp_layout_portrait":["https:\/\/elfederalmendoza.com.ar\/wp-content\/uploads\/2024\/06\/peligro-600x877.jpg",600,877,true],"ultp_layout_square":["https:\/\/elfederalmendoza.com.ar\/wp-content\/uploads\/2024\/06\/peligro-600x600.jpg",600,600,true],"rpwe-thumbnail":["https:\/\/elfederalmendoza.com.ar\/wp-content\/uploads\/2024\/06\/peligro-45x45.jpg",45,45,true],"advps-thumb-one":["https:\/\/elfederalmendoza.com.ar\/wp-content\/uploads\/2024\/06\/peligro-1200x420.jpg",1200,420,true]},"rttpg_author":{"display_name":"Redacci\u00f3n El Federal","author_link":"https:\/\/elfederalmendoza.com.ar\/index.php\/author\/angelflores\/"},"rttpg_comment":0,"rttpg_category":"<a href=\"https:\/\/elfederalmendoza.com.ar\/index.php\/category\/mza\/\" rel=\"category tag\">Mendoza<\/a>","rttpg_excerpt":"El hombre cont\u00f3 que su hijo le pidi\u00f3 el veh\u00edculo para llevar a un compa\u00f1ero hasta su casa y le dio las llaves. La causa que se inici\u00f3 en la Justicia Penal de Menores ser\u00e1 archivada. El tr\u00e1gico accidente en el que perdi\u00f3 la vida un chico de 14 a\u00f1os sacudi\u00f3 la tarde del lunes&hellip;","_links":{"self":[{"href":"https:\/\/elfederalmendoza.com.ar\/index.php\/wp-json\/wp\/v2\/posts\/33070","targetHints":{"allow":["GET"]}}],"collection":[{"href":"https:\/\/elfederalmendoza.com.ar\/index.php\/wp-json\/wp\/v2\/posts"}],"about":[{"href":"https:\/\/elfederalmendoza.com.ar\/index.php\/wp-json\/wp\/v2\/types\/post"}],"author":[{"embeddable":true,"href":"https:\/\/elfederalmendoza.com.ar\/index.php\/wp-json\/wp\/v2\/users\/2"}],"replies":[{"embeddable":true,"href":"https:\/\/elfederalmendoza.com.ar\/index.php\/wp-json\/wp\/v2\/comments?post=33070"}],"version-history":[{"count":1,"href":"https:\/\/elfederalmendoza.com.ar\/index.php\/wp-json\/wp\/v2\/posts\/33070\/revisions"}],"predecessor-version":[{"id":33072,"href":"https:\/\/elfederalmendoza.com.ar\/index.php\/wp-json\/wp\/v2\/posts\/33070\/revisions\/33072"}],"wp:featuredmedia":[{"embeddable":true,"href":"https:\/\/elfederalmendoza.com.ar\/index.php\/wp-json\/wp\/v2\/media\/33045"}],"wp:attachment":[{"href":"https:\/\/elfederalmendoza.com.ar\/index.php\/wp-json\/wp\/v2\/media?parent=33070"}],"wp:term":[{"taxonomy":"category","embeddable":true,"href":"https:\/\/elfederalmendoza.com.ar\/index.php\/wp-json\/wp\/v2\/categories?post=33070"},{"taxonomy":"post_tag","embeddable":true,"href":"https:\/\/elfederalmendoza.com.ar\/index.php\/wp-json\/wp\/v2\/tags?post=33070"}],"curies":[{"name":"wp","href":"https:\/\/api.w.org\/{rel}","templated":true}]}}