{"id":33074,"date":"2024-06-05T13:09:41","date_gmt":"2024-06-05T16:09:41","guid":{"rendered":"https:\/\/elfederalmendoza.com\/?p=33074"},"modified":"2024-06-05T13:09:42","modified_gmt":"2024-06-05T16:09:42","slug":"video-preocupa-el-comportamiento-y-gestos-del-ministro-de-turismo-de-salta","status":"publish","type":"post","link":"https:\/\/elfederalmendoza.com.ar\/index.php\/2024\/06\/05\/video-preocupa-el-comportamiento-y-gestos-del-ministro-de-turismo-de-salta\/","title":{"rendered":"-VIDEO- Preocupa el comportamiento y gestos del ministro de Turismo de Salta"},"content":{"rendered":"\n<p><strong>Al titular de la cartera de Turismo y Deportes, Mario Pe\u00f1a, se lo vio en una conferencia de prensa con inquietantes gestos y movimientos.<\/strong><\/p>\n\n\n\n<p>D\u00edas atr\u00e1s, en la presentaci\u00f3n de la quinta edici\u00f3n de la Semana Gastron\u00f3mica,\u00a0<strong><em>se lo pudo observar al ministro de Turismo y Deportes de la provincia de Salta, Mario Pe\u00f1a, en una situaci\u00f3n inquietante<\/em><\/strong>. Fue protagonista de movimientos y gestos extra\u00f1os y preocup\u00f3 a m\u00e1s de uno por su situaci\u00f3n de salud.<\/p>\n\n\n\n<p>Por momentos, durante esa conferencia, a Mario Pe\u00f1a se lo pudo observar con la mirada perdida, acelerado y como aturdido. La situaci\u00f3n no pas\u00f3 desapercibida y ayer se viriliz\u00f3 en redes sociales un video y, m\u00e1s all\u00e1 de algunas acusaciones, preocup\u00f3 a varios usuarios.<\/p>\n\n\n\n<figure class=\"wp-block-video\"><video controls src=\"https:\/\/elfederalmendoza.com\/wp-content\/uploads\/2024\/06\/WhatsApp-Video-2024-06-05-at-12.52.14-PM.mp4\"><\/video><\/figure>\n\n\n\n<p>La preocupaci\u00f3n, adem\u00e1s, tiene que ver con que se trata de la m\u00e1xima autoridad en lo que tiene que ver con el turismo y la importancia y el impacto que tiene esa industria en nuestra provincia. Al ser la cara, es necesario verlo en \u00f3ptimas condiciones de salud. Adem\u00e1s, si se tiene en cuenta que es, tambi\u00e9n, la m\u00e1xima autoridad del deporte en Salta.<\/p>\n\n\n\n<p>Esa preocupaci\u00f3n tiene que ver con que se trata de un funcionario p\u00fablico, y de primera l\u00ednea, no de una persona com\u00fan con sus propios problemas. Por eso se espera alg\u00fan tipo de explicaci\u00f3n por parte de las autoridades del Ministerio o del propio funcionario.<\/p>\n","protected":false},"excerpt":{"rendered":"<p>Al titular de la cartera de Turismo y Deportes, Mario Pe\u00f1a, se lo vio en una conferencia de prensa con inquietantes gestos y movimientos. D\u00edas atr\u00e1s, en la presentaci\u00f3n de la quinta edici\u00f3n de la Semana Gastron\u00f3mica,\u00a0se lo pudo observar al ministro de Turismo y Deportes de la provincia de Salta, Mario Pe\u00f1a, en una<a class=\"read-more\" href=\"https:\/\/elfederalmendoza.com.ar\/index.php\/2024\/06\/05\/video-preocupa-el-comportamiento-y-gestos-del-ministro-de-turismo-de-salta\/\"> [&hellip;]<\/a><\/p>\n","protected":false},"author":2,"featured_media":33076,"comment_status":"open","ping_status":"open","sticky":false,"template":"","format":"standard","meta":{"footnotes":""},"categories":[5618],"tags":[],"class_list":["post-33074","post","type-post","status-publish","format-standard","has-post-thumbnail","hentry","category-arg"],"rttpg_featured_image_url":{"full":["https:\/\/elfederalmendoza.com.ar\/wp-content\/uploads\/2024\/06\/DURO.jpg",1289,913,false],"landscape":["https:\/\/elfederalmendoza.com.ar\/wp-content\/uploads\/2024\/06\/DURO.jpg",1289,913,false],"portraits":["https:\/\/elfederalmendoza.com.ar\/wp-content\/uploads\/2024\/06\/DURO.jpg",1289,913,false],"thumbnail":["https:\/\/elfederalmendoza.com.ar\/wp-content\/uploads\/2024\/06\/DURO-150x150.jpg",150,150,true],"medium":["https:\/\/elfederalmendoza.com.ar\/wp-content\/uploads\/2024\/06\/DURO-300x212.jpg",300,212,true],"large":["https:\/\/elfederalmendoza.com.ar\/wp-content\/uploads\/2024\/06\/DURO-1024x725.jpg",640,453,true],"1536x1536":["https:\/\/elfederalmendoza.com.ar\/wp-content\/uploads\/2024\/06\/DURO.jpg",1289,913,false],"2048x2048":["https:\/\/elfederalmendoza.com.ar\/wp-content\/uploads\/2024\/06\/DURO.jpg",1289,913,false],"ultp_layout_landscape_large":["https:\/\/elfederalmendoza.com.ar\/wp-content\/uploads\/2024\/06\/DURO-1200x800.jpg",1200,800,true],"ultp_layout_landscape":["https:\/\/elfederalmendoza.com.ar\/wp-content\/uploads\/2024\/06\/DURO-870x570.jpg",870,570,true],"ultp_layout_portrait":["https:\/\/elfederalmendoza.com.ar\/wp-content\/uploads\/2024\/06\/DURO-600x900.jpg",600,900,true],"ultp_layout_square":["https:\/\/elfederalmendoza.com.ar\/wp-content\/uploads\/2024\/06\/DURO-600x600.jpg",600,600,true],"rpwe-thumbnail":["https:\/\/elfederalmendoza.com.ar\/wp-content\/uploads\/2024\/06\/DURO-45x45.jpg",45,45,true],"advps-thumb-one":["https:\/\/elfederalmendoza.com.ar\/wp-content\/uploads\/2024\/06\/DURO-1200x420.jpg",1200,420,true]},"rttpg_author":{"display_name":"Redacci\u00f3n El Federal","author_link":"https:\/\/elfederalmendoza.com.ar\/index.php\/author\/angelflores\/"},"rttpg_comment":0,"rttpg_category":"<a href=\"https:\/\/elfederalmendoza.com.ar\/index.php\/category\/arg\/\" rel=\"category tag\">Argentina<\/a>","rttpg_excerpt":"Al titular de la cartera de Turismo y Deportes, Mario Pe\u00f1a, se lo vio en una conferencia de prensa con inquietantes gestos y movimientos. D\u00edas atr\u00e1s, en la presentaci\u00f3n de la quinta edici\u00f3n de la Semana Gastron\u00f3mica,\u00a0se lo pudo observar al ministro de Turismo y Deportes de la provincia de Salta, Mario Pe\u00f1a, en una&hellip;","_links":{"self":[{"href":"https:\/\/elfederalmendoza.com.ar\/index.php\/wp-json\/wp\/v2\/posts\/33074","targetHints":{"allow":["GET"]}}],"collection":[{"href":"https:\/\/elfederalmendoza.com.ar\/index.php\/wp-json\/wp\/v2\/posts"}],"about":[{"href":"https:\/\/elfederalmendoza.com.ar\/index.php\/wp-json\/wp\/v2\/types\/post"}],"author":[{"embeddable":true,"href":"https:\/\/elfederalmendoza.com.ar\/index.php\/wp-json\/wp\/v2\/users\/2"}],"replies":[{"embeddable":true,"href":"https:\/\/elfederalmendoza.com.ar\/index.php\/wp-json\/wp\/v2\/comments?post=33074"}],"version-history":[{"count":1,"href":"https:\/\/elfederalmendoza.com.ar\/index.php\/wp-json\/wp\/v2\/posts\/33074\/revisions"}],"predecessor-version":[{"id":33077,"href":"https:\/\/elfederalmendoza.com.ar\/index.php\/wp-json\/wp\/v2\/posts\/33074\/revisions\/33077"}],"wp:featuredmedia":[{"embeddable":true,"href":"https:\/\/elfederalmendoza.com.ar\/index.php\/wp-json\/wp\/v2\/media\/33076"}],"wp:attachment":[{"href":"https:\/\/elfederalmendoza.com.ar\/index.php\/wp-json\/wp\/v2\/media?parent=33074"}],"wp:term":[{"taxonomy":"category","embeddable":true,"href":"https:\/\/elfederalmendoza.com.ar\/index.php\/wp-json\/wp\/v2\/categories?post=33074"},{"taxonomy":"post_tag","embeddable":true,"href":"https:\/\/elfederalmendoza.com.ar\/index.php\/wp-json\/wp\/v2\/tags?post=33074"}],"curies":[{"name":"wp","href":"https:\/\/api.w.org\/{rel}","templated":true}]}}