{"id":33094,"date":"2024-06-08T11:28:50","date_gmt":"2024-06-08T14:28:50","guid":{"rendered":"https:\/\/elfederalmendoza.com\/?p=33094"},"modified":"2024-06-08T11:28:52","modified_gmt":"2024-06-08T14:28:52","slug":"videos-fuerte-e-inesperado-cruce-en-vivo-entre-dos-periodistas-de-c5n","status":"publish","type":"post","link":"https:\/\/elfederalmendoza.com.ar\/index.php\/2024\/06\/08\/videos-fuerte-e-inesperado-cruce-en-vivo-entre-dos-periodistas-de-c5n\/","title":{"rendered":"-VIDEOS- Fuerte e inesperado cruce en vivo entre dos periodistas de C5N"},"content":{"rendered":"\n<p>No es la primera vez que <strong>Mariana Brey y Pablo Duggan<\/strong>, dos de los comunicadores m\u00e1s importantes de\u00a0<strong>C5N<\/strong>, se enfrentan delante de c\u00e1mara. Es que ambos tienen posturas y opiniones muy diferentes, lo que hace que los debates entre ellos sean intensos. Pero esta vez, la discusi\u00f3n escal\u00f3 mucho m\u00e1s y la periodista, cansada de la actitud de su colega, lo expuso al aire.<\/p>\n\n\n\n<figure class=\"wp-block-image\"><img decoding=\"async\" src=\"https:\/\/www.minutoneuquen.com\/u\/fotografias\/m\/2024\/6\/7\/f768x1-680860_680987_5050.jpg\" alt=\"\"\/><figcaption class=\"wp-element-caption\">Tenso momento se vivi\u00f3 en C5N.<\/figcaption><\/figure>\n\n\n\n<p>Todo comenz\u00f3 cuando ayer jueves en \u201cDuro de domar\u201d, ciclo de actualidad y entretenimiento de\u00a0<strong>C5N<\/strong>, los panelistas y el conductor debat\u00edan acerca de la decisi\u00f3n del Gobierno de cerrar el ex Ministerio de la Mujer. La columnista\u00a0del canal de cable\u00a0opin\u00f3: \u201cNunca baj\u00f3 el \u00edndice de muerte de mujeres con un Ministerio de mujer funcionando\u201d. Tras escuchar la exposici\u00f3n de su compa\u00f1era, Cynthia Garc\u00eda, Brey volvi\u00f3 a acotar:\u00a0\u201cNo funcion\u00f3 el Ministerio de la Mujer\u201d. El presentador del programa tom\u00f3 la palabra y lanz\u00f3: \u201cEs una barbaridad lo que est\u00e1s diciendo\u201d. Lejos de quedarse callada, la panelista remarc\u00f3: \u201cBarbaridad es lo que dec\u00eds vos todos los d\u00edas en el programa\u201d.<\/p>\n\n\n\n<figure class=\"wp-block-embed is-type-video is-provider-youtube wp-block-embed-youtube wp-embed-aspect-16-9 wp-has-aspect-ratio\"><div class=\"wp-block-embed__wrapper\">\n<iframe loading=\"lazy\" title=\"Tenso cruce en C5N- Minuto Neuqu\u00e9n Show\" width=\"640\" height=\"360\" src=\"https:\/\/www.youtube.com\/embed\/Uk0C4cGbr1c?start=3&#038;feature=oembed\" frameborder=\"0\" allow=\"accelerometer; autoplay; clipboard-write; encrypted-media; gyroscope; picture-in-picture; web-share\" referrerpolicy=\"strict-origin-when-cross-origin\" allowfullscreen><\/iframe>\n<\/div><\/figure>\n\n\n\n<p>La discusi\u00f3n en los estudios de\u00a0<strong>C5N\u00a0<\/strong>empez\u00f3 a aumentar el tono, pero todo explot\u00f3 cuando Duggan distorsion\u00f3 las declaraciones de su colega, lo que hizo que ella r\u00e1pidamente lo frene: \u201cNo me hagas decir cosas que no estoy diciendo, me das vuelta todo. Vos interpret\u00e1 lo que quieras. Con vos no se puede discutir, me habl\u00e1s arriba todo el tiempo\u201d. El animador del ciclo de\u00a0la se\u00f1al del Grupo Indalo\u00a0la cuestion\u00f3: \u201cSi funcionaba mal, \u00bfpor qu\u00e9 no lo hac\u00e9s funcionar bien?\u201d. Cuando la periodista se dispon\u00eda a responder, \u00e9l la cort\u00f3: \u201cBueno, listo. No tiene respuesta, ya est\u00e1\u201d.\u00a0Cansada de la situaci\u00f3n, Brey explot\u00f3: \u201cSos un maleducado. Cada vez que voy a hablar, me quer\u00e9s tapar. Me hac\u00e9s una pregunta y me call\u00e1s. \u00bfAs\u00ed te gusta conducir? Segu\u00ed as\u00ed. No se puede discutir con vos. Ahora no tengo ganas de contestarte, a gente maleducada prefiero no contestarle\u201d.<\/p>\n\n\n\n<figure class=\"wp-block-embed is-type-video is-provider-youtube wp-block-embed-youtube wp-embed-aspect-16-9 wp-has-aspect-ratio\"><div class=\"wp-block-embed__wrapper\">\n<iframe loading=\"lazy\" title=\"Fuerte cruce entre dos figuras de C5N- Minuto Neuqu\u00e9n Show\" width=\"640\" height=\"360\" src=\"https:\/\/www.youtube.com\/embed\/R941kCFmEvE?start=3&#038;feature=oembed\" frameborder=\"0\" allow=\"accelerometer; autoplay; clipboard-write; encrypted-media; gyroscope; picture-in-picture; web-share\" referrerpolicy=\"strict-origin-when-cross-origin\" allowfullscreen><\/iframe>\n<\/div><\/figure>\n","protected":false},"excerpt":{"rendered":"<p>No es la primera vez que Mariana Brey y Pablo Duggan, dos de los comunicadores m\u00e1s importantes de\u00a0C5N, se enfrentan delante de c\u00e1mara. Es que ambos tienen posturas y opiniones muy diferentes, lo que hace que los debates entre ellos sean intensos. Pero esta vez, la discusi\u00f3n escal\u00f3 mucho m\u00e1s y la periodista, cansada de<a class=\"read-more\" href=\"https:\/\/elfederalmendoza.com.ar\/index.php\/2024\/06\/08\/videos-fuerte-e-inesperado-cruce-en-vivo-entre-dos-periodistas-de-c5n\/\"> [&hellip;]<\/a><\/p>\n","protected":false},"author":2,"featured_media":33098,"comment_status":"open","ping_status":"open","sticky":false,"template":"","format":"standard","meta":{"footnotes":""},"categories":[5618],"tags":[],"class_list":["post-33094","post","type-post","status-publish","format-standard","has-post-thumbnail","hentry","category-arg"],"rttpg_featured_image_url":{"full":["https:\/\/elfederalmendoza.com.ar\/wp-content\/uploads\/2024\/06\/BREY2.jpg",1074,693,false],"landscape":["https:\/\/elfederalmendoza.com.ar\/wp-content\/uploads\/2024\/06\/BREY2.jpg",1074,693,false],"portraits":["https:\/\/elfederalmendoza.com.ar\/wp-content\/uploads\/2024\/06\/BREY2.jpg",1074,693,false],"thumbnail":["https:\/\/elfederalmendoza.com.ar\/wp-content\/uploads\/2024\/06\/BREY2-150x150.jpg",150,150,true],"medium":["https:\/\/elfederalmendoza.com.ar\/wp-content\/uploads\/2024\/06\/BREY2-300x194.jpg",300,194,true],"large":["https:\/\/elfederalmendoza.com.ar\/wp-content\/uploads\/2024\/06\/BREY2-1024x661.jpg",640,413,true],"1536x1536":["https:\/\/elfederalmendoza.com.ar\/wp-content\/uploads\/2024\/06\/BREY2.jpg",1074,693,false],"2048x2048":["https:\/\/elfederalmendoza.com.ar\/wp-content\/uploads\/2024\/06\/BREY2.jpg",1074,693,false],"ultp_layout_landscape_large":["https:\/\/elfederalmendoza.com.ar\/wp-content\/uploads\/2024\/06\/BREY2.jpg",1074,693,false],"ultp_layout_landscape":["https:\/\/elfederalmendoza.com.ar\/wp-content\/uploads\/2024\/06\/BREY2-870x570.jpg",870,570,true],"ultp_layout_portrait":["https:\/\/elfederalmendoza.com.ar\/wp-content\/uploads\/2024\/06\/BREY2-600x693.jpg",600,693,true],"ultp_layout_square":["https:\/\/elfederalmendoza.com.ar\/wp-content\/uploads\/2024\/06\/BREY2-600x600.jpg",600,600,true],"rpwe-thumbnail":["https:\/\/elfederalmendoza.com.ar\/wp-content\/uploads\/2024\/06\/BREY2-45x45.jpg",45,45,true],"advps-thumb-one":["https:\/\/elfederalmendoza.com.ar\/wp-content\/uploads\/2024\/06\/BREY2-1074x420.jpg",1074,420,true]},"rttpg_author":{"display_name":"Redacci\u00f3n El Federal","author_link":"https:\/\/elfederalmendoza.com.ar\/index.php\/author\/angelflores\/"},"rttpg_comment":0,"rttpg_category":"<a href=\"https:\/\/elfederalmendoza.com.ar\/index.php\/category\/arg\/\" rel=\"category tag\">Argentina<\/a>","rttpg_excerpt":"No es la primera vez que Mariana Brey y Pablo Duggan, dos de los comunicadores m\u00e1s importantes de\u00a0C5N, se enfrentan delante de c\u00e1mara. Es que ambos tienen posturas y opiniones muy diferentes, lo que hace que los debates entre ellos sean intensos. Pero esta vez, la discusi\u00f3n escal\u00f3 mucho m\u00e1s y la periodista, cansada de&hellip;","_links":{"self":[{"href":"https:\/\/elfederalmendoza.com.ar\/index.php\/wp-json\/wp\/v2\/posts\/33094","targetHints":{"allow":["GET"]}}],"collection":[{"href":"https:\/\/elfederalmendoza.com.ar\/index.php\/wp-json\/wp\/v2\/posts"}],"about":[{"href":"https:\/\/elfederalmendoza.com.ar\/index.php\/wp-json\/wp\/v2\/types\/post"}],"author":[{"embeddable":true,"href":"https:\/\/elfederalmendoza.com.ar\/index.php\/wp-json\/wp\/v2\/users\/2"}],"replies":[{"embeddable":true,"href":"https:\/\/elfederalmendoza.com.ar\/index.php\/wp-json\/wp\/v2\/comments?post=33094"}],"version-history":[{"count":1,"href":"https:\/\/elfederalmendoza.com.ar\/index.php\/wp-json\/wp\/v2\/posts\/33094\/revisions"}],"predecessor-version":[{"id":33099,"href":"https:\/\/elfederalmendoza.com.ar\/index.php\/wp-json\/wp\/v2\/posts\/33094\/revisions\/33099"}],"wp:featuredmedia":[{"embeddable":true,"href":"https:\/\/elfederalmendoza.com.ar\/index.php\/wp-json\/wp\/v2\/media\/33098"}],"wp:attachment":[{"href":"https:\/\/elfederalmendoza.com.ar\/index.php\/wp-json\/wp\/v2\/media?parent=33094"}],"wp:term":[{"taxonomy":"category","embeddable":true,"href":"https:\/\/elfederalmendoza.com.ar\/index.php\/wp-json\/wp\/v2\/categories?post=33094"},{"taxonomy":"post_tag","embeddable":true,"href":"https:\/\/elfederalmendoza.com.ar\/index.php\/wp-json\/wp\/v2\/tags?post=33094"}],"curies":[{"name":"wp","href":"https:\/\/api.w.org\/{rel}","templated":true}]}}