{"id":33112,"date":"2024-06-10T10:01:23","date_gmt":"2024-06-10T13:01:23","guid":{"rendered":"https:\/\/elfederalmendoza.com\/?p=33112"},"modified":"2024-06-10T10:01:25","modified_gmt":"2024-06-10T13:01:25","slug":"una-ong-pidio-a-la-justicia-federal-que-leda-demuestre-sus-poderes-de-sanacion","status":"publish","type":"post","link":"https:\/\/elfederalmendoza.com.ar\/index.php\/2024\/06\/10\/una-ong-pidio-a-la-justicia-federal-que-leda-demuestre-sus-poderes-de-sanacion\/","title":{"rendered":"Una ONG pidi\u00f3 a la Justicia federal que Leda demuestre sus \u00abpoderes de sanaci\u00f3n\u00bb"},"content":{"rendered":"\n<p>El referente de Libre Mente, Pablo Salum, habl\u00f3 con\u00a0<strong>Cadena 3\u00a0<\/strong>e hizo un pedido formal para que se realicen las investigaciones y \u00abverificar\u00bb si Bergonzi ejerce una \u00abmanipulaci\u00f3n psicol\u00f3gica\u00bb.<\/p>\n\n\n\n<p>El referente de la ONG Libre Mente, Pablo Salum, hizo a la Justicia Federal un pedido formal a para que realice las pericias correspondientes con el fin de \u00abverificar\u00bb si\u00a0Leda Bergonzi\u00a0efectivamente tiene poderes de sanaci\u00f3n, como ella asegur\u00f3 en reiteradas oportunidades.<\/p>\n\n\n\n<p>Libre Mente se dedica a&nbsp;<strong>luchar contra las sectas<\/strong>&nbsp;y las pseudociencias. Para la ONG, Leda ejerce una \u00abmanipulaci\u00f3n psicol\u00f3gica\u00bb al \u00abcaptar v\u00edctimas vulnerables diciendo que tiene poderes de sanaci\u00f3n\u00bb. Tambi\u00e9n convoc\u00f3 p\u00fablicamente \u00aba todas las personas que fueron captadas a trav\u00e9s de los medios de comunicaci\u00f3n para ser sanadas por Leda Bergonzi y que, lamentablemente, siguen enfermas, a que se sumen a las denuncias contra esta se\u00f1ora, los medios de captaci\u00f3n, pol\u00edticos y la Iglesia Cat\u00f3lica\u00bb.<\/p>\n\n\n\n<p>\u00abTodos los que han jugado con la salud, derechos y recursos econ\u00f3micos de estas personas deben responder ante la Justicia y pagar las consecuencias. No se queden callados\u00bb, agregaron desde la ONG.<\/p>\n\n\n\n<p>Adem\u00e1s, Salum pidi\u00f3 p\u00fablicamente al Ministerio de Salud de Santa Fe \u00aba sumarse a esta propuesta para, de una vez por todas, probar de manera eficaz que las doctrinas irracionales y m\u00e1gicas no curan. Lo que cura son las ciencias. La Justicia federal, si hace las cosas bien, puede comprobar f\u00e1cilmente mi denuncia contra Leda Bergonzi. Ahora la pregunta es si, de una vez por todas, van a ir contra el poder y tendremos justicia\u00bb, denunci\u00f3.<\/p>\n\n\n\n<blockquote class=\"twitter-tweet\"><p lang=\"es\" dir=\"ltr\">Acabo de realizar la solicitud formal a la justicia federal para realizar las pericias correspondientes, con el fin de verificar si Leda Vanina Bergonzi efectivamente tiene poderes de sanaci\u00f3n, tal como ella y los medios de prensa han afirmado en reiteradas oportunidades <a href=\"https:\/\/t.co\/HPS2WdGlqT\">https:\/\/t.co\/HPS2WdGlqT<\/a><\/p>&mdash; Pablo G. Salum (@LEYANTISECTAS) <a href=\"https:\/\/twitter.com\/LEYANTISECTAS\/status\/1798696392128639302?ref_src=twsrc%5Etfw\">June 6, 2024<\/a><\/blockquote> <script async src=\"https:\/\/platform.twitter.com\/widgets.js\" charset=\"utf-8\"><\/script>\n\n\n\n<p><strong>\u00abEs alarmante el nivel de complicidad<\/strong>&nbsp;y encubrimiento de los grandes medios nacionales de comunicaci\u00f3n, que se han dedicado a afirmar que Leda Bergonzi cura enfermedades para promocionarla y ahora no publican las denuncias en su contra. Como sociedad, deber\u00edamos repudiar este accionar\u00bb, denunci\u00f3 el referente de Libre Mente.<\/p>\n\n\n\n<p>Salum dijo en di\u00e1logo con\u00a0<strong>Cadena 3<\/strong>\u00a0que la denuncia no busca desafiar a Bergonzi sino defender los derechos y la sanidad p\u00fablica. \u00abNo es desafiar sino defender los derechos y la sanidad p\u00fablica\u00bb. El activista tambi\u00e9n comparti\u00f3 su experiencia personal con gur\u00fas similares a Bergonzi cuando era ni\u00f1o y c\u00f3mo afectaron negativamente a su madre.<\/p>\n\n\n\n<figure class=\"wp-block-image size-large\"><img loading=\"lazy\" decoding=\"async\" width=\"1024\" height=\"578\" src=\"https:\/\/elfederalmendoza.com\/wp-content\/uploads\/2024\/05\/leda2-1024x578.jpg\" alt=\"\" class=\"wp-image-32896\" srcset=\"https:\/\/elfederalmendoza.com.ar\/wp-content\/uploads\/2024\/05\/leda2-1024x578.jpg 1024w, https:\/\/elfederalmendoza.com.ar\/wp-content\/uploads\/2024\/05\/leda2-300x169.jpg 300w, https:\/\/elfederalmendoza.com.ar\/wp-content\/uploads\/2024\/05\/leda2-768x433.jpg 768w, https:\/\/elfederalmendoza.com.ar\/wp-content\/uploads\/2024\/05\/leda2.jpg 1466w\" sizes=\"auto, (max-width: 1024px) 100vw, 1024px\" \/><\/figure>\n\n\n\n<p>\u00abHace m\u00e1s de 30 a\u00f1os que estoy en esta lucha y esta lucha no comenz\u00f3 con una meta de desafiar a nadie, sino m\u00e1s bien que otros no pasen por lo que yo pas\u00e9 desde muy ni\u00f1o a nivel personal entonces. Mi madre ten\u00eda un inconveniente de salud y los m\u00e9dicos no le encontraban la soluci\u00f3n. Entonces comenz\u00f3 a ser captada por distintos tipos de gur\u00fa, muchos similares a Leda, que le dec\u00edan que le gana sanar m\u00e1gicamente\u00bb, explic\u00f3.<\/p>\n\n\n\n<p>A pesar de las afirmaciones de algunos seguidores sobre las capacidades curativas milagrosas de Bergonzi, Salum sostiene que estas\u00a0<strong>deben ser comprobadas judicialmente.<\/strong>\u00a0\u00abSi esta se\u00f1ora dice que sana, que lo demuestre ante la Justicia\u00bb, dijo.<\/p>\n\n\n\n<p>\u00abNo hablamos de fe ni de religi\u00f3n, la gente tiene derecho a creer en lo que se le antoje. Ahora, si hay una persona que est\u00e1 diciendo que te va a ofrecer algo, es poner en riesgo la salud. Hay gente que est\u00e1 con patolog\u00edas severas que deber\u00eda estar siendo tratada y en este momento est\u00e1 haciendo la cola a la madrugada porque esta se\u00f1ora dice que lo va a sanar milagrosamente\u00bb, explic\u00f3 Salum en&nbsp;<strong>Cadena 3.<\/strong><\/p>\n\n\n\n<p>Y a\u00f1adi\u00f3: \u00abNo hablamos de religi\u00f3n. Cualquier persona que crea en lo que quiera, a m\u00ed no me interesa. Es m\u00e1s, puede estar haciendo un tratamiento m\u00e9dico e ir a rezar a la iglesia o estar en su casa orando o lo que quiera, pero el tratamiento m\u00e9dico lo debe hacer en una instituci\u00f3n sanitaria y es la \u00fanica forma de sanar. Las creencias no sanan,&nbsp;<strong>lo que sanan son las ciencias\u00bb.<\/strong><\/p>\n\n\n\n<p>Salum tambi\u00e9n mencion\u00f3 el uso indebido del dinero p\u00fablico para eventos relacionados con Bergonszi. Seg\u00fan declar\u00f3, \u00abtenemos informaci\u00f3n sobre alg\u00fan decreto firmado otorg\u00e1ndole\u00a0<a href=\"https:\/\/www.cadena3.com\/pagina\/tag\/?q=subsidios\" target=\"_blank\" rel=\"noreferrer noopener\">subsidios<\/a>\u00a0para realizar estos eventos\u00bb.<\/p>\n\n\n\n<figure class=\"wp-block-image size-large\"><img loading=\"lazy\" decoding=\"async\" width=\"1024\" height=\"578\" src=\"https:\/\/elfederalmendoza.com\/wp-content\/uploads\/2023\/08\/ledahome-1024x578.jpg\" alt=\"\" class=\"wp-image-26583\" srcset=\"https:\/\/elfederalmendoza.com.ar\/wp-content\/uploads\/2023\/08\/ledahome-1024x578.jpg 1024w, https:\/\/elfederalmendoza.com.ar\/wp-content\/uploads\/2023\/08\/ledahome-300x169.jpg 300w, https:\/\/elfederalmendoza.com.ar\/wp-content\/uploads\/2023\/08\/ledahome-768x433.jpg 768w, https:\/\/elfederalmendoza.com.ar\/wp-content\/uploads\/2023\/08\/ledahome.jpg 1250w\" sizes=\"auto, (max-width: 1024px) 100vw, 1024px\" \/><figcaption class=\"wp-element-caption\">Leda Bergonzi<\/figcaption><\/figure>\n\n\n\n<p>Finalmente, el titular de Red Libremente inst\u00f3 a las autoridades judiciales a investigar las afirmaciones hechas por Leda Bergonzi y la ONG espera un avance significativo ya que seg\u00fan Salum \u00abla denuncia fue tomada y est\u00e1 siendo investigada\u00bb.<\/p>\n\n\n\n<p>Leda Bergonzi naci\u00f3 en San Lorenzo, Santa Fe. Fue fundadora del grupo de oraci\u00f3n llamado&nbsp;<strong>\u00abSoplo de Dios Viviente\u00bb.&nbsp;<\/strong>Desde muy ni\u00f1a, tuvo una formaci\u00f3n en el catolicismo. Pese a que no es monja ni hizo votos religiosos, en 2015 empez\u00f3 a promover sus supuestos \u00abdones sanadores\u00bb.<\/p>\n\n\n\n<p>A sus 44 a\u00f1os, es madre de cinco hijos y abuela. Si bien no es una figura oficial dentro del catolicismo, su popularidad creci\u00f3 en los \u00faltimos a\u00f1os. La mujer&nbsp;<strong>asegura que tiene un \u00abdon de Dios\u00bb.<\/strong>&nbsp;Las personas recurren a ella van con la esperanza de que les cure enfermedades y dolencias propias o de sus seres m\u00e1s queridos.<\/p>\n\n\n\n<p>En 2023,\u00a0mantuvo un encuentro con la familia de\u00a0Lionel Messi, encabezada por <strong>Celia Cuccittini y Mat\u00edas Messi, la madre y el hermano del astro del capit\u00e1n de la Selecci\u00f3n Argentina.<\/strong><\/p>\n\n\n\n<p>Cada martes, en la Catedral de Rosario, cientos de fieles se congregan para recibir la sanaci\u00f3n de Leda. Un hombre, que hab\u00eda perdido la vista de un ojo, comparti\u00f3 asombrado que durante la imposici\u00f3n de manos de Leda, comenz\u00f3 a lagrimear instant\u00e1neamente. \u201cEs incre\u00edble lo que sucedi\u00f3\u201d, expres\u00f3.<\/p>\n","protected":false},"excerpt":{"rendered":"<p>El referente de Libre Mente, Pablo Salum, habl\u00f3 con\u00a0Cadena 3\u00a0e hizo un pedido formal para que se realicen las investigaciones y \u00abverificar\u00bb si Bergonzi ejerce una \u00abmanipulaci\u00f3n psicol\u00f3gica\u00bb. El referente de la ONG Libre Mente, Pablo Salum, hizo a la Justicia Federal un pedido formal a para que realice las pericias correspondientes con el fin<a class=\"read-more\" href=\"https:\/\/elfederalmendoza.com.ar\/index.php\/2024\/06\/10\/una-ong-pidio-a-la-justicia-federal-que-leda-demuestre-sus-poderes-de-sanacion\/\"> [&hellip;]<\/a><\/p>\n","protected":false},"author":2,"featured_media":32899,"comment_status":"open","ping_status":"open","sticky":false,"template":"","format":"standard","meta":{"footnotes":""},"categories":[5618],"tags":[],"class_list":["post-33112","post","type-post","status-publish","format-standard","has-post-thumbnail","hentry","category-arg"],"rttpg_featured_image_url":{"full":["https:\/\/elfederalmendoza.com.ar\/wp-content\/uploads\/2024\/05\/LEDA3.jpg",1235,677,false],"landscape":["https:\/\/elfederalmendoza.com.ar\/wp-content\/uploads\/2024\/05\/LEDA3.jpg",1235,677,false],"portraits":["https:\/\/elfederalmendoza.com.ar\/wp-content\/uploads\/2024\/05\/LEDA3.jpg",1235,677,false],"thumbnail":["https:\/\/elfederalmendoza.com.ar\/wp-content\/uploads\/2024\/05\/LEDA3-150x150.jpg",150,150,true],"medium":["https:\/\/elfederalmendoza.com.ar\/wp-content\/uploads\/2024\/05\/LEDA3-300x164.jpg",300,164,true],"large":["https:\/\/elfederalmendoza.com.ar\/wp-content\/uploads\/2024\/05\/LEDA3-1024x561.jpg",640,351,true],"1536x1536":["https:\/\/elfederalmendoza.com.ar\/wp-content\/uploads\/2024\/05\/LEDA3.jpg",1235,677,false],"2048x2048":["https:\/\/elfederalmendoza.com.ar\/wp-content\/uploads\/2024\/05\/LEDA3.jpg",1235,677,false],"ultp_layout_landscape_large":["https:\/\/elfederalmendoza.com.ar\/wp-content\/uploads\/2024\/05\/LEDA3-1200x677.jpg",1200,677,true],"ultp_layout_landscape":["https:\/\/elfederalmendoza.com.ar\/wp-content\/uploads\/2024\/05\/LEDA3-870x570.jpg",870,570,true],"ultp_layout_portrait":["https:\/\/elfederalmendoza.com.ar\/wp-content\/uploads\/2024\/05\/LEDA3-600x677.jpg",600,677,true],"ultp_layout_square":["https:\/\/elfederalmendoza.com.ar\/wp-content\/uploads\/2024\/05\/LEDA3-600x600.jpg",600,600,true],"rpwe-thumbnail":["https:\/\/elfederalmendoza.com.ar\/wp-content\/uploads\/2024\/05\/LEDA3-45x45.jpg",45,45,true],"advps-thumb-one":["https:\/\/elfederalmendoza.com.ar\/wp-content\/uploads\/2024\/05\/LEDA3-1200x420.jpg",1200,420,true]},"rttpg_author":{"display_name":"Redacci\u00f3n El Federal","author_link":"https:\/\/elfederalmendoza.com.ar\/index.php\/author\/angelflores\/"},"rttpg_comment":0,"rttpg_category":"<a href=\"https:\/\/elfederalmendoza.com.ar\/index.php\/category\/arg\/\" rel=\"category tag\">Argentina<\/a>","rttpg_excerpt":"El referente de Libre Mente, Pablo Salum, habl\u00f3 con\u00a0Cadena 3\u00a0e hizo un pedido formal para que se realicen las investigaciones y \u00abverificar\u00bb si Bergonzi ejerce una \u00abmanipulaci\u00f3n psicol\u00f3gica\u00bb. El referente de la ONG Libre Mente, Pablo Salum, hizo a la Justicia Federal un pedido formal a para que realice las pericias correspondientes con el fin&hellip;","_links":{"self":[{"href":"https:\/\/elfederalmendoza.com.ar\/index.php\/wp-json\/wp\/v2\/posts\/33112","targetHints":{"allow":["GET"]}}],"collection":[{"href":"https:\/\/elfederalmendoza.com.ar\/index.php\/wp-json\/wp\/v2\/posts"}],"about":[{"href":"https:\/\/elfederalmendoza.com.ar\/index.php\/wp-json\/wp\/v2\/types\/post"}],"author":[{"embeddable":true,"href":"https:\/\/elfederalmendoza.com.ar\/index.php\/wp-json\/wp\/v2\/users\/2"}],"replies":[{"embeddable":true,"href":"https:\/\/elfederalmendoza.com.ar\/index.php\/wp-json\/wp\/v2\/comments?post=33112"}],"version-history":[{"count":1,"href":"https:\/\/elfederalmendoza.com.ar\/index.php\/wp-json\/wp\/v2\/posts\/33112\/revisions"}],"predecessor-version":[{"id":33114,"href":"https:\/\/elfederalmendoza.com.ar\/index.php\/wp-json\/wp\/v2\/posts\/33112\/revisions\/33114"}],"wp:featuredmedia":[{"embeddable":true,"href":"https:\/\/elfederalmendoza.com.ar\/index.php\/wp-json\/wp\/v2\/media\/32899"}],"wp:attachment":[{"href":"https:\/\/elfederalmendoza.com.ar\/index.php\/wp-json\/wp\/v2\/media?parent=33112"}],"wp:term":[{"taxonomy":"category","embeddable":true,"href":"https:\/\/elfederalmendoza.com.ar\/index.php\/wp-json\/wp\/v2\/categories?post=33112"},{"taxonomy":"post_tag","embeddable":true,"href":"https:\/\/elfederalmendoza.com.ar\/index.php\/wp-json\/wp\/v2\/tags?post=33112"}],"curies":[{"name":"wp","href":"https:\/\/api.w.org\/{rel}","templated":true}]}}