{"id":33116,"date":"2024-06-10T11:10:19","date_gmt":"2024-06-10T14:10:19","guid":{"rendered":"https:\/\/elfederalmendoza.com\/?p=33116"},"modified":"2024-06-10T11:10:21","modified_gmt":"2024-06-10T14:10:21","slug":"video-brutal-patada-en-la-cabeza-a-un-joven-en-una-cancha-de-futbol-en-lujan-de-cuyo","status":"publish","type":"post","link":"https:\/\/elfederalmendoza.com.ar\/index.php\/2024\/06\/10\/video-brutal-patada-en-la-cabeza-a-un-joven-en-una-cancha-de-futbol-en-lujan-de-cuyo\/","title":{"rendered":"-VIDEO- Brutal patada en la cabeza a un joven en una cancha de f\u00fatbol en Luj\u00e1n de Cuyo"},"content":{"rendered":"\n<p>El incidente ocurri\u00f3 en<strong> Boedo Camp este domingo<\/strong>. Un rival le pate\u00f3 la cabeza. Los compa\u00f1eros llamaron al 911 y acudi\u00f3 una ambulancia.<\/p>\n\n\n\n<p>Un partido de\u00a0<strong>f\u00fatbol<\/strong>\u00a0que se estaba disputando en el Boedo Camp, predio ubicado en\u00a0Luj\u00e1n de Cuyo, termin\u00f3 en una salvaje\u00a0<strong>pelea<\/strong>\u00a0que qued\u00f3 grabada por uno de los asistentes, que hizo llegar el video a este medio.<\/p>\n\n\n\n<p>Las im\u00e1genes muestran a uno de los jugadores tendido en el piso despu\u00e9s de una&nbsp;<strong>golpiza<\/strong>. Seg\u00fan cont\u00f3 el testigo, le hab\u00edan pateado la cabeza, y el impacto lo dej\u00f3 \u00abdormido\u00bb.&nbsp;<\/p>\n\n\n\n<p>Fuentes policiales confirmaron la novedad a este diario y se\u00f1alaron que a las 19.20 se estaba jugando un partido entre conocidos \u00abcuando se desat\u00f3 una ri\u00f1a\u00bb. En ese momento,&nbsp;<strong>un hombre de 26 a\u00f1os golpe\u00f3 a otro de 20<\/strong>, del equipo rival, y lo dej\u00f3 inconsciente.<\/p>\n\n\n\n<p>Al predio lleg\u00f3 una ambulancia del Servicio de Emergencias Coordinado (SEC), que diagnostic\u00f3 a la&nbsp;<strong>v\u00edctima<\/strong>, identificada como&nbsp;<strong>Tom\u00e1s Torres \u00c1lvarez (20)<\/strong>, con traumatismo de cr\u00e1neo leve. Por su parte, el agresor fue identificado como&nbsp;<strong>Daniel Cabrera Miranda (26).<\/strong><\/p>\n\n\n\n<figure class=\"wp-block-embed is-type-video is-provider-vimeo wp-block-embed-vimeo wp-embed-aspect-9-16 wp-has-aspect-ratio\"><div class=\"wp-block-embed__wrapper\">\n<iframe loading=\"lazy\" title=\"Pelea en el Boedo Camp\" src=\"https:\/\/player.vimeo.com\/video\/955934451?dnt=1&amp;app_id=122963\" width=\"540\" height=\"960\" frameborder=\"0\" allow=\"autoplay; fullscreen; picture-in-picture; clipboard-write\"><\/iframe>\n<\/div><\/figure>\n\n\n\n<p>Para averiguar m\u00e1s informaci\u00f3n, el\u00a0<strong>Post<\/strong>\u00a0se comunic\u00f3 con Boedo Camp. Para el empleado que atendi\u00f3, \u00abno pas\u00f3 nada. Una peque\u00f1a trifulca, como siempre, de los muchachos jugando a la pelota. Nada\u00bb.\u00a0 Sin embargo, cuando este medio pidi\u00f3 m\u00e1s informaci\u00f3n y asegur\u00f3 tener im\u00e1genes de lo sucedido, la respuesta cambi\u00f3: \u00abNo tenemos informaci\u00f3n, las canchas se alquilan\u00bb.<\/p>\n\n\n\n<p>El\u00a0<strong>video<\/strong>\u00a0refleja un momento del intercambio de golpes entre los jugadores de dos equipos. Se ve a uno de los futbolistas que queda tirado en el c\u00e9sped de la cancha y otros que lo auxilian, mientras un grupo de jugadores sale corriendo en el fondo.<\/p>\n\n\n\n<p><strong>El hecho qued\u00f3 caratulado en la Justicia como \u00ablesiones dolosas\u00bb<\/strong>, y qued\u00f3 a cargo de la\u00a0<strong>Oficina Fiscal N\u00b0 15<\/strong>. La\u00a0<strong>m\u00e9dica<\/strong>\u00a0que atendi\u00f3 al\u00a0<strong>jugador<\/strong>\u00a0determin\u00f3 que<strong>\u00a0no era necesario el traslado a un hospital<\/strong>, confirmaron desde el Ministerio de Seguridad.<\/p>\n","protected":false},"excerpt":{"rendered":"<p>El incidente ocurri\u00f3 en Boedo Camp este domingo. Un rival le pate\u00f3 la cabeza. Los compa\u00f1eros llamaron al 911 y acudi\u00f3 una ambulancia. Un partido de\u00a0f\u00fatbol\u00a0que se estaba disputando en el Boedo Camp, predio ubicado en\u00a0Luj\u00e1n de Cuyo, termin\u00f3 en una salvaje\u00a0pelea\u00a0que qued\u00f3 grabada por uno de los asistentes, que hizo llegar el video a<a class=\"read-more\" href=\"https:\/\/elfederalmendoza.com.ar\/index.php\/2024\/06\/10\/video-brutal-patada-en-la-cabeza-a-un-joven-en-una-cancha-de-futbol-en-lujan-de-cuyo\/\"> [&hellip;]<\/a><\/p>\n","protected":false},"author":2,"featured_media":33117,"comment_status":"open","ping_status":"open","sticky":false,"template":"","format":"standard","meta":{"footnotes":""},"categories":[1],"tags":[],"class_list":["post-33116","post","type-post","status-publish","format-standard","has-post-thumbnail","hentry","category-mza"],"rttpg_featured_image_url":{"full":["https:\/\/elfederalmendoza.com.ar\/wp-content\/uploads\/2024\/06\/PATADA2.jpg",1468,958,false],"landscape":["https:\/\/elfederalmendoza.com.ar\/wp-content\/uploads\/2024\/06\/PATADA2.jpg",1468,958,false],"portraits":["https:\/\/elfederalmendoza.com.ar\/wp-content\/uploads\/2024\/06\/PATADA2.jpg",1468,958,false],"thumbnail":["https:\/\/elfederalmendoza.com.ar\/wp-content\/uploads\/2024\/06\/PATADA2-150x150.jpg",150,150,true],"medium":["https:\/\/elfederalmendoza.com.ar\/wp-content\/uploads\/2024\/06\/PATADA2-300x196.jpg",300,196,true],"large":["https:\/\/elfederalmendoza.com.ar\/wp-content\/uploads\/2024\/06\/PATADA2-1024x668.jpg",640,418,true],"1536x1536":["https:\/\/elfederalmendoza.com.ar\/wp-content\/uploads\/2024\/06\/PATADA2.jpg",1468,958,false],"2048x2048":["https:\/\/elfederalmendoza.com.ar\/wp-content\/uploads\/2024\/06\/PATADA2.jpg",1468,958,false],"ultp_layout_landscape_large":["https:\/\/elfederalmendoza.com.ar\/wp-content\/uploads\/2024\/06\/PATADA2-1200x800.jpg",1200,800,true],"ultp_layout_landscape":["https:\/\/elfederalmendoza.com.ar\/wp-content\/uploads\/2024\/06\/PATADA2-870x570.jpg",870,570,true],"ultp_layout_portrait":["https:\/\/elfederalmendoza.com.ar\/wp-content\/uploads\/2024\/06\/PATADA2-600x900.jpg",600,900,true],"ultp_layout_square":["https:\/\/elfederalmendoza.com.ar\/wp-content\/uploads\/2024\/06\/PATADA2-600x600.jpg",600,600,true],"rpwe-thumbnail":["https:\/\/elfederalmendoza.com.ar\/wp-content\/uploads\/2024\/06\/PATADA2-45x45.jpg",45,45,true],"advps-thumb-one":["https:\/\/elfederalmendoza.com.ar\/wp-content\/uploads\/2024\/06\/PATADA2-1200x420.jpg",1200,420,true]},"rttpg_author":{"display_name":"Redacci\u00f3n El Federal","author_link":"https:\/\/elfederalmendoza.com.ar\/index.php\/author\/angelflores\/"},"rttpg_comment":0,"rttpg_category":"<a href=\"https:\/\/elfederalmendoza.com.ar\/index.php\/category\/mza\/\" rel=\"category tag\">Mendoza<\/a>","rttpg_excerpt":"El incidente ocurri\u00f3 en Boedo Camp este domingo. Un rival le pate\u00f3 la cabeza. Los compa\u00f1eros llamaron al 911 y acudi\u00f3 una ambulancia. Un partido de\u00a0f\u00fatbol\u00a0que se estaba disputando en el Boedo Camp, predio ubicado en\u00a0Luj\u00e1n de Cuyo, termin\u00f3 en una salvaje\u00a0pelea\u00a0que qued\u00f3 grabada por uno de los asistentes, que hizo llegar el video a&hellip;","_links":{"self":[{"href":"https:\/\/elfederalmendoza.com.ar\/index.php\/wp-json\/wp\/v2\/posts\/33116","targetHints":{"allow":["GET"]}}],"collection":[{"href":"https:\/\/elfederalmendoza.com.ar\/index.php\/wp-json\/wp\/v2\/posts"}],"about":[{"href":"https:\/\/elfederalmendoza.com.ar\/index.php\/wp-json\/wp\/v2\/types\/post"}],"author":[{"embeddable":true,"href":"https:\/\/elfederalmendoza.com.ar\/index.php\/wp-json\/wp\/v2\/users\/2"}],"replies":[{"embeddable":true,"href":"https:\/\/elfederalmendoza.com.ar\/index.php\/wp-json\/wp\/v2\/comments?post=33116"}],"version-history":[{"count":1,"href":"https:\/\/elfederalmendoza.com.ar\/index.php\/wp-json\/wp\/v2\/posts\/33116\/revisions"}],"predecessor-version":[{"id":33118,"href":"https:\/\/elfederalmendoza.com.ar\/index.php\/wp-json\/wp\/v2\/posts\/33116\/revisions\/33118"}],"wp:featuredmedia":[{"embeddable":true,"href":"https:\/\/elfederalmendoza.com.ar\/index.php\/wp-json\/wp\/v2\/media\/33117"}],"wp:attachment":[{"href":"https:\/\/elfederalmendoza.com.ar\/index.php\/wp-json\/wp\/v2\/media?parent=33116"}],"wp:term":[{"taxonomy":"category","embeddable":true,"href":"https:\/\/elfederalmendoza.com.ar\/index.php\/wp-json\/wp\/v2\/categories?post=33116"},{"taxonomy":"post_tag","embeddable":true,"href":"https:\/\/elfederalmendoza.com.ar\/index.php\/wp-json\/wp\/v2\/tags?post=33116"}],"curies":[{"name":"wp","href":"https:\/\/api.w.org\/{rel}","templated":true}]}}