{"id":33126,"date":"2024-06-11T12:11:35","date_gmt":"2024-06-11T15:11:35","guid":{"rendered":"https:\/\/elfederalmendoza.com\/?p=33126"},"modified":"2024-06-11T12:11:36","modified_gmt":"2024-06-11T15:11:36","slug":"un-exfuncionario-kirchnerista-de-mendoza-devolvio-casi-90-millones-de-pesos-al-pami","status":"publish","type":"post","link":"https:\/\/elfederalmendoza.com.ar\/index.php\/2024\/06\/11\/un-exfuncionario-kirchnerista-de-mendoza-devolvio-casi-90-millones-de-pesos-al-pami\/","title":{"rendered":"Un exfuncionario kirchnerista de Mendoza devolvi\u00f3 casi 90 millones de pesos al PAMI"},"content":{"rendered":"\n<p>El mendocino\u00a0<strong>Luciano Di Cesare<\/strong>, que fue titular del\u00a0<strong>PAMI<\/strong>\u00a0durante las dos presidencias de\u00a0Cristina Fern\u00e1ndez de Kirchner, pag\u00f3 al organismo m\u00e1s de 88 millones de pesos <strong>para evitar ir a juicio oral por una causa en su contra<\/strong>. El dinero fue transferido en marzo, pero la operaci\u00f3n se conoci\u00f3 en las \u00faltimas horas. No obstante, el proceso penal sigue en marcha.<\/p>\n\n\n\n<p>Un d\u00eda antes de la asunci\u00f3n de Mauricio Macri como presidente de la Naci\u00f3n, el 9 de diciembre de 2015,&nbsp;<strong>Di Cesare<\/strong>&nbsp;hab\u00eda pedido cobrar vacaciones que no se hab\u00eda tomado, las cuales correspond\u00edan a 2012, 2013, 2014 y 2015, sus \u00faltimos cuatro a\u00f1os de gesti\u00f3n.&nbsp;<\/p>\n\n\n\n<figure class=\"wp-block-image\"><img decoding=\"async\" src=\"https:\/\/www.mendozapost.com\/files\/image\/576\/576141\/6668640d4d44d_570_322!.jpg?s=518ef8a47e684805199efe6543b8df7a&amp;d=1718117391\" alt=\"\"\/><figcaption class=\"wp-element-caption\">Luciano Di Cesare junto a la entonces presidenta, Cristina Fern\u00e1ndez de Kirchner.<\/figcaption><\/figure>\n\n\n\n<p>Seg\u00fan inform\u00f3 el sitio&nbsp;<em>Infobae<\/em>, la nota presentada por el mendocino se\u00f1alaba que no se pudo tomar vacaciones por el trabajo y que le correspond\u00eda cobrar por \u00abusos y costumbres\u00bb del organismo. El pago fue autorizado por Mar\u00eda Arrouzet, gerente de Recursos Humanos del&nbsp;<strong>PAMI<\/strong>; y remitido por Carlos Galdo, subgerente de Administraci\u00f3n de Recursos Humanos.&nbsp;<\/p>\n\n\n\n<p>El 10 de diciembre de 2015, d\u00eda en que Macri tom\u00f3 el mando de la Presidencia, el mendocino cobr\u00f3 el dinero. En ese momento, percibi\u00f3 1,3 millones de pesos.<\/p>\n\n\n\n<p>Una semana despu\u00e9s, el reemplazante, Carlos Regazzoni, lo denunci\u00f3 penalmente por el delito de administraci\u00f3n fraudulenta en perjuicio de la administraci\u00f3n p\u00fablica. En la presentaci\u00f3n se argument\u00f3 que la ley de contrato de trabajo establece que las vacaciones no gozadas caducan a los seis meses, y que est\u00e1 prohibida la compensaci\u00f3n por plata.<\/p>\n\n\n\n<figure class=\"wp-block-image\"><img decoding=\"async\" src=\"https:\/\/www.mendozapost.com\/files\/image\/564\/564281\/662682556bc52_570_316!.jpg?s=7616f0125f01f2fc5d4745b4d2834780&amp;d=1718117429\" alt=\"\"\/><figcaption class=\"wp-element-caption\">El juez federal Ariel Lijo.<\/figcaption><\/figure>\n\n\n\n<p>El juez federal Ariel Lijo proces\u00f3 a&nbsp;<strong>Di Cesare<\/strong>, a Arrouzet y a Galdo, tras lo que la fiscal federal Paloma Ochoa pidi\u00f3 que fueran a juicio oral. Finalmente, la primera audiencia fue programada para febrero de este a\u00f1o.&nbsp;<\/p>\n\n\n\n<p>Sin embargo, el&nbsp;<strong>PAMI<\/strong>&nbsp;y los acusados acordaron la devoluci\u00f3n de la plata, con el monto ajustado por inflaci\u00f3n, lo que redund\u00f3 en un pago de $88.131.531,86. El dinero fue depositado en marzo, lo que preve\u00eda el cierre de la causa penal.<\/p>\n\n\n\n<p>M\u00e1s all\u00e1 de que la conciliaci\u00f3n fue aprobada, la fiscal Le\u00f3n apel\u00f3 la decisi\u00f3n y pidi\u00f3 que intervenga la C\u00e1mara Federal de Casaci\u00f3n. El tribunal debe definir. Y a esto se suma que a fines de mayo, la defensa de Arrouzet pidi\u00f3 la prescripci\u00f3n de la causa porque el tiempo de pena que prev\u00e9 el delito (seis a\u00f1os) ya pas\u00f3.&nbsp;<\/p>\n","protected":false},"excerpt":{"rendered":"<p>El mendocino\u00a0Luciano Di Cesare, que fue titular del\u00a0PAMI\u00a0durante las dos presidencias de\u00a0Cristina Fern\u00e1ndez de Kirchner, pag\u00f3 al organismo m\u00e1s de 88 millones de pesos para evitar ir a juicio oral por una causa en su contra. El dinero fue transferido en marzo, pero la operaci\u00f3n se conoci\u00f3 en las \u00faltimas horas. No obstante, el proceso<a class=\"read-more\" href=\"https:\/\/elfederalmendoza.com.ar\/index.php\/2024\/06\/11\/un-exfuncionario-kirchnerista-de-mendoza-devolvio-casi-90-millones-de-pesos-al-pami\/\"> [&hellip;]<\/a><\/p>\n","protected":false},"author":2,"featured_media":33128,"comment_status":"open","ping_status":"open","sticky":false,"template":"","format":"standard","meta":{"footnotes":""},"categories":[1],"tags":[],"class_list":["post-33126","post","type-post","status-publish","format-standard","has-post-thumbnail","hentry","category-mza"],"rttpg_featured_image_url":{"full":["https:\/\/elfederalmendoza.com.ar\/wp-content\/uploads\/2024\/06\/DECESARI.jpg",1426,802,false],"landscape":["https:\/\/elfederalmendoza.com.ar\/wp-content\/uploads\/2024\/06\/DECESARI.jpg",1426,802,false],"portraits":["https:\/\/elfederalmendoza.com.ar\/wp-content\/uploads\/2024\/06\/DECESARI.jpg",1426,802,false],"thumbnail":["https:\/\/elfederalmendoza.com.ar\/wp-content\/uploads\/2024\/06\/DECESARI-150x150.jpg",150,150,true],"medium":["https:\/\/elfederalmendoza.com.ar\/wp-content\/uploads\/2024\/06\/DECESARI-300x169.jpg",300,169,true],"large":["https:\/\/elfederalmendoza.com.ar\/wp-content\/uploads\/2024\/06\/DECESARI-1024x576.jpg",640,360,true],"1536x1536":["https:\/\/elfederalmendoza.com.ar\/wp-content\/uploads\/2024\/06\/DECESARI.jpg",1426,802,false],"2048x2048":["https:\/\/elfederalmendoza.com.ar\/wp-content\/uploads\/2024\/06\/DECESARI.jpg",1426,802,false],"ultp_layout_landscape_large":["https:\/\/elfederalmendoza.com.ar\/wp-content\/uploads\/2024\/06\/DECESARI-1200x800.jpg",1200,800,true],"ultp_layout_landscape":["https:\/\/elfederalmendoza.com.ar\/wp-content\/uploads\/2024\/06\/DECESARI-870x570.jpg",870,570,true],"ultp_layout_portrait":["https:\/\/elfederalmendoza.com.ar\/wp-content\/uploads\/2024\/06\/DECESARI-600x802.jpg",600,802,true],"ultp_layout_square":["https:\/\/elfederalmendoza.com.ar\/wp-content\/uploads\/2024\/06\/DECESARI-600x600.jpg",600,600,true],"rpwe-thumbnail":["https:\/\/elfederalmendoza.com.ar\/wp-content\/uploads\/2024\/06\/DECESARI-45x45.jpg",45,45,true],"advps-thumb-one":["https:\/\/elfederalmendoza.com.ar\/wp-content\/uploads\/2024\/06\/DECESARI-1200x420.jpg",1200,420,true]},"rttpg_author":{"display_name":"Redacci\u00f3n El Federal","author_link":"https:\/\/elfederalmendoza.com.ar\/index.php\/author\/angelflores\/"},"rttpg_comment":0,"rttpg_category":"<a href=\"https:\/\/elfederalmendoza.com.ar\/index.php\/category\/mza\/\" rel=\"category tag\">Mendoza<\/a>","rttpg_excerpt":"El mendocino\u00a0Luciano Di Cesare, que fue titular del\u00a0PAMI\u00a0durante las dos presidencias de\u00a0Cristina Fern\u00e1ndez de Kirchner, pag\u00f3 al organismo m\u00e1s de 88 millones de pesos para evitar ir a juicio oral por una causa en su contra. El dinero fue transferido en marzo, pero la operaci\u00f3n se conoci\u00f3 en las \u00faltimas horas. No obstante, el proceso&hellip;","_links":{"self":[{"href":"https:\/\/elfederalmendoza.com.ar\/index.php\/wp-json\/wp\/v2\/posts\/33126","targetHints":{"allow":["GET"]}}],"collection":[{"href":"https:\/\/elfederalmendoza.com.ar\/index.php\/wp-json\/wp\/v2\/posts"}],"about":[{"href":"https:\/\/elfederalmendoza.com.ar\/index.php\/wp-json\/wp\/v2\/types\/post"}],"author":[{"embeddable":true,"href":"https:\/\/elfederalmendoza.com.ar\/index.php\/wp-json\/wp\/v2\/users\/2"}],"replies":[{"embeddable":true,"href":"https:\/\/elfederalmendoza.com.ar\/index.php\/wp-json\/wp\/v2\/comments?post=33126"}],"version-history":[{"count":1,"href":"https:\/\/elfederalmendoza.com.ar\/index.php\/wp-json\/wp\/v2\/posts\/33126\/revisions"}],"predecessor-version":[{"id":33129,"href":"https:\/\/elfederalmendoza.com.ar\/index.php\/wp-json\/wp\/v2\/posts\/33126\/revisions\/33129"}],"wp:featuredmedia":[{"embeddable":true,"href":"https:\/\/elfederalmendoza.com.ar\/index.php\/wp-json\/wp\/v2\/media\/33128"}],"wp:attachment":[{"href":"https:\/\/elfederalmendoza.com.ar\/index.php\/wp-json\/wp\/v2\/media?parent=33126"}],"wp:term":[{"taxonomy":"category","embeddable":true,"href":"https:\/\/elfederalmendoza.com.ar\/index.php\/wp-json\/wp\/v2\/categories?post=33126"},{"taxonomy":"post_tag","embeddable":true,"href":"https:\/\/elfederalmendoza.com.ar\/index.php\/wp-json\/wp\/v2\/tags?post=33126"}],"curies":[{"name":"wp","href":"https:\/\/api.w.org\/{rel}","templated":true}]}}