{"id":33131,"date":"2024-06-12T08:45:00","date_gmt":"2024-06-12T11:45:00","guid":{"rendered":"https:\/\/elfederalmendoza.com\/?p=33131"},"modified":"2024-06-12T08:45:01","modified_gmt":"2024-06-12T11:45:01","slug":"el-kirchnerismo-una-parte-de-la-cgt-la-izquierda-y-organizaciones-sociales-se-movilizan-contra-la-ley-bases","status":"publish","type":"post","link":"https:\/\/elfederalmendoza.com.ar\/index.php\/2024\/06\/12\/el-kirchnerismo-una-parte-de-la-cgt-la-izquierda-y-organizaciones-sociales-se-movilizan-contra-la-ley-bases\/","title":{"rendered":"El kirchnerismo, una parte de la CGT, la izquierda y organizaciones sociales se movilizan contra la Ley Bases"},"content":{"rendered":"\n<p>El punto de encuentro es la Plaza de los dos Congresos. Llevan a las calles el rechazo a las iniciativas oficialistas, en un intento por presionar el voto en contra de los senadores. De m\u00ednima, apuestan por cambios en temas clave.<\/p>\n\n\n\n<p>El\u00a0<strong>ala dura k<\/strong>, la\u00a0<strong>pata combativa de la Confederaci\u00f3n General del Trabajo (CGT),\u00a0<\/strong>las\u00a0<strong>dos CTA<\/strong>, columnas de\u00a0<strong>izquierda\u00a0<\/strong>y\u00a0<strong>organizaciones sociales<\/strong>,\u00a0<strong>marchar\u00e1n\u00a0<\/strong>este mi\u00e9rcoles a la Plaza de los Dos\u00a0<strong>Congresos<\/strong>, en rechazo de la\u00a0<strong>Ley Bases y el paquete fiscal<\/strong>\u00a0que comenzar\u00e1n a debatirse en el recinto del Senado.<\/p>\n\n\n\n<p>El ministro de Infraestructura bonaerense,&nbsp;<strong>Gabriel Katopodis, encabeza durante la noche una vigilia en la plaza,&nbsp;<\/strong>con radio abierta y espect\u00e1culos musicales, en busca de presionar a los senadores aliados al Gobierno para que voten en contra de los proyectos de ley que impulsa el Poder Ejecutivo.<\/p>\n\n\n\n<p>\u201cComenzamos la Vigilia en la Plaza de los Dos Congresos. Ac\u00e1 tendr\u00eda que haber una Radio Abierta del Gobierno Nacional explicando esta ley, pero no pueden porque es oscura y est\u00e1 llena de negocios. Pretenden sacarla cambiando votos por embajadas, y eso est\u00e1 muy mal.&nbsp;<strong>Si sale, la Argentina va a estar peor<\/strong>\u201d, dijo Katopodis al iniciar la protesta.<\/p>\n\n\n\n<p>El oficialismo llegar\u00e1 al recinto con la&nbsp;<strong>certeza de que la Ley Bases avanzar\u00e1 en general,<\/strong>&nbsp;por eso, parte de la estrategia del peronismo es apuntalar la opci\u00f3n de m\u00ednima, que es incorporar cambios en temas clave, en los que habr\u00eda acuerdo con parte del radicalismo y de otras fuerzas. Las&nbsp;<strong>negociaciones&nbsp;<\/strong>no cesaron en toda la noche.<\/p>\n\n\n\n<h2 class=\"wp-block-heading\">La CGT, dividida, ir\u00e1 al Congreso<\/h2>\n\n\n\n<p>Si bien la&nbsp;<strong>CGT&nbsp;<\/strong>convoc\u00f3 a dos paros generales contra el plan de ajuste del presidente Javier Milei y rechaza la Ley Bases y el DNU,&nbsp;<strong>la convocatoria a la movilizaci\u00f3n de este mi\u00e9rcoles no se realiz\u00f3 en forma org\u00e1nica<\/strong>, sino que fue traccionada desde el sector combativo, que encabeza el l\u00edder de Camioneros,&nbsp;<strong>Pablo Moyano<\/strong>.<\/p>\n\n\n\n<p>Cuando la mayor\u00eda de la c\u00fapula de la central obrera estaba en Ginebra, denunciando el plan de Milei ante la Organizaci\u00f3n Internacional del Trabajo (OIT),&nbsp;<strong>Moyano&nbsp;<\/strong>reuni\u00f3 a un plenario de&nbsp;<strong>regionales&nbsp;<\/strong>para definir la convocatoria a la movilizaci\u00f3n al Congreso.<\/p>\n\n\n\n<figure class=\"wp-block-image\"><img decoding=\"async\" src=\"https:\/\/tn.com.ar\/resizer\/dNwvR2Lj0hh6M9bq5-RvPpqptKM=\/767x0\/smart\/filters:format(webp)\/cloudfront-us-east-1.images.arcpublishing.com\/artear\/GEA4K43XBNBXXP7VYMQKUJ2KCY.jpg\" alt=\"El ala dura k encabez\u00f3 una vigilia contra la Ley Bases (Foto: captura de X\/@larroqueandres).\"\/><figcaption class=\"wp-element-caption\">El ala dura k encabez\u00f3 una vigilia contra la Ley Bases (Foto: captura de X\/@larroqueandres).<\/figcaption><\/figure>\n\n\n\n<p>Seg\u00fan pudo saber&nbsp;<strong>TN<\/strong>, la decisi\u00f3n&nbsp;<strong>no cont\u00f3 con el aval del ala dialoguista de la CGT,&nbsp;<\/strong>aunque todos rechazan los dos proyectos oficiales.<\/p>\n\n\n\n<p>\u201cSe movilizar\u00e1n todos los sectores de la sociedad el mi\u00e9rcoles 12 de junio a las 10 a Plaza Congreso en rechazo a la Ley Bases y el DNU que<strong>&nbsp;atenta contra el pueblo y los derechos laborales y sociales<\/strong>\u201d, dijo Moyano en la conferencia de prensa donde confirm\u00f3 la marcha.<\/p>\n\n\n\n<p>En la plaza se encontrar\u00e1n con&nbsp;<strong>las dos CTA y los gremios estatales,<\/strong>&nbsp;adem\u00e1s de todo el gabinete del gobernador bonaerense,&nbsp;<strong>Axel Kicillof; La C\u00e1mpora&nbsp;<\/strong>y agrupaciones de&nbsp;<strong>izquierda<\/strong>.<\/p>\n\n\n\n<p>\u201cSi somos cientos de miles de argentinos y argentinas con banderas celestes y blancas,&nbsp;<strong>esta es la plaza que puede frenar a Milei<\/strong>\u201d, concluy\u00f3 Katopodis.<\/p>\n","protected":false},"excerpt":{"rendered":"<p>El punto de encuentro es la Plaza de los dos Congresos. Llevan a las calles el rechazo a las iniciativas oficialistas, en un intento por presionar el voto en contra de los senadores. De m\u00ednima, apuestan por cambios en temas clave. El\u00a0ala dura k, la\u00a0pata combativa de la Confederaci\u00f3n General del Trabajo (CGT),\u00a0las\u00a0dos CTA, columnas<a class=\"read-more\" href=\"https:\/\/elfederalmendoza.com.ar\/index.php\/2024\/06\/12\/el-kirchnerismo-una-parte-de-la-cgt-la-izquierda-y-organizaciones-sociales-se-movilizan-contra-la-ley-bases\/\"> [&hellip;]<\/a><\/p>\n","protected":false},"author":2,"featured_media":33133,"comment_status":"open","ping_status":"open","sticky":false,"template":"","format":"standard","meta":{"footnotes":""},"categories":[5618],"tags":[],"class_list":["post-33131","post","type-post","status-publish","format-standard","has-post-thumbnail","hentry","category-arg"],"rttpg_featured_image_url":{"full":["https:\/\/elfederalmendoza.com.ar\/wp-content\/uploads\/2024\/06\/CGT-MOVI.jpg",1425,799,false],"landscape":["https:\/\/elfederalmendoza.com.ar\/wp-content\/uploads\/2024\/06\/CGT-MOVI.jpg",1425,799,false],"portraits":["https:\/\/elfederalmendoza.com.ar\/wp-content\/uploads\/2024\/06\/CGT-MOVI.jpg",1425,799,false],"thumbnail":["https:\/\/elfederalmendoza.com.ar\/wp-content\/uploads\/2024\/06\/CGT-MOVI-150x150.jpg",150,150,true],"medium":["https:\/\/elfederalmendoza.com.ar\/wp-content\/uploads\/2024\/06\/CGT-MOVI-300x168.jpg",300,168,true],"large":["https:\/\/elfederalmendoza.com.ar\/wp-content\/uploads\/2024\/06\/CGT-MOVI-1024x574.jpg",640,359,true],"1536x1536":["https:\/\/elfederalmendoza.com.ar\/wp-content\/uploads\/2024\/06\/CGT-MOVI.jpg",1425,799,false],"2048x2048":["https:\/\/elfederalmendoza.com.ar\/wp-content\/uploads\/2024\/06\/CGT-MOVI.jpg",1425,799,false],"ultp_layout_landscape_large":["https:\/\/elfederalmendoza.com.ar\/wp-content\/uploads\/2024\/06\/CGT-MOVI-1200x799.jpg",1200,799,true],"ultp_layout_landscape":["https:\/\/elfederalmendoza.com.ar\/wp-content\/uploads\/2024\/06\/CGT-MOVI-870x570.jpg",870,570,true],"ultp_layout_portrait":["https:\/\/elfederalmendoza.com.ar\/wp-content\/uploads\/2024\/06\/CGT-MOVI-600x799.jpg",600,799,true],"ultp_layout_square":["https:\/\/elfederalmendoza.com.ar\/wp-content\/uploads\/2024\/06\/CGT-MOVI-600x600.jpg",600,600,true],"rpwe-thumbnail":["https:\/\/elfederalmendoza.com.ar\/wp-content\/uploads\/2024\/06\/CGT-MOVI-45x45.jpg",45,45,true],"advps-thumb-one":["https:\/\/elfederalmendoza.com.ar\/wp-content\/uploads\/2024\/06\/CGT-MOVI-1200x420.jpg",1200,420,true]},"rttpg_author":{"display_name":"Redacci\u00f3n El Federal","author_link":"https:\/\/elfederalmendoza.com.ar\/index.php\/author\/angelflores\/"},"rttpg_comment":0,"rttpg_category":"<a href=\"https:\/\/elfederalmendoza.com.ar\/index.php\/category\/arg\/\" rel=\"category tag\">Argentina<\/a>","rttpg_excerpt":"El punto de encuentro es la Plaza de los dos Congresos. Llevan a las calles el rechazo a las iniciativas oficialistas, en un intento por presionar el voto en contra de los senadores. De m\u00ednima, apuestan por cambios en temas clave. El\u00a0ala dura k, la\u00a0pata combativa de la Confederaci\u00f3n General del Trabajo (CGT),\u00a0las\u00a0dos CTA, columnas&hellip;","_links":{"self":[{"href":"https:\/\/elfederalmendoza.com.ar\/index.php\/wp-json\/wp\/v2\/posts\/33131","targetHints":{"allow":["GET"]}}],"collection":[{"href":"https:\/\/elfederalmendoza.com.ar\/index.php\/wp-json\/wp\/v2\/posts"}],"about":[{"href":"https:\/\/elfederalmendoza.com.ar\/index.php\/wp-json\/wp\/v2\/types\/post"}],"author":[{"embeddable":true,"href":"https:\/\/elfederalmendoza.com.ar\/index.php\/wp-json\/wp\/v2\/users\/2"}],"replies":[{"embeddable":true,"href":"https:\/\/elfederalmendoza.com.ar\/index.php\/wp-json\/wp\/v2\/comments?post=33131"}],"version-history":[{"count":1,"href":"https:\/\/elfederalmendoza.com.ar\/index.php\/wp-json\/wp\/v2\/posts\/33131\/revisions"}],"predecessor-version":[{"id":33134,"href":"https:\/\/elfederalmendoza.com.ar\/index.php\/wp-json\/wp\/v2\/posts\/33131\/revisions\/33134"}],"wp:featuredmedia":[{"embeddable":true,"href":"https:\/\/elfederalmendoza.com.ar\/index.php\/wp-json\/wp\/v2\/media\/33133"}],"wp:attachment":[{"href":"https:\/\/elfederalmendoza.com.ar\/index.php\/wp-json\/wp\/v2\/media?parent=33131"}],"wp:term":[{"taxonomy":"category","embeddable":true,"href":"https:\/\/elfederalmendoza.com.ar\/index.php\/wp-json\/wp\/v2\/categories?post=33131"},{"taxonomy":"post_tag","embeddable":true,"href":"https:\/\/elfederalmendoza.com.ar\/index.php\/wp-json\/wp\/v2\/tags?post=33131"}],"curies":[{"name":"wp","href":"https:\/\/api.w.org\/{rel}","templated":true}]}}