{"id":33135,"date":"2024-06-12T10:44:58","date_gmt":"2024-06-12T13:44:58","guid":{"rendered":"https:\/\/elfederalmendoza.com\/?p=33135"},"modified":"2024-06-12T10:44:59","modified_gmt":"2024-06-12T13:44:59","slug":"fuegos-artificiales-en-el-gran-mendoza-a-las-000-senal-que-llegaron-las-drogas-al-barrio-o-festejos-de-cumpleanos","status":"publish","type":"post","link":"https:\/\/elfederalmendoza.com.ar\/index.php\/2024\/06\/12\/fuegos-artificiales-en-el-gran-mendoza-a-las-000-senal-que-llegaron-las-drogas-al-barrio-o-festejos-de-cumpleanos\/","title":{"rendered":"Fuegos artificiales en el gran Mendoza a las 0:00: \u00bfSe\u00f1al que llegaron las drogas al barrio o festejos de cumplea\u00f1os?"},"content":{"rendered":"\n<p>Los vecinos de algunos departamentos de\u00a0<strong>Gran Mendoza<\/strong>\u00a0se han visto desconcertados\u00a0 por una situaci\u00f3n inusual que ocurre puntualmente a la medianoche. D\u00eda a d\u00eda, cuando el reloj marca las 00:00 y con puntualidad, se escucha una serie de detonaciones que parecen provenir de fuegos artificiales.<\/p>\n\n\n\n<p>Seg\u00fan reportes de vecinos en redes sociales, estos estruendos se pueden escuchar en diferentes departamentos del \u00e1rea metropolitana:\u00a0<strong>Las Heras,\u00a0Ciudad,\u00a0Guaymall\u00e9n\u00a0y\u00a0Maip\u00fa<\/strong>. Lo llamativo es que <strong>este fen\u00f3meno ocurre diariamente, durante aproximadamente 3 minutos.<\/strong><\/p>\n\n\n\n<figure class=\"wp-block-image\"><img decoding=\"async\" src=\"https:\/\/www.mendozapost.com\/files\/image\/576\/576223\/6668a550e37cc.jpg\" alt=\"\"\/><\/figure>\n\n\n\n<p>Hay una&nbsp;<strong>versi\u00f3n<\/strong>&nbsp;que se retroalimenta en las redes, pero que avalan en off algunos dirigentes pol\u00edticos de la Legislatura:&nbsp;<strong>los fuegos artificiales indicar\u00edan la llegada de estupefacientes al barrio o la zona<\/strong>, anunci\u00e1ndoles a los potenciales compradores que habr\u00eda droga disponible.<\/p>\n\n\n\n<p>Al ser consultadas,&nbsp;<strong>las autoridades de Seguridad de Mendoza afirman no tener conocimiento, ni haber recibido denuncias al respecto<\/strong>. En tanto, los&nbsp;<strong>municipios<\/strong>&nbsp;donde se registran los sonidos&nbsp;<strong>tampoco han podido identificar el origen de los mismos.<\/strong><\/p>\n\n\n\n<p>Otros aseguran que se trata de<strong> festejos de cumplea\u00f1os que se contratan<\/strong>, pero lo llamativo es que a diario se escuchan estos sonidos. Incluso hay publicaciones de vecinos en el a\u00f1o 2020.<\/p>\n\n\n\n<figure class=\"wp-block-image\"><img decoding=\"async\" src=\"https:\/\/www.mendozapost.com\/files\/image\/33\/33528\/559da9d2e7113_570_321!.jpg?s=9fb64b0c26b103c19a1f57c7517c54b3&amp;d=1718134774\" alt=\"\"\/><\/figure>\n\n\n\n<p>\u00abBuen d\u00eda, alguien sabe en la zona porque casi todos los d\u00edas a las 00 hs se escuchan tiros o fuegos artificiales. Gracias\u00bb, preguntan en las redes.<\/p>\n\n\n\n<p>\u00ab\u00bfAlguno tiene idea por qu\u00e9 todos los d\u00edas a las 00hs se escuchan fuegos artificiales y de d\u00f3nde provienen ?\u00bb, otro comentario en los grupos del departamento de Las Heras.<\/p>\n\n\n\n<figure class=\"wp-block-image\"><img decoding=\"async\" src=\"https:\/\/www.mendozapost.com\/files\/image\/576\/576227\/6668a7b442795_570_435!.jpg?s=0ea18b728904ff5aedcbff1503739b3b&amp;d=1718134711\" alt=\"\"\/><\/figure>\n\n\n\n<p>Algunos comentarios aseguran que se trata de narcotraficantes: \u00abEn el santa se festeja que a llegado la droga y que esta disponible en los quioscos\u00bb.<\/p>\n\n\n\n<figure class=\"wp-block-image\"><img decoding=\"async\" src=\"https:\/\/www.mendozapost.com\/files\/image\/576\/576225\/6668a7421cd89_570_461!.jpg?s=7f73cbe62eff9dd9d3ee78b6d3b51dac&amp;d=1718134597\" alt=\"\"\/><\/figure>\n\n\n\n<p><\/p>\n","protected":false},"excerpt":{"rendered":"<p>Los vecinos de algunos departamentos de\u00a0Gran Mendoza\u00a0se han visto desconcertados\u00a0 por una situaci\u00f3n inusual que ocurre puntualmente a la medianoche. D\u00eda a d\u00eda, cuando el reloj marca las 00:00 y con puntualidad, se escucha una serie de detonaciones que parecen provenir de fuegos artificiales. Seg\u00fan reportes de vecinos en redes sociales, estos estruendos se pueden<a class=\"read-more\" href=\"https:\/\/elfederalmendoza.com.ar\/index.php\/2024\/06\/12\/fuegos-artificiales-en-el-gran-mendoza-a-las-000-senal-que-llegaron-las-drogas-al-barrio-o-festejos-de-cumpleanos\/\"> [&hellip;]<\/a><\/p>\n","protected":false},"author":2,"featured_media":33137,"comment_status":"open","ping_status":"open","sticky":false,"template":"","format":"standard","meta":{"footnotes":""},"categories":[1],"tags":[],"class_list":["post-33135","post","type-post","status-publish","format-standard","has-post-thumbnail","hentry","category-mza"],"rttpg_featured_image_url":{"full":["https:\/\/elfederalmendoza.com.ar\/wp-content\/uploads\/2024\/06\/fuegos.jpg",1920,1080,false],"landscape":["https:\/\/elfederalmendoza.com.ar\/wp-content\/uploads\/2024\/06\/fuegos.jpg",1920,1080,false],"portraits":["https:\/\/elfederalmendoza.com.ar\/wp-content\/uploads\/2024\/06\/fuegos.jpg",1920,1080,false],"thumbnail":["https:\/\/elfederalmendoza.com.ar\/wp-content\/uploads\/2024\/06\/fuegos-150x150.jpg",150,150,true],"medium":["https:\/\/elfederalmendoza.com.ar\/wp-content\/uploads\/2024\/06\/fuegos-300x169.jpg",300,169,true],"large":["https:\/\/elfederalmendoza.com.ar\/wp-content\/uploads\/2024\/06\/fuegos-1024x576.jpg",640,360,true],"1536x1536":["https:\/\/elfederalmendoza.com.ar\/wp-content\/uploads\/2024\/06\/fuegos-1536x864.jpg",1536,864,true],"2048x2048":["https:\/\/elfederalmendoza.com.ar\/wp-content\/uploads\/2024\/06\/fuegos.jpg",1920,1080,false],"ultp_layout_landscape_large":["https:\/\/elfederalmendoza.com.ar\/wp-content\/uploads\/2024\/06\/fuegos-1200x800.jpg",1200,800,true],"ultp_layout_landscape":["https:\/\/elfederalmendoza.com.ar\/wp-content\/uploads\/2024\/06\/fuegos-870x570.jpg",870,570,true],"ultp_layout_portrait":["https:\/\/elfederalmendoza.com.ar\/wp-content\/uploads\/2024\/06\/fuegos-600x900.jpg",600,900,true],"ultp_layout_square":["https:\/\/elfederalmendoza.com.ar\/wp-content\/uploads\/2024\/06\/fuegos-600x600.jpg",600,600,true],"rpwe-thumbnail":["https:\/\/elfederalmendoza.com.ar\/wp-content\/uploads\/2024\/06\/fuegos-45x45.jpg",45,45,true],"advps-thumb-one":["https:\/\/elfederalmendoza.com.ar\/wp-content\/uploads\/2024\/06\/fuegos-1200x420.jpg",1200,420,true]},"rttpg_author":{"display_name":"Redacci\u00f3n El Federal","author_link":"https:\/\/elfederalmendoza.com.ar\/index.php\/author\/angelflores\/"},"rttpg_comment":0,"rttpg_category":"<a href=\"https:\/\/elfederalmendoza.com.ar\/index.php\/category\/mza\/\" rel=\"category tag\">Mendoza<\/a>","rttpg_excerpt":"Los vecinos de algunos departamentos de\u00a0Gran Mendoza\u00a0se han visto desconcertados\u00a0 por una situaci\u00f3n inusual que ocurre puntualmente a la medianoche. D\u00eda a d\u00eda, cuando el reloj marca las 00:00 y con puntualidad, se escucha una serie de detonaciones que parecen provenir de fuegos artificiales. Seg\u00fan reportes de vecinos en redes sociales, estos estruendos se pueden&hellip;","_links":{"self":[{"href":"https:\/\/elfederalmendoza.com.ar\/index.php\/wp-json\/wp\/v2\/posts\/33135","targetHints":{"allow":["GET"]}}],"collection":[{"href":"https:\/\/elfederalmendoza.com.ar\/index.php\/wp-json\/wp\/v2\/posts"}],"about":[{"href":"https:\/\/elfederalmendoza.com.ar\/index.php\/wp-json\/wp\/v2\/types\/post"}],"author":[{"embeddable":true,"href":"https:\/\/elfederalmendoza.com.ar\/index.php\/wp-json\/wp\/v2\/users\/2"}],"replies":[{"embeddable":true,"href":"https:\/\/elfederalmendoza.com.ar\/index.php\/wp-json\/wp\/v2\/comments?post=33135"}],"version-history":[{"count":1,"href":"https:\/\/elfederalmendoza.com.ar\/index.php\/wp-json\/wp\/v2\/posts\/33135\/revisions"}],"predecessor-version":[{"id":33138,"href":"https:\/\/elfederalmendoza.com.ar\/index.php\/wp-json\/wp\/v2\/posts\/33135\/revisions\/33138"}],"wp:featuredmedia":[{"embeddable":true,"href":"https:\/\/elfederalmendoza.com.ar\/index.php\/wp-json\/wp\/v2\/media\/33137"}],"wp:attachment":[{"href":"https:\/\/elfederalmendoza.com.ar\/index.php\/wp-json\/wp\/v2\/media?parent=33135"}],"wp:term":[{"taxonomy":"category","embeddable":true,"href":"https:\/\/elfederalmendoza.com.ar\/index.php\/wp-json\/wp\/v2\/categories?post=33135"},{"taxonomy":"post_tag","embeddable":true,"href":"https:\/\/elfederalmendoza.com.ar\/index.php\/wp-json\/wp\/v2\/tags?post=33135"}],"curies":[{"name":"wp","href":"https:\/\/api.w.org\/{rel}","templated":true}]}}