{"id":33145,"date":"2024-06-15T11:34:02","date_gmt":"2024-06-15T14:34:02","guid":{"rendered":"https:\/\/elfederalmendoza.com\/?p=33145"},"modified":"2024-06-15T11:34:03","modified_gmt":"2024-06-15T14:34:03","slug":"videos-y-escandalo-picante-fiesta-de-la-iv-brigada-aerea-en-mendoza","status":"publish","type":"post","link":"https:\/\/elfederalmendoza.com.ar\/index.php\/2024\/06\/15\/videos-y-escandalo-picante-fiesta-de-la-iv-brigada-aerea-en-mendoza\/","title":{"rendered":"Videos y esc\u00e1ndalo: picante fiesta de la IV Brigada A\u00e9rea en Mendoza"},"content":{"rendered":"\n<p>Un esc\u00e1ndalo se desat\u00f3 entre los integrantes de la\u00a0<strong>IV Brigada A\u00e9rea<\/strong>, en Mendoza, por la viralizaci\u00f3n de un\u00a0<strong>video<\/strong>\u00a0en el que se ve a varios integrantes bailando de forma provocativa con una mujer con muy poca ropa, en el marco de un festejo.<\/p>\n\n\n\n<p>Seg\u00fan inform\u00f3 el canal\u00a0<em>LN+<\/em>, el hecho ocurri\u00f3 en los \u00faltimos d\u00edas y corresponde a un festejo por el D\u00eda del Padre. La difusi\u00f3n del\u00a0<strong>video<\/strong>\u00a0motiv\u00f3 sanciones a varios suboficiales de peso.<\/p>\n\n\n\n<blockquote class=\"twitter-tweet\"><p lang=\"es\" dir=\"ltr\">Esc\u00e1ndalo en la <a href=\"https:\/\/twitter.com\/hashtag\/FuerzaA%C3%A9rea?src=hash&amp;ref_src=twsrc%5Etfw\">#FuerzaA\u00e9rea<\/a> por un pol\u00e9mico festejo en el casino militar con mujeres de la IV Brigada en <a href=\"https:\/\/twitter.com\/hashtag\/Mendoza?src=hash&amp;ref_src=twsrc%5Etfw\">#Mendoza<\/a><br><br>El hecho ocurri\u00f3 en el marco de celebraciones por el <a href=\"https:\/\/twitter.com\/hashtag\/D%C3%ADaDelPadre?src=hash&amp;ref_src=twsrc%5Etfw\">#D\u00edaDelPadre<\/a>. <a href=\"https:\/\/t.co\/UXIZbnimRM\">pic.twitter.com\/UXIZbnimRM<\/a><\/p>&mdash; \ud835\ude48\ud835\ude56\ud835\ude67\ud835\ude5e\ud835\ude64 \ud835\ude48\ud835\ude64\ud835\ude67\ud835\ude56\ud835\ude6e (@Mario_Moray) <a href=\"https:\/\/twitter.com\/Mario_Moray\/status\/1801794753047990728?ref_src=twsrc%5Etfw\">June 15, 2024<\/a><\/blockquote> <script async src=\"https:\/\/platform.twitter.com\/widgets.js\" charset=\"utf-8\"><\/script>\n\n\n\n<p>Las im\u00e1genes dejan ver a una mujer vestida de comparsa danzando de forma sugerente con los soldados, mientras los dem\u00e1s integrantes de la fuerza, sentados, r\u00eden y aplauden.<\/p>\n\n\n\n<p>El periodista Eduardo Feinmann sostuvo que la mujer que sale bailando<strong> ser\u00eda una sargento de la\u00a0Fuerza A\u00e9rea<\/strong>.\u00a0<\/p>\n\n\n\n<p>Entre risas, su colega, el cordob\u00e9s Pablo Rossi, asegur\u00f3 estar sorprendido de que esto haya ocurrido en Mendoza porque los mendocinos son \u00abtodav\u00eda m\u00e1s conservas\u00bb. A\u00f1adi\u00f3 que \u00abson mucho m\u00e1s respetuosos de lo que es la instituci\u00f3n\u00bb.<\/p>\n\n\n\n<figure class=\"wp-block-embed is-type-video is-provider-vimeo wp-block-embed-vimeo wp-embed-aspect-16-9 wp-has-aspect-ratio\"><div class=\"wp-block-embed__wrapper\">\n<iframe loading=\"lazy\" title=\"Festejo picante del D\u00eda del Padre en la IV Brigada A\u00e9rea (Mendoza)\" src=\"https:\/\/player.vimeo.com\/video\/958718166?dnt=1&amp;app_id=122963\" width=\"640\" height=\"360\" frameborder=\"0\" allow=\"autoplay; fullscreen; picture-in-picture; clipboard-write\"><\/iframe>\n<\/div><\/figure>\n","protected":false},"excerpt":{"rendered":"<p>Un esc\u00e1ndalo se desat\u00f3 entre los integrantes de la\u00a0IV Brigada A\u00e9rea, en Mendoza, por la viralizaci\u00f3n de un\u00a0video\u00a0en el que se ve a varios integrantes bailando de forma provocativa con una mujer con muy poca ropa, en el marco de un festejo. Seg\u00fan inform\u00f3 el canal\u00a0LN+, el hecho ocurri\u00f3 en los \u00faltimos d\u00edas y corresponde<a class=\"read-more\" href=\"https:\/\/elfederalmendoza.com.ar\/index.php\/2024\/06\/15\/videos-y-escandalo-picante-fiesta-de-la-iv-brigada-aerea-en-mendoza\/\"> [&hellip;]<\/a><\/p>\n","protected":false},"author":2,"featured_media":33147,"comment_status":"open","ping_status":"open","sticky":false,"template":"","format":"standard","meta":{"footnotes":""},"categories":[1],"tags":[],"class_list":["post-33145","post","type-post","status-publish","format-standard","has-post-thumbnail","hentry","category-mza"],"rttpg_featured_image_url":{"full":["https:\/\/elfederalmendoza.com.ar\/wp-content\/uploads\/2024\/06\/fuerza-aerea.jpg",1331,700,false],"landscape":["https:\/\/elfederalmendoza.com.ar\/wp-content\/uploads\/2024\/06\/fuerza-aerea.jpg",1331,700,false],"portraits":["https:\/\/elfederalmendoza.com.ar\/wp-content\/uploads\/2024\/06\/fuerza-aerea.jpg",1331,700,false],"thumbnail":["https:\/\/elfederalmendoza.com.ar\/wp-content\/uploads\/2024\/06\/fuerza-aerea-150x150.jpg",150,150,true],"medium":["https:\/\/elfederalmendoza.com.ar\/wp-content\/uploads\/2024\/06\/fuerza-aerea-300x158.jpg",300,158,true],"large":["https:\/\/elfederalmendoza.com.ar\/wp-content\/uploads\/2024\/06\/fuerza-aerea-1024x539.jpg",640,337,true],"1536x1536":["https:\/\/elfederalmendoza.com.ar\/wp-content\/uploads\/2024\/06\/fuerza-aerea.jpg",1331,700,false],"2048x2048":["https:\/\/elfederalmendoza.com.ar\/wp-content\/uploads\/2024\/06\/fuerza-aerea.jpg",1331,700,false],"ultp_layout_landscape_large":["https:\/\/elfederalmendoza.com.ar\/wp-content\/uploads\/2024\/06\/fuerza-aerea-1200x700.jpg",1200,700,true],"ultp_layout_landscape":["https:\/\/elfederalmendoza.com.ar\/wp-content\/uploads\/2024\/06\/fuerza-aerea-870x570.jpg",870,570,true],"ultp_layout_portrait":["https:\/\/elfederalmendoza.com.ar\/wp-content\/uploads\/2024\/06\/fuerza-aerea-600x700.jpg",600,700,true],"ultp_layout_square":["https:\/\/elfederalmendoza.com.ar\/wp-content\/uploads\/2024\/06\/fuerza-aerea-600x600.jpg",600,600,true],"rpwe-thumbnail":["https:\/\/elfederalmendoza.com.ar\/wp-content\/uploads\/2024\/06\/fuerza-aerea-45x45.jpg",45,45,true],"advps-thumb-one":["https:\/\/elfederalmendoza.com.ar\/wp-content\/uploads\/2024\/06\/fuerza-aerea-1200x420.jpg",1200,420,true]},"rttpg_author":{"display_name":"Redacci\u00f3n El Federal","author_link":"https:\/\/elfederalmendoza.com.ar\/index.php\/author\/angelflores\/"},"rttpg_comment":0,"rttpg_category":"<a href=\"https:\/\/elfederalmendoza.com.ar\/index.php\/category\/mza\/\" rel=\"category tag\">Mendoza<\/a>","rttpg_excerpt":"Un esc\u00e1ndalo se desat\u00f3 entre los integrantes de la\u00a0IV Brigada A\u00e9rea, en Mendoza, por la viralizaci\u00f3n de un\u00a0video\u00a0en el que se ve a varios integrantes bailando de forma provocativa con una mujer con muy poca ropa, en el marco de un festejo. Seg\u00fan inform\u00f3 el canal\u00a0LN+, el hecho ocurri\u00f3 en los \u00faltimos d\u00edas y corresponde&hellip;","_links":{"self":[{"href":"https:\/\/elfederalmendoza.com.ar\/index.php\/wp-json\/wp\/v2\/posts\/33145","targetHints":{"allow":["GET"]}}],"collection":[{"href":"https:\/\/elfederalmendoza.com.ar\/index.php\/wp-json\/wp\/v2\/posts"}],"about":[{"href":"https:\/\/elfederalmendoza.com.ar\/index.php\/wp-json\/wp\/v2\/types\/post"}],"author":[{"embeddable":true,"href":"https:\/\/elfederalmendoza.com.ar\/index.php\/wp-json\/wp\/v2\/users\/2"}],"replies":[{"embeddable":true,"href":"https:\/\/elfederalmendoza.com.ar\/index.php\/wp-json\/wp\/v2\/comments?post=33145"}],"version-history":[{"count":1,"href":"https:\/\/elfederalmendoza.com.ar\/index.php\/wp-json\/wp\/v2\/posts\/33145\/revisions"}],"predecessor-version":[{"id":33148,"href":"https:\/\/elfederalmendoza.com.ar\/index.php\/wp-json\/wp\/v2\/posts\/33145\/revisions\/33148"}],"wp:featuredmedia":[{"embeddable":true,"href":"https:\/\/elfederalmendoza.com.ar\/index.php\/wp-json\/wp\/v2\/media\/33147"}],"wp:attachment":[{"href":"https:\/\/elfederalmendoza.com.ar\/index.php\/wp-json\/wp\/v2\/media?parent=33145"}],"wp:term":[{"taxonomy":"category","embeddable":true,"href":"https:\/\/elfederalmendoza.com.ar\/index.php\/wp-json\/wp\/v2\/categories?post=33145"},{"taxonomy":"post_tag","embeddable":true,"href":"https:\/\/elfederalmendoza.com.ar\/index.php\/wp-json\/wp\/v2\/tags?post=33145"}],"curies":[{"name":"wp","href":"https:\/\/api.w.org\/{rel}","templated":true}]}}