{"id":33175,"date":"2024-06-19T08:43:30","date_gmt":"2024-06-19T11:43:30","guid":{"rendered":"https:\/\/elfederalmendoza.com\/?p=33175"},"modified":"2024-06-19T08:43:31","modified_gmt":"2024-06-19T11:43:31","slug":"un-joven-de-19-anos-murio-tras-chocar-con-un-arbol-sobre-ruta-50","status":"publish","type":"post","link":"https:\/\/elfederalmendoza.com.ar\/index.php\/2024\/06\/19\/un-joven-de-19-anos-murio-tras-chocar-con-un-arbol-sobre-ruta-50\/","title":{"rendered":"Un joven de 19 a\u00f1os muri\u00f3 tras chocar con un \u00e1rbol sobre ruta 50"},"content":{"rendered":"\n<p>Un siniestro vial ocurrido durante la madrugada de este mi\u00e9rcoles en <strong>Santa Rosa dej\u00f3\u00a0una persona fallecida<\/strong>. Se trata de un joven que conduc\u00eda una motocicleta y que, por razones que se est\u00e1n tratando de establecer, perdi\u00f3 el control del rodado y <strong>choc\u00f3 contra un \u00e1rbol<\/strong>. <strong>El sujeto, de 19 a\u00f1os, iba acompa\u00f1ado de su pareja que sobrevivi\u00f3 al accidente.<\/strong><\/p>\n\n\n\n<p>El episodio ocurri\u00f3 aproximadamente a la<strong>\u00a01.10 de la ma\u00f1ana<\/strong>\u00a0en la\u00a0<strong>Ruta 50,<\/strong>\u00a0cuando <strong>Aaron Ariel Allende <\/strong>manejaba su moto Gilera, de este a oeste. Al llegar a la\u00a0<strong>curva de calle Las Trincheras,\u00a0<\/strong>sigui\u00f3 de largo e impact\u00f3 de lleno contra un \u00e1rbol que est\u00e1 al costado del camino. Se trata de una zona urbana, con el asfalto en buen estado y con mala visibilidad a esa hora.<\/p>\n\n\n\n<p>Allende, quien circulaba con su\u00a0<strong>casco puesto,\u00a0<\/strong>muri\u00f3 pr\u00e1cticamente en el acto. La moto qued\u00f3 tendido en la banquina.<\/p>\n\n\n\n<p>La mujer, identificada como Julieta Lucila Pe\u00f1a, de 20 a\u00f1os y domiciliada en el<strong>&nbsp;distrito de La Costa,<\/strong>&nbsp;fue trasladada al<strong>&nbsp;Hospital Fernando Arenas Raffo,&nbsp;<\/strong>con varios politraumatismos.<\/p>\n\n\n\n<p>En el lugar del hecho trabaj\u00f3 personal de Comisar\u00eda 21\u00b0 de Santa Rosa en conjunto con Polic\u00eda Cient\u00edfica.<\/p>\n","protected":false},"excerpt":{"rendered":"<p>Un siniestro vial ocurrido durante la madrugada de este mi\u00e9rcoles en Santa Rosa dej\u00f3\u00a0una persona fallecida. Se trata de un joven que conduc\u00eda una motocicleta y que, por razones que se est\u00e1n tratando de establecer, perdi\u00f3 el control del rodado y choc\u00f3 contra un \u00e1rbol. El sujeto, de 19 a\u00f1os, iba acompa\u00f1ado de su pareja<a class=\"read-more\" href=\"https:\/\/elfederalmendoza.com.ar\/index.php\/2024\/06\/19\/un-joven-de-19-anos-murio-tras-chocar-con-un-arbol-sobre-ruta-50\/\"> [&hellip;]<\/a><\/p>\n","protected":false},"author":2,"featured_media":33177,"comment_status":"open","ping_status":"open","sticky":false,"template":"","format":"standard","meta":{"footnotes":""},"categories":[1],"tags":[],"class_list":["post-33175","post","type-post","status-publish","format-standard","has-post-thumbnail","hentry","category-mza"],"rttpg_featured_image_url":{"full":["https:\/\/elfederalmendoza.com.ar\/wp-content\/uploads\/2024\/06\/murio.jpg",1351,741,false],"landscape":["https:\/\/elfederalmendoza.com.ar\/wp-content\/uploads\/2024\/06\/murio.jpg",1351,741,false],"portraits":["https:\/\/elfederalmendoza.com.ar\/wp-content\/uploads\/2024\/06\/murio.jpg",1351,741,false],"thumbnail":["https:\/\/elfederalmendoza.com.ar\/wp-content\/uploads\/2024\/06\/murio-150x150.jpg",150,150,true],"medium":["https:\/\/elfederalmendoza.com.ar\/wp-content\/uploads\/2024\/06\/murio-300x165.jpg",300,165,true],"large":["https:\/\/elfederalmendoza.com.ar\/wp-content\/uploads\/2024\/06\/murio-1024x562.jpg",640,351,true],"1536x1536":["https:\/\/elfederalmendoza.com.ar\/wp-content\/uploads\/2024\/06\/murio.jpg",1351,741,false],"2048x2048":["https:\/\/elfederalmendoza.com.ar\/wp-content\/uploads\/2024\/06\/murio.jpg",1351,741,false],"ultp_layout_landscape_large":["https:\/\/elfederalmendoza.com.ar\/wp-content\/uploads\/2024\/06\/murio-1200x741.jpg",1200,741,true],"ultp_layout_landscape":["https:\/\/elfederalmendoza.com.ar\/wp-content\/uploads\/2024\/06\/murio-870x570.jpg",870,570,true],"ultp_layout_portrait":["https:\/\/elfederalmendoza.com.ar\/wp-content\/uploads\/2024\/06\/murio-600x741.jpg",600,741,true],"ultp_layout_square":["https:\/\/elfederalmendoza.com.ar\/wp-content\/uploads\/2024\/06\/murio-600x600.jpg",600,600,true],"rpwe-thumbnail":["https:\/\/elfederalmendoza.com.ar\/wp-content\/uploads\/2024\/06\/murio-45x45.jpg",45,45,true],"advps-thumb-one":["https:\/\/elfederalmendoza.com.ar\/wp-content\/uploads\/2024\/06\/murio-1200x420.jpg",1200,420,true]},"rttpg_author":{"display_name":"Redacci\u00f3n El Federal","author_link":"https:\/\/elfederalmendoza.com.ar\/index.php\/author\/angelflores\/"},"rttpg_comment":0,"rttpg_category":"<a href=\"https:\/\/elfederalmendoza.com.ar\/index.php\/category\/mza\/\" rel=\"category tag\">Mendoza<\/a>","rttpg_excerpt":"Un siniestro vial ocurrido durante la madrugada de este mi\u00e9rcoles en Santa Rosa dej\u00f3\u00a0una persona fallecida. Se trata de un joven que conduc\u00eda una motocicleta y que, por razones que se est\u00e1n tratando de establecer, perdi\u00f3 el control del rodado y choc\u00f3 contra un \u00e1rbol. El sujeto, de 19 a\u00f1os, iba acompa\u00f1ado de su pareja&hellip;","_links":{"self":[{"href":"https:\/\/elfederalmendoza.com.ar\/index.php\/wp-json\/wp\/v2\/posts\/33175","targetHints":{"allow":["GET"]}}],"collection":[{"href":"https:\/\/elfederalmendoza.com.ar\/index.php\/wp-json\/wp\/v2\/posts"}],"about":[{"href":"https:\/\/elfederalmendoza.com.ar\/index.php\/wp-json\/wp\/v2\/types\/post"}],"author":[{"embeddable":true,"href":"https:\/\/elfederalmendoza.com.ar\/index.php\/wp-json\/wp\/v2\/users\/2"}],"replies":[{"embeddable":true,"href":"https:\/\/elfederalmendoza.com.ar\/index.php\/wp-json\/wp\/v2\/comments?post=33175"}],"version-history":[{"count":1,"href":"https:\/\/elfederalmendoza.com.ar\/index.php\/wp-json\/wp\/v2\/posts\/33175\/revisions"}],"predecessor-version":[{"id":33178,"href":"https:\/\/elfederalmendoza.com.ar\/index.php\/wp-json\/wp\/v2\/posts\/33175\/revisions\/33178"}],"wp:featuredmedia":[{"embeddable":true,"href":"https:\/\/elfederalmendoza.com.ar\/index.php\/wp-json\/wp\/v2\/media\/33177"}],"wp:attachment":[{"href":"https:\/\/elfederalmendoza.com.ar\/index.php\/wp-json\/wp\/v2\/media?parent=33175"}],"wp:term":[{"taxonomy":"category","embeddable":true,"href":"https:\/\/elfederalmendoza.com.ar\/index.php\/wp-json\/wp\/v2\/categories?post=33175"},{"taxonomy":"post_tag","embeddable":true,"href":"https:\/\/elfederalmendoza.com.ar\/index.php\/wp-json\/wp\/v2\/tags?post=33175"}],"curies":[{"name":"wp","href":"https:\/\/api.w.org\/{rel}","templated":true}]}}