{"id":33180,"date":"2024-06-19T09:29:46","date_gmt":"2024-06-19T12:29:46","guid":{"rendered":"https:\/\/elfederalmendoza.com\/?p=33180"},"modified":"2024-06-19T09:29:46","modified_gmt":"2024-06-19T12:29:46","slug":"videos-marcelo-tinelli-con-el-pelo-rosa-entrevisto-a-lionel-messi-y-estallaron-los-memes","status":"publish","type":"post","link":"https:\/\/elfederalmendoza.com.ar\/index.php\/2024\/06\/19\/videos-marcelo-tinelli-con-el-pelo-rosa-entrevisto-a-lionel-messi-y-estallaron-los-memes\/","title":{"rendered":"-VIDEOS- Marcelo Tinelli con el pelo rosa entrevist\u00f3 a Lionel Messi y estallaron los memes"},"content":{"rendered":"\n<p>M\u00e1s all\u00e1 del contenido de la nota que Marcelo Tinelli le hizo a Lionel Messi, lo que m\u00e1s tuvo rebote en las redes sociales fueron los dardos por el look del conductor.<\/p>\n\n\n\n<p>Este martes a las 21:30, canal Am\u00e9rica emiti\u00f3 la entrevista que grab\u00f3 hace unos d\u00edas\u00a0Marcelo Tinelli\u00a0con\u00a0Lionel Messi, en un distendido mano a mano desde Miami. Sin embargo, m\u00e1s all\u00e1 del contenido de la amena charla, lo que m\u00e1s tuvo rebote en las redes sociales fueron las repercusiones por el nuevo look del conductor, al que algunos usuarios compararon con una \u00abdrag queen\u00bb.<\/p>\n\n\n\n<p>Durante media hora, en pleno prime time,\u00a0<strong>Tinelli\u00a0<\/strong>le demostr\u00f3 su afecto a\u00a0<strong>Messi<\/strong>, y entre otras cosas el l\u00edder de ShowMatch le pregunt\u00f3 al \u00edcono del f\u00fatbol si le afecta el paso del tiempo. A lo que el el \u00eddolo nacional respondi\u00f3 que cada vez valora m\u00e1s el d\u00eda a d\u00eda, en sus pr\u00e1cticas y concentraciones con sus compa\u00f1eros.<\/p>\n\n\n\n<figure class=\"wp-block-embed is-type-video is-provider-youtube wp-block-embed-youtube wp-embed-aspect-16-9 wp-has-aspect-ratio\"><div class=\"wp-block-embed__wrapper\">\n<iframe loading=\"lazy\" title=\"\ud83e\udd14 \u00bfLIONEL MESSI estar\u00e1 en el pr\u00f3ximo MUNDIAL? LA PULGA le responde a MARCELO TINELLI\" width=\"640\" height=\"360\" src=\"https:\/\/www.youtube.com\/embed\/Ng3y_iaBdlQ?feature=oembed\" frameborder=\"0\" allow=\"accelerometer; autoplay; clipboard-write; encrypted-media; gyroscope; picture-in-picture; web-share\" referrerpolicy=\"strict-origin-when-cross-origin\" allowfullscreen><\/iframe>\n<\/div><\/figure>\n\n\n\n<p>Por supuesto, durante la nota hubo margen para que<strong>\u00a0Lionel Messi<\/strong>\u00a0se explayara sobre el rol clave que tiene en su vida su familia, y\u00a0<strong>Marcelo Tinelli<\/strong>\u00a0tambi\u00e9n le record\u00f3 al capit\u00e1n de la Selecci\u00f3n lo importante que fue que perseverara hasta llegar al gran triunfo en el Mundial de Qatar.<\/p>\n\n\n\n<figure class=\"wp-block-embed is-type-video is-provider-youtube wp-block-embed-youtube wp-embed-aspect-16-9 wp-has-aspect-ratio\"><div class=\"wp-block-embed__wrapper\">\n<iframe loading=\"lazy\" title=\"\ud83d\udcfa MESSI le cuenta a TINELLI que es fan de la TV ARGENTINA: &quot;Lo vi mejor a EL TIRRI en BAILANDO&quot;\" width=\"640\" height=\"360\" src=\"https:\/\/www.youtube.com\/embed\/3aQWyxrRxFQ?feature=oembed\" frameborder=\"0\" allow=\"accelerometer; autoplay; clipboard-write; encrypted-media; gyroscope; picture-in-picture; web-share\" referrerpolicy=\"strict-origin-when-cross-origin\" allowfullscreen><\/iframe>\n<\/div><\/figure>\n\n\n\n<p>En un momento de la charla, de hecho\u00a0<strong>Tinelli\u00a0<\/strong>le dijo a\u00a0<strong>Messi\u00a0<\/strong>que se ti\u00f1\u00f3 el pelo de rosa en su homenaje, y el crack del f\u00fatbol se limit\u00f3 a ironizar que el color es \u00abjugado\u00bb, y le remarc\u00f3 la diferencia entre lo que esa tintura puede generar en Estados Unidos y en nuestro pa\u00eds.<\/p>\n\n\n\n<figure class=\"wp-block-embed is-type-video is-provider-youtube wp-block-embed-youtube wp-embed-aspect-16-9 wp-has-aspect-ratio\"><div class=\"wp-block-embed__wrapper\">\n<iframe loading=\"lazy\" title=\"\ud83c\udfc6 COPA AM\u00c9RICA: LIONEL MESSI le cuenta a MARCELO TINELLI c\u00f3mo se prepara para competir\" width=\"640\" height=\"360\" src=\"https:\/\/www.youtube.com\/embed\/XCZYTRUCmC8?feature=oembed\" frameborder=\"0\" allow=\"accelerometer; autoplay; clipboard-write; encrypted-media; gyroscope; picture-in-picture; web-share\" referrerpolicy=\"strict-origin-when-cross-origin\" allowfullscreen><\/iframe>\n<\/div><\/figure>\n\n\n\n<p>Por otro lado, en las redes sociales se multiplicaron los comentarios sobre el look y la apariencia de\u00a0<strong>Tinelli<\/strong>. \u00ab<em>\u00bfQu\u00e9 se hizo en la cara? Parece una drag queen\u00bb, \u00abAflojale un poco. No se le ven los ojos\u00bb, \u00abTinelli mir\u00f3 mucho Gran Hermano y ahora es una mezcla de Furia y Mart\u00edn. Por favor Marcelo, por tu propia salud dej\u00e1 de tocarte la carita\u00bb,\u00a0\u00abSe\u00f1ora, qu\u00e9 le pas\u00f3 en la carita. Pobre Messi que lo tiene enfrente y no se puede re\u00edr<\/em>\u00ab; fueron algunos de los comentarios que poblaron la galer\u00eda de memes.<\/p>\n","protected":false},"excerpt":{"rendered":"<p>M\u00e1s all\u00e1 del contenido de la nota que Marcelo Tinelli le hizo a Lionel Messi, lo que m\u00e1s tuvo rebote en las redes sociales fueron los dardos por el look del conductor. Este martes a las 21:30, canal Am\u00e9rica emiti\u00f3 la entrevista que grab\u00f3 hace unos d\u00edas\u00a0Marcelo Tinelli\u00a0con\u00a0Lionel Messi, en un distendido mano a mano<a class=\"read-more\" href=\"https:\/\/elfederalmendoza.com.ar\/index.php\/2024\/06\/19\/videos-marcelo-tinelli-con-el-pelo-rosa-entrevisto-a-lionel-messi-y-estallaron-los-memes\/\"> [&hellip;]<\/a><\/p>\n","protected":false},"author":2,"featured_media":33182,"comment_status":"open","ping_status":"open","sticky":false,"template":"","format":"standard","meta":{"footnotes":""},"categories":[5618],"tags":[],"class_list":["post-33180","post","type-post","status-publish","format-standard","has-post-thumbnail","hentry","category-arg"],"rttpg_featured_image_url":{"full":["https:\/\/elfederalmendoza.com.ar\/wp-content\/uploads\/2024\/06\/tinelli-rosa1.jpg",1364,855,false],"landscape":["https:\/\/elfederalmendoza.com.ar\/wp-content\/uploads\/2024\/06\/tinelli-rosa1.jpg",1364,855,false],"portraits":["https:\/\/elfederalmendoza.com.ar\/wp-content\/uploads\/2024\/06\/tinelli-rosa1.jpg",1364,855,false],"thumbnail":["https:\/\/elfederalmendoza.com.ar\/wp-content\/uploads\/2024\/06\/tinelli-rosa1-150x150.jpg",150,150,true],"medium":["https:\/\/elfederalmendoza.com.ar\/wp-content\/uploads\/2024\/06\/tinelli-rosa1-300x188.jpg",300,188,true],"large":["https:\/\/elfederalmendoza.com.ar\/wp-content\/uploads\/2024\/06\/tinelli-rosa1-1024x642.jpg",640,401,true],"1536x1536":["https:\/\/elfederalmendoza.com.ar\/wp-content\/uploads\/2024\/06\/tinelli-rosa1.jpg",1364,855,false],"2048x2048":["https:\/\/elfederalmendoza.com.ar\/wp-content\/uploads\/2024\/06\/tinelli-rosa1.jpg",1364,855,false],"ultp_layout_landscape_large":["https:\/\/elfederalmendoza.com.ar\/wp-content\/uploads\/2024\/06\/tinelli-rosa1-1200x800.jpg",1200,800,true],"ultp_layout_landscape":["https:\/\/elfederalmendoza.com.ar\/wp-content\/uploads\/2024\/06\/tinelli-rosa1-870x570.jpg",870,570,true],"ultp_layout_portrait":["https:\/\/elfederalmendoza.com.ar\/wp-content\/uploads\/2024\/06\/tinelli-rosa1-600x855.jpg",600,855,true],"ultp_layout_square":["https:\/\/elfederalmendoza.com.ar\/wp-content\/uploads\/2024\/06\/tinelli-rosa1-600x600.jpg",600,600,true],"rpwe-thumbnail":["https:\/\/elfederalmendoza.com.ar\/wp-content\/uploads\/2024\/06\/tinelli-rosa1-45x45.jpg",45,45,true],"advps-thumb-one":["https:\/\/elfederalmendoza.com.ar\/wp-content\/uploads\/2024\/06\/tinelli-rosa1-1200x420.jpg",1200,420,true]},"rttpg_author":{"display_name":"Redacci\u00f3n El Federal","author_link":"https:\/\/elfederalmendoza.com.ar\/index.php\/author\/angelflores\/"},"rttpg_comment":0,"rttpg_category":"<a href=\"https:\/\/elfederalmendoza.com.ar\/index.php\/category\/arg\/\" rel=\"category tag\">Argentina<\/a>","rttpg_excerpt":"M\u00e1s all\u00e1 del contenido de la nota que Marcelo Tinelli le hizo a Lionel Messi, lo que m\u00e1s tuvo rebote en las redes sociales fueron los dardos por el look del conductor. Este martes a las 21:30, canal Am\u00e9rica emiti\u00f3 la entrevista que grab\u00f3 hace unos d\u00edas\u00a0Marcelo Tinelli\u00a0con\u00a0Lionel Messi, en un distendido mano a mano&hellip;","_links":{"self":[{"href":"https:\/\/elfederalmendoza.com.ar\/index.php\/wp-json\/wp\/v2\/posts\/33180","targetHints":{"allow":["GET"]}}],"collection":[{"href":"https:\/\/elfederalmendoza.com.ar\/index.php\/wp-json\/wp\/v2\/posts"}],"about":[{"href":"https:\/\/elfederalmendoza.com.ar\/index.php\/wp-json\/wp\/v2\/types\/post"}],"author":[{"embeddable":true,"href":"https:\/\/elfederalmendoza.com.ar\/index.php\/wp-json\/wp\/v2\/users\/2"}],"replies":[{"embeddable":true,"href":"https:\/\/elfederalmendoza.com.ar\/index.php\/wp-json\/wp\/v2\/comments?post=33180"}],"version-history":[{"count":1,"href":"https:\/\/elfederalmendoza.com.ar\/index.php\/wp-json\/wp\/v2\/posts\/33180\/revisions"}],"predecessor-version":[{"id":33183,"href":"https:\/\/elfederalmendoza.com.ar\/index.php\/wp-json\/wp\/v2\/posts\/33180\/revisions\/33183"}],"wp:featuredmedia":[{"embeddable":true,"href":"https:\/\/elfederalmendoza.com.ar\/index.php\/wp-json\/wp\/v2\/media\/33182"}],"wp:attachment":[{"href":"https:\/\/elfederalmendoza.com.ar\/index.php\/wp-json\/wp\/v2\/media?parent=33180"}],"wp:term":[{"taxonomy":"category","embeddable":true,"href":"https:\/\/elfederalmendoza.com.ar\/index.php\/wp-json\/wp\/v2\/categories?post=33180"},{"taxonomy":"post_tag","embeddable":true,"href":"https:\/\/elfederalmendoza.com.ar\/index.php\/wp-json\/wp\/v2\/tags?post=33180"}],"curies":[{"name":"wp","href":"https:\/\/api.w.org\/{rel}","templated":true}]}}