{"id":33185,"date":"2024-06-19T10:13:25","date_gmt":"2024-06-19T13:13:25","guid":{"rendered":"https:\/\/elfederalmendoza.com\/?p=33185"},"modified":"2024-06-19T10:15:13","modified_gmt":"2024-06-19T13:15:13","slug":"cayo-una-mujer-con-37-cajas-de-leche-en-polvo-que-entrego-la-nacion-a-merenderos-en-guaymallen","status":"publish","type":"post","link":"https:\/\/elfederalmendoza.com.ar\/index.php\/2024\/06\/19\/cayo-una-mujer-con-37-cajas-de-leche-en-polvo-que-entrego-la-nacion-a-merenderos-en-guaymallen\/","title":{"rendered":"Cay\u00f3 una mujer con 37 cajas de leche en polvo que entreg\u00f3 la Naci\u00f3n a merenderos en Guaymall\u00e9n"},"content":{"rendered":"\n<p>Seguridad inform\u00f3 que incautaron este martes 37 cajas de leche en polvo en un local de Sarmiento al 1300. La medida fue instruida por la fiscal Gabriela Cobos.<\/p>\n\n\n\n<p>La Polic\u00eda realiz\u00f3 un allanamiento en un local comercial ubicado en Sarmiento al 1300 de Guaymall\u00e9n donde vend\u00edan\u00a0<strong>cajas\u00a0de leche en polvo que entregaban los\u00a0merenderos a trav\u00e9s de<\/strong>\u00a0CONIN, para los ni\u00f1os y adolescentes m\u00e1s carenciados del pa\u00eds.<a href=\"https:\/\/www.diariouno.com.ar\/tags\/conin\" target=\"_blank\" rel=\"noreferrer noopener\"><\/a><\/p>\n\n\n\n<p>Los efectivos policiales irrumpieron en el comercio, que est\u00e1 frente a la Feria de Guaymall\u00e9n, este martes por la tarde. El local lo atend\u00eda una mujer de nacionalidad boliviana de 65 a\u00f1os quien fue trasladada en calidad de citada a la Oficina Fiscal N\u00ba 8.<\/p>\n\n\n\n<p>All\u00ed, alertados por una investigaci\u00f3n exclusiva de Canal 7,&nbsp;<strong>desbarataron un local que exhib\u00eda la mercader\u00eda en la vereda.<\/strong>&nbsp;<strong>Todas con la inscripci\u00f3n que expresamente proh\u00edbe su comercializaci\u00f3n<\/strong>, ya que se trata de una donaci\u00f3n, tachada con un fibr\u00f3n.<\/p>\n\n\n\n<figure class=\"wp-block-image\"><img decoding=\"async\" src=\"https:\/\/media.diariouno.com.ar\/p\/7390ecbf9fbb657e1b41bef39a17a4c0\/adjuntos\/298\/imagenes\/009\/355\/0009355564\/1200x0\/smart\/whatsapp-image-2024-06-18-at-184904-1jpeg.jpeg\" alt=\"El local no solamente vend\u00eda la mercader\u00eda proveniente de CONIN, sino otras que forman parte de otros programas de donaciones.\" title=\"El local no solamente vend\u00eda la mercader\u00eda proveniente de CONIN, sino otras que forman parte de otros programas de donaciones.\"\/><\/figure>\n\n\n\n<p>El local no solamente vend\u00eda la mercader\u00eda proveniente de CONIN, sino otras que forman parte de otros programas de donaciones.<\/p>\n\n\n\n<p>En el comercio ubicado en Guaymall\u00e9n<strong>&nbsp;secuestraron 37 cajas que ten\u00edan el lema que proh\u00edbe su comercializaci\u00f3n, y que proven\u00edan de merenderos de Mendoza.<\/strong><\/p>\n\n\n\n<p>Adem\u00e1s, como parte de la investigaci\u00f3n, la&nbsp;<strong>fiscal Gabriela Garc\u00eda Cobos dispuso el secuestro de todas las unidades de leche en polvo.<\/strong><\/p>\n\n\n\n<h2 class=\"wp-block-heading\">La Polic\u00eda secuestr\u00f3 37 cajas de leche en polvo<\/h2>\n\n\n\n<p>A\u00fan la fiscal\u00eda investiga la procedencia del resto de las cajas de leche en polvo, pero en principio,&nbsp;<strong>la mujer ten\u00eda 6 unidades provenientes de un merendero prove\u00eddo por CONIN<\/strong>, la asociaci\u00f3n encargada de la distribuci\u00f3n de los alimentos, y&nbsp;<strong>31 cajas que tambi\u00e9n exhib\u00eda un lema de prohibida su venta.<\/strong><\/p>\n\n\n\n<p>El total de los elementos incautados:<\/p>\n\n\n\n<ul class=\"wp-block-list\">\n<li><strong>Leche marca Ver\u00f3nica<\/strong>: 1 caja cerrada con 10 unidades y 1 caja abierta con 7 unidades.<\/li>\n\n\n\n<li><strong>Leche marca Franz<\/strong>: 1 caja cerrada con 10 unidades, 2 unidades exhibidas en la vereda y 2 unidades en el interior del local.<\/li>\n\n\n\n<li><strong>Leche marca Vidalac<\/strong>: 3 unidades exhibidas en la vereda y 3 unidades en el interior del local.<\/li>\n\n\n\n<li>1 celular marca Samsung, color gris.<\/li>\n<\/ul>\n\n\n\n<h2 class=\"wp-block-heading\">Las publicaciones en donde se vende la leche que entrega CONIN para los ni\u00f1os<\/h2>\n\n\n\n<p>CONIN entreg\u00f3 en Mendoza 121.000 kilos de leche en polvo. Un porcentaje de ellas, ofrecidas por distintos usuarios en publicaciones de Facebook.<\/p>\n\n\n\n<p>Las ventas quedaron registradas en los posteos en la red social:<\/p>\n\n\n\n<p>En este caso, en la publicaci\u00f3n de una persona que<strong>&nbsp;venden packs de 12 leches con la inscripci\u00f3n \u00abprohibida su venta\u00bb<\/strong>, se observa que esta inscripci\u00f3n ha sido tapada.<\/p>\n\n\n\n<figure class=\"wp-block-image\"><img decoding=\"async\" src=\"https:\/\/media.diariouno.com.ar\/p\/151b5580a33c78a4ba5582035ec061f9\/adjuntos\/298\/imagenes\/009\/355\/0009355555\/1200x0\/smart\/leche-conin.png\" alt=\"\" title=\"\"\/><\/figure>\n\n\n\n<p>Otro caso tambi\u00e9n sucedi\u00f3 en un grupo denominado \u00abBarrio Municipal Las Heras\u00bb, en donde un&nbsp;<strong>usuario public\u00f3 cada caja de leche a $2.500<\/strong>. La indignaci\u00f3n estuvo presente en los comentarios que le ped\u00edan que no ocupe la leche que le corresponde a ni\u00f1os que s\u00ed lo necesitan.<\/p>\n\n\n\n<figure class=\"wp-block-image\"><img decoding=\"async\" src=\"https:\/\/media.diariouno.com.ar\/p\/c5802ece1d5a1213b4291191b8c557ed\/adjuntos\/298\/imagenes\/009\/353\/0009353172\/1200x0\/smart\/rqrqrjpg.jpg\" alt=\"\" title=\"\"\/><\/figure>\n\n\n\n<p><a rel=\"noreferrer noopener\" href=\"https:\/\/www.facebook.com\/dialog\/feed?app_id=161316767303985&amp;link=https%3A%2F%2Fwww.diariouno.com.ar%2Fpoliciales%2Fcayo-una-mujer-37-cajas-leche-polvo-que-entrego-la-nacion-merenderos-guaymallen-n1327391&amp;name=Cay%C3%B3+una+mujer+con+37+cajas+de+leche+en+polvo+que+entreg%C3%B3+la+Naci%C3%B3n+a+merenderos+en+Guaymall%C3%A9n&amp;caption=Leche+en+polvo&amp;description=Seguridad+inform%C3%B3+que+incautaron+este+martes+37+cajas+de+leche+en+polvo+en+un+local+de+Sarmiento+al+1300.+La+medida+fue+instruida+por+la+fiscal+Gabriela+Cobos&amp;redirect_uri=https%3A%2F%2Fwww.diariouno.com.ar%2Fpoliciales%2Fcayo-una-mujer-37-cajas-leche-polvo-que-entrego-la-nacion-merenderos-guaymallen-n1327391\" target=\"_blank\"><\/a><\/p>\n","protected":false},"excerpt":{"rendered":"<p>Seguridad inform\u00f3 que incautaron este martes 37 cajas de leche en polvo en un local de Sarmiento al 1300. La medida fue instruida por la fiscal Gabriela Cobos. La Polic\u00eda realiz\u00f3 un allanamiento en un local comercial ubicado en Sarmiento al 1300 de Guaymall\u00e9n donde vend\u00edan\u00a0cajas\u00a0de leche en polvo que entregaban los\u00a0merenderos a trav\u00e9s de\u00a0CONIN,<a class=\"read-more\" href=\"https:\/\/elfederalmendoza.com.ar\/index.php\/2024\/06\/19\/cayo-una-mujer-con-37-cajas-de-leche-en-polvo-que-entrego-la-nacion-a-merenderos-en-guaymallen\/\"> [&hellip;]<\/a><\/p>\n","protected":false},"author":2,"featured_media":33190,"comment_status":"open","ping_status":"open","sticky":false,"template":"","format":"standard","meta":{"footnotes":""},"categories":[1],"tags":[],"class_list":["post-33185","post","type-post","status-publish","format-standard","has-post-thumbnail","hentry","category-mza"],"rttpg_featured_image_url":{"full":["https:\/\/elfederalmendoza.com.ar\/wp-content\/uploads\/2024\/06\/leche5.jpg",1328,762,false],"landscape":["https:\/\/elfederalmendoza.com.ar\/wp-content\/uploads\/2024\/06\/leche5.jpg",1328,762,false],"portraits":["https:\/\/elfederalmendoza.com.ar\/wp-content\/uploads\/2024\/06\/leche5.jpg",1328,762,false],"thumbnail":["https:\/\/elfederalmendoza.com.ar\/wp-content\/uploads\/2024\/06\/leche5-150x150.jpg",150,150,true],"medium":["https:\/\/elfederalmendoza.com.ar\/wp-content\/uploads\/2024\/06\/leche5-300x172.jpg",300,172,true],"large":["https:\/\/elfederalmendoza.com.ar\/wp-content\/uploads\/2024\/06\/leche5-1024x588.jpg",640,368,true],"1536x1536":["https:\/\/elfederalmendoza.com.ar\/wp-content\/uploads\/2024\/06\/leche5.jpg",1328,762,false],"2048x2048":["https:\/\/elfederalmendoza.com.ar\/wp-content\/uploads\/2024\/06\/leche5.jpg",1328,762,false],"ultp_layout_landscape_large":["https:\/\/elfederalmendoza.com.ar\/wp-content\/uploads\/2024\/06\/leche5-1200x762.jpg",1200,762,true],"ultp_layout_landscape":["https:\/\/elfederalmendoza.com.ar\/wp-content\/uploads\/2024\/06\/leche5-870x570.jpg",870,570,true],"ultp_layout_portrait":["https:\/\/elfederalmendoza.com.ar\/wp-content\/uploads\/2024\/06\/leche5-600x762.jpg",600,762,true],"ultp_layout_square":["https:\/\/elfederalmendoza.com.ar\/wp-content\/uploads\/2024\/06\/leche5-600x600.jpg",600,600,true],"rpwe-thumbnail":["https:\/\/elfederalmendoza.com.ar\/wp-content\/uploads\/2024\/06\/leche5-45x45.jpg",45,45,true],"advps-thumb-one":["https:\/\/elfederalmendoza.com.ar\/wp-content\/uploads\/2024\/06\/leche5-1200x420.jpg",1200,420,true]},"rttpg_author":{"display_name":"Redacci\u00f3n El Federal","author_link":"https:\/\/elfederalmendoza.com.ar\/index.php\/author\/angelflores\/"},"rttpg_comment":0,"rttpg_category":"<a href=\"https:\/\/elfederalmendoza.com.ar\/index.php\/category\/mza\/\" rel=\"category tag\">Mendoza<\/a>","rttpg_excerpt":"Seguridad inform\u00f3 que incautaron este martes 37 cajas de leche en polvo en un local de Sarmiento al 1300. La medida fue instruida por la fiscal Gabriela Cobos. La Polic\u00eda realiz\u00f3 un allanamiento en un local comercial ubicado en Sarmiento al 1300 de Guaymall\u00e9n donde vend\u00edan\u00a0cajas\u00a0de leche en polvo que entregaban los\u00a0merenderos a trav\u00e9s de\u00a0CONIN,&hellip;","_links":{"self":[{"href":"https:\/\/elfederalmendoza.com.ar\/index.php\/wp-json\/wp\/v2\/posts\/33185","targetHints":{"allow":["GET"]}}],"collection":[{"href":"https:\/\/elfederalmendoza.com.ar\/index.php\/wp-json\/wp\/v2\/posts"}],"about":[{"href":"https:\/\/elfederalmendoza.com.ar\/index.php\/wp-json\/wp\/v2\/types\/post"}],"author":[{"embeddable":true,"href":"https:\/\/elfederalmendoza.com.ar\/index.php\/wp-json\/wp\/v2\/users\/2"}],"replies":[{"embeddable":true,"href":"https:\/\/elfederalmendoza.com.ar\/index.php\/wp-json\/wp\/v2\/comments?post=33185"}],"version-history":[{"count":3,"href":"https:\/\/elfederalmendoza.com.ar\/index.php\/wp-json\/wp\/v2\/posts\/33185\/revisions"}],"predecessor-version":[{"id":33192,"href":"https:\/\/elfederalmendoza.com.ar\/index.php\/wp-json\/wp\/v2\/posts\/33185\/revisions\/33192"}],"wp:featuredmedia":[{"embeddable":true,"href":"https:\/\/elfederalmendoza.com.ar\/index.php\/wp-json\/wp\/v2\/media\/33190"}],"wp:attachment":[{"href":"https:\/\/elfederalmendoza.com.ar\/index.php\/wp-json\/wp\/v2\/media?parent=33185"}],"wp:term":[{"taxonomy":"category","embeddable":true,"href":"https:\/\/elfederalmendoza.com.ar\/index.php\/wp-json\/wp\/v2\/categories?post=33185"},{"taxonomy":"post_tag","embeddable":true,"href":"https:\/\/elfederalmendoza.com.ar\/index.php\/wp-json\/wp\/v2\/tags?post=33185"}],"curies":[{"name":"wp","href":"https:\/\/api.w.org\/{rel}","templated":true}]}}