{"id":33193,"date":"2024-06-19T10:33:33","date_gmt":"2024-06-19T13:33:33","guid":{"rendered":"https:\/\/elfederalmendoza.com\/?p=33193"},"modified":"2024-06-19T10:33:35","modified_gmt":"2024-06-19T13:33:35","slug":"janina-ortiz-declaro-y-fue-imputada-por-coacciones-agravadas-y-amenazas","status":"publish","type":"post","link":"https:\/\/elfederalmendoza.com.ar\/index.php\/2024\/06\/19\/janina-ortiz-declaro-y-fue-imputada-por-coacciones-agravadas-y-amenazas\/","title":{"rendered":"Janina Ortiz declar\u00f3 y fue imputada por coacciones agravadas y amenazas"},"content":{"rendered":"\n<p><strong>Janina Ortiz<\/strong>\u00a0fue imputada por haber obligado a una empleada de Las Heras a mantener encuentros \u00edntimos con un funcionario, a quien deb\u00eda grabar.<\/p>\n\n\n\n<p><strong>Janina Ortiz\u00a0<\/strong>fue imputada este mi\u00e9rcoles por los delitos de coacciones agravadas y amenazas que una empleada de la Municipalidad de Las Heras denunci\u00f3 hace m\u00e1s de un a\u00f1o.<\/p>\n\n\n\n<p>Esta mujer dijo que fue obligada a mantener encuentros \u00edntimos con el entonces funcionario&nbsp;<strong>Osvaldo Oyhenart<\/strong>, a grabarlos y -a punta de pistola- a entregarle esos audios.<\/p>\n\n\n\n<p><strong>La ex Secretaria de Gobierno de esa comuna y actual diputada provincial por el demarchismo -suspendida en marzo \u00faltimo por la C\u00e1mara Baja- prest\u00f3 declaraci\u00f3n indagatoria cuando se present\u00f3 en la Fiscal\u00eda a cargo de Juan Ticheli en el Polo Judicial.<\/strong><\/p>\n\n\n\n<figure class=\"wp-block-image\"><img decoding=\"async\" src=\"https:\/\/media.diariouno.com.ar\/p\/8b19cba2c8ddf57632367a473eb03563\/adjuntos\/298\/imagenes\/009\/272\/0009272736\/1200x0\/smart\/janina-ortizjpg.jpg\" alt=\"Janina Ortiz en la Legislatura.\" title=\"Janina Ortiz en la Legislatura.\"\/><\/figure>\n\n\n\n<p>Janina Ortiz en la Legislatura.<\/p>\n\n\n\n<h2 class=\"wp-block-heading\">Un largo derrotero que le sirvi\u00f3 para convertirse en diputada<\/h2>\n\n\n\n<p>Ortiz qued\u00f3 bajo sospecha en 2023 pero desde entonces se vali\u00f3 de todo tipo de recursos defensivos y cuestionamientos a los magistrados intervinientes.<\/p>\n\n\n\n<h3 class=\"wp-block-heading\">Hasta un Jury de Enjuiciamiento, que fue rechazado, pidi\u00f3 para los dos fiscales -Alejandro Iturbide, de Delitos Econ\u00f3micos, y Gabriel Blanco, de Delitos No Especializados- que solicitaron el desafuero a la C\u00e1mara de Diputados para que se presentara en la Justicia.<\/h3>\n\n\n\n<p>A la Suprema Corte de Justicia lleg\u00f3, en abril \u00faltimo, cuestionando el desempe\u00f1o del juez&nbsp;<strong>Sebasti\u00e1n Sarmiento<\/strong>, que hab\u00eda avalado la postura judicial de que pod\u00eda ser imputada. Y perdi\u00f3.<\/p>\n\n\n\n<p>Entretanto, culmin\u00f3 su gesti\u00f3n en Las Heras, fue candidata, hizo campa\u00f1a por&nbsp;<strong>La Uni\u00f3n Mendocina<\/strong>&nbsp;y se convirti\u00f3 en legisladora.<\/p>\n\n\n\n<p><strong>Por esta causa est\u00e1n imputados Oyhenart, su yerno -Juan Pablo Pandolfi- y un particular, que en los papeles figuraba como titular de la cooperativa de trabajo.<\/strong><\/p>\n\n\n\n<p>Adem\u00e1s, est\u00e1 bajo sospecha de haber cometido -durante su gesti\u00f3n municipal- el delito de fraude a la comuna de Las Heras por $35 millones por el otorgamiento de esa suma de dinero a una cooperativa.<\/p>\n\n\n\n<p><strong>Daniel Orozco, ex intendente y ex esposo de Ortiz, est\u00e1 imputado.<\/strong><\/p>\n\n\n\n<p>La Unidad Fiscal de Delitos Econ\u00f3micos interviene en este y otros tres hechos similares con fondos de la Municipalidad.<\/p>\n","protected":false},"excerpt":{"rendered":"<p>Janina Ortiz\u00a0fue imputada por haber obligado a una empleada de Las Heras a mantener encuentros \u00edntimos con un funcionario, a quien deb\u00eda grabar. Janina Ortiz\u00a0fue imputada este mi\u00e9rcoles por los delitos de coacciones agravadas y amenazas que una empleada de la Municipalidad de Las Heras denunci\u00f3 hace m\u00e1s de un a\u00f1o. Esta mujer dijo que<a class=\"read-more\" href=\"https:\/\/elfederalmendoza.com.ar\/index.php\/2024\/06\/19\/janina-ortiz-declaro-y-fue-imputada-por-coacciones-agravadas-y-amenazas\/\"> [&hellip;]<\/a><\/p>\n","protected":false},"author":2,"featured_media":33195,"comment_status":"open","ping_status":"open","sticky":false,"template":"","format":"standard","meta":{"footnotes":""},"categories":[1],"tags":[],"class_list":["post-33193","post","type-post","status-publish","format-standard","has-post-thumbnail","hentry","category-mza"],"rttpg_featured_image_url":{"full":["https:\/\/elfederalmendoza.com.ar\/wp-content\/uploads\/2024\/06\/janina1.jpg",1527,846,false],"landscape":["https:\/\/elfederalmendoza.com.ar\/wp-content\/uploads\/2024\/06\/janina1.jpg",1527,846,false],"portraits":["https:\/\/elfederalmendoza.com.ar\/wp-content\/uploads\/2024\/06\/janina1.jpg",1527,846,false],"thumbnail":["https:\/\/elfederalmendoza.com.ar\/wp-content\/uploads\/2024\/06\/janina1-150x150.jpg",150,150,true],"medium":["https:\/\/elfederalmendoza.com.ar\/wp-content\/uploads\/2024\/06\/janina1-300x166.jpg",300,166,true],"large":["https:\/\/elfederalmendoza.com.ar\/wp-content\/uploads\/2024\/06\/janina1-1024x567.jpg",640,354,true],"1536x1536":["https:\/\/elfederalmendoza.com.ar\/wp-content\/uploads\/2024\/06\/janina1.jpg",1527,846,false],"2048x2048":["https:\/\/elfederalmendoza.com.ar\/wp-content\/uploads\/2024\/06\/janina1.jpg",1527,846,false],"ultp_layout_landscape_large":["https:\/\/elfederalmendoza.com.ar\/wp-content\/uploads\/2024\/06\/janina1-1200x800.jpg",1200,800,true],"ultp_layout_landscape":["https:\/\/elfederalmendoza.com.ar\/wp-content\/uploads\/2024\/06\/janina1-870x570.jpg",870,570,true],"ultp_layout_portrait":["https:\/\/elfederalmendoza.com.ar\/wp-content\/uploads\/2024\/06\/janina1-600x846.jpg",600,846,true],"ultp_layout_square":["https:\/\/elfederalmendoza.com.ar\/wp-content\/uploads\/2024\/06\/janina1-600x600.jpg",600,600,true],"rpwe-thumbnail":["https:\/\/elfederalmendoza.com.ar\/wp-content\/uploads\/2024\/06\/janina1-45x45.jpg",45,45,true],"advps-thumb-one":["https:\/\/elfederalmendoza.com.ar\/wp-content\/uploads\/2024\/06\/janina1-1200x420.jpg",1200,420,true]},"rttpg_author":{"display_name":"Redacci\u00f3n El Federal","author_link":"https:\/\/elfederalmendoza.com.ar\/index.php\/author\/angelflores\/"},"rttpg_comment":0,"rttpg_category":"<a href=\"https:\/\/elfederalmendoza.com.ar\/index.php\/category\/mza\/\" rel=\"category tag\">Mendoza<\/a>","rttpg_excerpt":"Janina Ortiz\u00a0fue imputada por haber obligado a una empleada de Las Heras a mantener encuentros \u00edntimos con un funcionario, a quien deb\u00eda grabar. Janina Ortiz\u00a0fue imputada este mi\u00e9rcoles por los delitos de coacciones agravadas y amenazas que una empleada de la Municipalidad de Las Heras denunci\u00f3 hace m\u00e1s de un a\u00f1o. Esta mujer dijo que&hellip;","_links":{"self":[{"href":"https:\/\/elfederalmendoza.com.ar\/index.php\/wp-json\/wp\/v2\/posts\/33193","targetHints":{"allow":["GET"]}}],"collection":[{"href":"https:\/\/elfederalmendoza.com.ar\/index.php\/wp-json\/wp\/v2\/posts"}],"about":[{"href":"https:\/\/elfederalmendoza.com.ar\/index.php\/wp-json\/wp\/v2\/types\/post"}],"author":[{"embeddable":true,"href":"https:\/\/elfederalmendoza.com.ar\/index.php\/wp-json\/wp\/v2\/users\/2"}],"replies":[{"embeddable":true,"href":"https:\/\/elfederalmendoza.com.ar\/index.php\/wp-json\/wp\/v2\/comments?post=33193"}],"version-history":[{"count":1,"href":"https:\/\/elfederalmendoza.com.ar\/index.php\/wp-json\/wp\/v2\/posts\/33193\/revisions"}],"predecessor-version":[{"id":33196,"href":"https:\/\/elfederalmendoza.com.ar\/index.php\/wp-json\/wp\/v2\/posts\/33193\/revisions\/33196"}],"wp:featuredmedia":[{"embeddable":true,"href":"https:\/\/elfederalmendoza.com.ar\/index.php\/wp-json\/wp\/v2\/media\/33195"}],"wp:attachment":[{"href":"https:\/\/elfederalmendoza.com.ar\/index.php\/wp-json\/wp\/v2\/media?parent=33193"}],"wp:term":[{"taxonomy":"category","embeddable":true,"href":"https:\/\/elfederalmendoza.com.ar\/index.php\/wp-json\/wp\/v2\/categories?post=33193"},{"taxonomy":"post_tag","embeddable":true,"href":"https:\/\/elfederalmendoza.com.ar\/index.php\/wp-json\/wp\/v2\/tags?post=33193"}],"curies":[{"name":"wp","href":"https:\/\/api.w.org\/{rel}","templated":true}]}}