{"id":33204,"date":"2024-06-20T12:58:13","date_gmt":"2024-06-20T15:58:13","guid":{"rendered":"https:\/\/elfederalmendoza.com\/?p=33204"},"modified":"2024-06-20T12:58:14","modified_gmt":"2024-06-20T15:58:14","slug":"asaltaron-y-golpearon-a-los-padres-de-sebastian-torrico-en-carrodilla","status":"publish","type":"post","link":"https:\/\/elfederalmendoza.com.ar\/index.php\/2024\/06\/20\/asaltaron-y-golpearon-a-los-padres-de-sebastian-torrico-en-carrodilla\/","title":{"rendered":"Asaltaron y golpearon a los padres de Sebasti\u00e1n Torrico en Carrodilla"},"content":{"rendered":"\n<p>Los\u00a0<strong>padres de Sebasti\u00e1n Torric<\/strong>o fueron\u00a0<strong>v\u00edctimas de una violenta entradera\u00a0<\/strong>en su domicilio \u00abde toda la vida\u00bb en\u00a0<strong>Carrodilla<\/strong>. El terrible episodio de inseguridad ocurri\u00f3 este mi\u00e9rcoles por la noche en el reconocido<strong>\u00a0barrio Beghin, de Luj\u00e1n de Cuyo, Mendoza.<\/strong><\/p>\n\n\n\n<p>El reloj marcaba cerca de las 23 horas cuando<strong>&nbsp;Oscar Torrico y Mar\u00eda del Carmen<\/strong>, su esposa, aguardaban por la llegada de t\u00e9cnicos de Internet, ya que en la \u00faltima poda municipal, los operarios hab\u00edan cortado los cables involuntariamente. Dada la cercan\u00eda con el feriado largo, la pareja hab\u00eda acelerado los procesos para recuperar el servicio y estuvo realizando llamados durante la jornada para solucionarlo por su cuenta. En ese sentido, cuando llegaron los supuestos empleados de la empresa de Internet, no hab\u00eda nada para sospechar.<\/p>\n\n\n\n<p>No obstante, apenas cruzaron el umbral de ingreso a la casa, demostraron que eran delincuentes. Armados y con mucha violencia, redujeron y golpearon a la pareja<strong>\u00a0(ambos cercanos a los 80 a\u00f1os)<\/strong>, los tiraron al piso y le exigieron una alta suma de dinero que<strong>\u00a0no hab\u00eda en la casa.<\/strong><\/p>\n\n\n\n<p>Frustrados por no obtener el bot\u00edn que pretend\u00edan, los tres ladrones revolvieron todo, dieron vuelta la casa entera y, no conformes con eso, agarraron las llaves de uno de los autos y se lo llevaron.<\/p>\n\n\n\n<p>Todo el episodio fue narrado po<strong>r Emanuel Torrico, hijo de la pareja y hermano del arquero campe\u00f3n de la Copa Libertadores con San Lorenzo,\u00a0<\/strong>surgido en<strong>\u00a0Andes Talleres<\/strong>\u00a0y con un\u00a0<strong>paso hist\u00f3rico por Godoy Cruz\u00a0<\/strong>en el ascenso a Primera del 2006, en el programa \u00abTen\u00e9s que Saberlo\u00bb, que se emite por Radio Jornada 91.9 de lunes a viernes de 7 a 10 horas.<\/p>\n\n\n\n<p>La casa de los Torrico est\u00e1 a pocos metros del control de la l\u00ednea 100, en las inmediaciones de las calles Tierra del Fuego y 1 de Mayo. \u00abEs un barrio t\u00edpico de Mendoza de clase media, sin ostentaci\u00f3n, sin grandilocuencia, casa normal, que estaba bajo sistema de alarma comunitaria, pero no la pudieron activar porque no tuvieron tiempo y les sacaron el tel\u00e9fono\u00bb, relat\u00f3 Emanuel junto a Gabriel Conte y Hern\u00e1n Bitar.<\/p>\n\n\n\n<p>En tanto detall\u00f3: \u00abHay una persona que ha facilitado una informaci\u00f3n que no correspond\u00eda, porque pasaron el dato de la plata y en la casa no hab\u00eda nada de plata. Ellos son jubilados y mi hermano Sebasti\u00e1n ni siquiera vive en Mendoza\u00bb.<\/p>\n","protected":false},"excerpt":{"rendered":"<p>Los\u00a0padres de Sebasti\u00e1n Torrico fueron\u00a0v\u00edctimas de una violenta entradera\u00a0en su domicilio \u00abde toda la vida\u00bb en\u00a0Carrodilla. El terrible episodio de inseguridad ocurri\u00f3 este mi\u00e9rcoles por la noche en el reconocido\u00a0barrio Beghin, de Luj\u00e1n de Cuyo, Mendoza. El reloj marcaba cerca de las 23 horas cuando&nbsp;Oscar Torrico y Mar\u00eda del Carmen, su esposa, aguardaban por la<a class=\"read-more\" href=\"https:\/\/elfederalmendoza.com.ar\/index.php\/2024\/06\/20\/asaltaron-y-golpearon-a-los-padres-de-sebastian-torrico-en-carrodilla\/\"> [&hellip;]<\/a><\/p>\n","protected":false},"author":2,"featured_media":33205,"comment_status":"open","ping_status":"open","sticky":false,"template":"","format":"standard","meta":{"footnotes":""},"categories":[1],"tags":[],"class_list":["post-33204","post","type-post","status-publish","format-standard","has-post-thumbnail","hentry","category-mza"],"rttpg_featured_image_url":{"full":["https:\/\/elfederalmendoza.com.ar\/wp-content\/uploads\/2024\/06\/torrico.jpg",1485,841,false],"landscape":["https:\/\/elfederalmendoza.com.ar\/wp-content\/uploads\/2024\/06\/torrico.jpg",1485,841,false],"portraits":["https:\/\/elfederalmendoza.com.ar\/wp-content\/uploads\/2024\/06\/torrico.jpg",1485,841,false],"thumbnail":["https:\/\/elfederalmendoza.com.ar\/wp-content\/uploads\/2024\/06\/torrico-150x150.jpg",150,150,true],"medium":["https:\/\/elfederalmendoza.com.ar\/wp-content\/uploads\/2024\/06\/torrico-300x170.jpg",300,170,true],"large":["https:\/\/elfederalmendoza.com.ar\/wp-content\/uploads\/2024\/06\/torrico-1024x580.jpg",640,363,true],"1536x1536":["https:\/\/elfederalmendoza.com.ar\/wp-content\/uploads\/2024\/06\/torrico.jpg",1485,841,false],"2048x2048":["https:\/\/elfederalmendoza.com.ar\/wp-content\/uploads\/2024\/06\/torrico.jpg",1485,841,false],"ultp_layout_landscape_large":["https:\/\/elfederalmendoza.com.ar\/wp-content\/uploads\/2024\/06\/torrico-1200x800.jpg",1200,800,true],"ultp_layout_landscape":["https:\/\/elfederalmendoza.com.ar\/wp-content\/uploads\/2024\/06\/torrico-870x570.jpg",870,570,true],"ultp_layout_portrait":["https:\/\/elfederalmendoza.com.ar\/wp-content\/uploads\/2024\/06\/torrico-600x841.jpg",600,841,true],"ultp_layout_square":["https:\/\/elfederalmendoza.com.ar\/wp-content\/uploads\/2024\/06\/torrico-600x600.jpg",600,600,true],"rpwe-thumbnail":["https:\/\/elfederalmendoza.com.ar\/wp-content\/uploads\/2024\/06\/torrico-45x45.jpg",45,45,true],"advps-thumb-one":["https:\/\/elfederalmendoza.com.ar\/wp-content\/uploads\/2024\/06\/torrico-1200x420.jpg",1200,420,true]},"rttpg_author":{"display_name":"Redacci\u00f3n El Federal","author_link":"https:\/\/elfederalmendoza.com.ar\/index.php\/author\/angelflores\/"},"rttpg_comment":0,"rttpg_category":"<a href=\"https:\/\/elfederalmendoza.com.ar\/index.php\/category\/mza\/\" rel=\"category tag\">Mendoza<\/a>","rttpg_excerpt":"Los\u00a0padres de Sebasti\u00e1n Torrico fueron\u00a0v\u00edctimas de una violenta entradera\u00a0en su domicilio \u00abde toda la vida\u00bb en\u00a0Carrodilla. El terrible episodio de inseguridad ocurri\u00f3 este mi\u00e9rcoles por la noche en el reconocido\u00a0barrio Beghin, de Luj\u00e1n de Cuyo, Mendoza. El reloj marcaba cerca de las 23 horas cuando&nbsp;Oscar Torrico y Mar\u00eda del Carmen, su esposa, aguardaban por la&hellip;","_links":{"self":[{"href":"https:\/\/elfederalmendoza.com.ar\/index.php\/wp-json\/wp\/v2\/posts\/33204","targetHints":{"allow":["GET"]}}],"collection":[{"href":"https:\/\/elfederalmendoza.com.ar\/index.php\/wp-json\/wp\/v2\/posts"}],"about":[{"href":"https:\/\/elfederalmendoza.com.ar\/index.php\/wp-json\/wp\/v2\/types\/post"}],"author":[{"embeddable":true,"href":"https:\/\/elfederalmendoza.com.ar\/index.php\/wp-json\/wp\/v2\/users\/2"}],"replies":[{"embeddable":true,"href":"https:\/\/elfederalmendoza.com.ar\/index.php\/wp-json\/wp\/v2\/comments?post=33204"}],"version-history":[{"count":1,"href":"https:\/\/elfederalmendoza.com.ar\/index.php\/wp-json\/wp\/v2\/posts\/33204\/revisions"}],"predecessor-version":[{"id":33206,"href":"https:\/\/elfederalmendoza.com.ar\/index.php\/wp-json\/wp\/v2\/posts\/33204\/revisions\/33206"}],"wp:featuredmedia":[{"embeddable":true,"href":"https:\/\/elfederalmendoza.com.ar\/index.php\/wp-json\/wp\/v2\/media\/33205"}],"wp:attachment":[{"href":"https:\/\/elfederalmendoza.com.ar\/index.php\/wp-json\/wp\/v2\/media?parent=33204"}],"wp:term":[{"taxonomy":"category","embeddable":true,"href":"https:\/\/elfederalmendoza.com.ar\/index.php\/wp-json\/wp\/v2\/categories?post=33204"},{"taxonomy":"post_tag","embeddable":true,"href":"https:\/\/elfederalmendoza.com.ar\/index.php\/wp-json\/wp\/v2\/tags?post=33204"}],"curies":[{"name":"wp","href":"https:\/\/api.w.org\/{rel}","templated":true}]}}