{"id":33208,"date":"2024-06-20T13:14:41","date_gmt":"2024-06-20T16:14:41","guid":{"rendered":"https:\/\/elfederalmendoza.com\/?p=33208"},"modified":"2024-06-20T13:14:42","modified_gmt":"2024-06-20T16:14:42","slug":"30-delincuentes-de-mierda-asi-califico-cornejo-a-los-hinchas-del-tomba-protagonistas-de-los-incidentes-en-el-estadio-malvinas-argentinas","status":"publish","type":"post","link":"https:\/\/elfederalmendoza.com.ar\/index.php\/2024\/06\/20\/30-delincuentes-de-mierda-asi-califico-cornejo-a-los-hinchas-del-tomba-protagonistas-de-los-incidentes-en-el-estadio-malvinas-argentinas\/","title":{"rendered":"\u00a0\u00ab30 delincuentes de mierda\u00bb: as\u00ed calific\u00f3 Cornejo a los hinchas del Tomba protagonistas de los incidentes en el estadio Malvinas Argentinas"},"content":{"rendered":"\n<p>El gobernador Alfredo Cornejo dijo que aspira a que en Mendoza haya una \u00abseguridad a la europea\u00bb.<\/p>\n\n\n\n<p>Todav\u00eda molesto por\u00a0los<strong> incidentes en el partido Godoy Cruz-San Lorenzo<\/strong> en el estadio Malvinas Argentinas,el gobernador\u00a0<strong>Alfredo Cornejo\u00a0<\/strong>calific\u00f3 textualmente como \u00abdelincuentes de mierda\u00bb a los v\u00e1ndalos que provocaron la suspensi\u00f3n del juego.<\/p>\n\n\n\n<p>El mandatario apel\u00f3 al ejemplo del \u00absubmundo del f\u00fatbol\u00bb para expresar su objetivo de avanzar hacia una<strong>&nbsp;seguridad a la europea.<\/strong><\/p>\n\n\n\n<p>Dijo el titular del Ejecutivo que \u00aben Europa grupos terroristas como el ISIS lanzan amenazas antes de los partidos del Machester City o el Real Madrid y no hay suspensi\u00f3n de actividades.<\/p>\n\n\n\n<h2 class=\"wp-block-heading\">Cornejo quiere que haya m\u00e1s inteligencia en la Polic\u00eda<\/h2>\n\n\n\n<p>Cornejo subray\u00f3:&nbsp;<strong>\u00abAc\u00e1, 30 delincuentes de mierda paran un partido. Eso no me pone feliz\u00bb.<\/strong><\/p>\n\n\n\n<p>Antes el gobernador asegur\u00f3: \u00abEstoy metido de lleno en el tema de la seguridad y la necesidad de que la Polic\u00eda tenga m\u00e1s elementos para hacer inteligencia y prevenci\u00f3n\u00bb.<\/p>\n\n\n\n<p><strong>Necesitamos que la Polic\u00eda cuente con m\u00e1s informaci\u00f3n. No podemos quedarnos de brazos cruzados esperando que se solucione la macroeconom\u00eda para que los neum\u00e1ticos tengan precios que no sean prohibitivos como los actuales y as\u00ed se reduzcan los robos<\/strong><\/p>\n\n\n\n<p><strong>\u00abClaro que hay inseguridad, querid<\/strong>o\u00bb, le dijo Cornejo a un periodista cuando le preguntaron sobre la creaci\u00f3n de un observatorio del \u00e1rea, lanzada desde el peronismo d\u00edas atr\u00e1s.<\/p>\n\n\n\n<p>Y enseguida ampli\u00f3: \u00abLos aportes y contribuciones son bienvenidos. Pero aclaro que el agujero del mate ya se invent\u00f3.\u00bb<\/p>\n\n\n\n<p>El mandatario insisti\u00f3:<strong>&nbsp;\u00abSoy el primero que admite que hay inseguridad, pero es menor a otras jurisdicciones y estamos ocupados. Yo me meto en el tema y me voy a seguir metiendo\u00bb.<\/strong><\/p>\n\n\n\n<p>Cornejo reflexion\u00f3 que \u00abhay un atenuante que nadie tiene en cuenta. Los hechos violentos s\u00ed han bajado. Lo que s\u00ed ha crecido es el mercado del usado y esto es en todo el pa\u00eds. Todas las noches hay muchos robos de neum\u00e1ticos de autos que duermen en la calle\u00bb<\/p>\n\n\n\n<p>\u00abMendoza tiene talento y tiene su gente con caracter\u00edsticas que nos enorgullecen, con la que aspiramos a ir hacia esa seguridad a la europea\u00bb, cerr\u00f3 el tema.<\/p>\n\n\n\n<h2 class=\"wp-block-heading\">Cornejo les dijo a los judiciales: \u00abEl Estado s\u00f3lo puede pagar determinados sueldos\u00bb<\/h2>\n\n\n\n<p><strong>Alfredo Cornejo<\/strong>\u00a0dijo este mi\u00e9rcoles que \u00ablos gremios judiciales no comprenden que el Estado puede pagar determinados sueldos y no m\u00e1s, algo que s\u00ed comprende el resto de los gremios de trabajadores p\u00fablicos y privados\u00bb.<\/p>\n\n\n\n<p>En Casa de Gobierno, durante una conferencia de prensa con la vice, Hebe Casado, y otras funcionarias, el primer mandatario pidi\u00f3 que los dirigentes gremiales de empleados y funcionarios del Poder Judicial \u00abreflexionen y&nbsp;<strong>est\u00e9n abiertos al acuerdo<\/strong>\u00ab.<\/p>\n\n\n\n<figure class=\"wp-block-image\"><img decoding=\"async\" src=\"https:\/\/media.diariouno.com.ar\/p\/1039899775cda37e8113b504901c4fa0\/adjuntos\/298\/imagenes\/009\/356\/0009356133\/1200x0\/smart\/cornejo-gabinetejpeg.jpeg\" alt=\"Alfredo Cornejo en conferencia de prensa con Hebe Casado y funcionarias habl\u00f3 del conflicto con los judiciales.\" title=\"Alfredo Cornejo en conferencia de prensa con Hebe Casado y funcionarias habl\u00f3 del conflicto con los judiciales.\"\/><\/figure>\n\n\n\n<p>Alfredo Cornejo en conferencia de prensa con Hebe Casado y funcionarias habl\u00f3 del conflicto con los judiciales.<\/p>\n\n\n\n<p><strong>A esa misma hora, los aludidos analizaban la posibilidad de retomar el plan de lucha tras dar por fracasada la conciliaci\u00f3n obligatoria, que fue convocada luego de tres meses de paro y deriv\u00f3 en dos reuniones, los viernes 7 y 14 de junio.<\/strong><\/p>\n\n\n\n<p>El lunes ser\u00e1 clave para determinar los pasos a seguir, luego de asambleas en los edificios judiciales de toda la provincia. La clave es si finalmente se da por ca\u00edda la conciliaci\u00f3n y se establece o no la pr\u00f3rroga por 10 d\u00edas que prev\u00e9 el reglamento de la Subsecretar\u00eda de Trabajo.<\/p>\n\n\n\n<h2 class=\"wp-block-heading\">Del gobernador a los gremios judiciales: \u00abLo que no hay, no hay\u00bb<\/h2>\n\n\n\n<p>Cornejo manifest\u00f3 que no piensa apartarse de la pol\u00edtica salarial, basada en la ca\u00edda de la recaudaci\u00f3n y la inflaci\u00f3n y agreg\u00f3: \u00abNo podemos dar m\u00e1s salarios que la recaudaci\u00f3n que tenemos y \u00e9se es nuestro l\u00edmite. Lo que no hay, no hay\u00bb.<\/p>\n\n\n\n<p>Confirm\u00f3 que la semana pr\u00f3xima comenzar\u00e1 una nueva ronda de paritarias con todos los gremios estatales, incluso con los del Poder Judicial, citados para el mi\u00e9rcoles 26.<\/p>\n\n\n\n<p><strong>\u00abCon el gremio de los funcionarios no tengo quejas en particular pero s\u00ed con el de los empleados, que hicieron fracasar la conciliaci\u00f3n que ellos mismos hab\u00edan pedido a la Suprema Corte. Se fueron porque la reuni\u00f3n no se hizo en un auditorio para que entraran todos, entonces la dieron por fracasada\u00bb<\/strong><\/p>\n\n\n\n<p>A la luz de este hecho, dijo que que piensa \u00absi es un conflicto solo salarial porque p\u00e9rdida del salario han tenido todos los trabajadores\u00bb.<\/p>\n\n\n\n<p>En los pr\u00f3ximos meses, explic\u00f3, \u00abaspiramos a la recuperaci\u00f3n del orden macroecon\u00f3mico y a la baja de la inflaci\u00f3n, lo que favorecer\u00eda a todos los trabajadores, incluidos los judiciales\u00bb.<\/p>\n\n\n\n<p><strong>\u00abEl problema de la p\u00e9rdida del salario -agreg\u00f3- sucede en todas las actividades p\u00fablicas y fundamentalmente en las privadas; y muchos de esos trabajadores no pueden recuperarse porque son cuentapropistas o pymes o micropymes\u00bb<\/strong><\/p>\n","protected":false},"excerpt":{"rendered":"<p>El gobernador Alfredo Cornejo dijo que aspira a que en Mendoza haya una \u00abseguridad a la europea\u00bb. Todav\u00eda molesto por\u00a0los incidentes en el partido Godoy Cruz-San Lorenzo en el estadio Malvinas Argentinas,el gobernador\u00a0Alfredo Cornejo\u00a0calific\u00f3 textualmente como \u00abdelincuentes de mierda\u00bb a los v\u00e1ndalos que provocaron la suspensi\u00f3n del juego. El mandatario apel\u00f3 al ejemplo del \u00absubmundo<a class=\"read-more\" href=\"https:\/\/elfederalmendoza.com.ar\/index.php\/2024\/06\/20\/30-delincuentes-de-mierda-asi-califico-cornejo-a-los-hinchas-del-tomba-protagonistas-de-los-incidentes-en-el-estadio-malvinas-argentinas\/\"> [&hellip;]<\/a><\/p>\n","protected":false},"author":2,"featured_media":33210,"comment_status":"open","ping_status":"open","sticky":false,"template":"","format":"standard","meta":{"footnotes":""},"categories":[1],"tags":[],"class_list":["post-33208","post","type-post","status-publish","format-standard","has-post-thumbnail","hentry","category-mza"],"rttpg_featured_image_url":{"full":["https:\/\/elfederalmendoza.com.ar\/wp-content\/uploads\/2024\/06\/mierda.jpg",1431,824,false],"landscape":["https:\/\/elfederalmendoza.com.ar\/wp-content\/uploads\/2024\/06\/mierda.jpg",1431,824,false],"portraits":["https:\/\/elfederalmendoza.com.ar\/wp-content\/uploads\/2024\/06\/mierda.jpg",1431,824,false],"thumbnail":["https:\/\/elfederalmendoza.com.ar\/wp-content\/uploads\/2024\/06\/mierda-150x150.jpg",150,150,true],"medium":["https:\/\/elfederalmendoza.com.ar\/wp-content\/uploads\/2024\/06\/mierda-300x173.jpg",300,173,true],"large":["https:\/\/elfederalmendoza.com.ar\/wp-content\/uploads\/2024\/06\/mierda-1024x590.jpg",640,369,true],"1536x1536":["https:\/\/elfederalmendoza.com.ar\/wp-content\/uploads\/2024\/06\/mierda.jpg",1431,824,false],"2048x2048":["https:\/\/elfederalmendoza.com.ar\/wp-content\/uploads\/2024\/06\/mierda.jpg",1431,824,false],"ultp_layout_landscape_large":["https:\/\/elfederalmendoza.com.ar\/wp-content\/uploads\/2024\/06\/mierda-1200x800.jpg",1200,800,true],"ultp_layout_landscape":["https:\/\/elfederalmendoza.com.ar\/wp-content\/uploads\/2024\/06\/mierda-870x570.jpg",870,570,true],"ultp_layout_portrait":["https:\/\/elfederalmendoza.com.ar\/wp-content\/uploads\/2024\/06\/mierda-600x824.jpg",600,824,true],"ultp_layout_square":["https:\/\/elfederalmendoza.com.ar\/wp-content\/uploads\/2024\/06\/mierda-600x600.jpg",600,600,true],"rpwe-thumbnail":["https:\/\/elfederalmendoza.com.ar\/wp-content\/uploads\/2024\/06\/mierda-45x45.jpg",45,45,true],"advps-thumb-one":["https:\/\/elfederalmendoza.com.ar\/wp-content\/uploads\/2024\/06\/mierda-1200x420.jpg",1200,420,true]},"rttpg_author":{"display_name":"Redacci\u00f3n El Federal","author_link":"https:\/\/elfederalmendoza.com.ar\/index.php\/author\/angelflores\/"},"rttpg_comment":0,"rttpg_category":"<a href=\"https:\/\/elfederalmendoza.com.ar\/index.php\/category\/mza\/\" rel=\"category tag\">Mendoza<\/a>","rttpg_excerpt":"El gobernador Alfredo Cornejo dijo que aspira a que en Mendoza haya una \u00abseguridad a la europea\u00bb. Todav\u00eda molesto por\u00a0los incidentes en el partido Godoy Cruz-San Lorenzo en el estadio Malvinas Argentinas,el gobernador\u00a0Alfredo Cornejo\u00a0calific\u00f3 textualmente como \u00abdelincuentes de mierda\u00bb a los v\u00e1ndalos que provocaron la suspensi\u00f3n del juego. El mandatario apel\u00f3 al ejemplo del \u00absubmundo&hellip;","_links":{"self":[{"href":"https:\/\/elfederalmendoza.com.ar\/index.php\/wp-json\/wp\/v2\/posts\/33208","targetHints":{"allow":["GET"]}}],"collection":[{"href":"https:\/\/elfederalmendoza.com.ar\/index.php\/wp-json\/wp\/v2\/posts"}],"about":[{"href":"https:\/\/elfederalmendoza.com.ar\/index.php\/wp-json\/wp\/v2\/types\/post"}],"author":[{"embeddable":true,"href":"https:\/\/elfederalmendoza.com.ar\/index.php\/wp-json\/wp\/v2\/users\/2"}],"replies":[{"embeddable":true,"href":"https:\/\/elfederalmendoza.com.ar\/index.php\/wp-json\/wp\/v2\/comments?post=33208"}],"version-history":[{"count":1,"href":"https:\/\/elfederalmendoza.com.ar\/index.php\/wp-json\/wp\/v2\/posts\/33208\/revisions"}],"predecessor-version":[{"id":33211,"href":"https:\/\/elfederalmendoza.com.ar\/index.php\/wp-json\/wp\/v2\/posts\/33208\/revisions\/33211"}],"wp:featuredmedia":[{"embeddable":true,"href":"https:\/\/elfederalmendoza.com.ar\/index.php\/wp-json\/wp\/v2\/media\/33210"}],"wp:attachment":[{"href":"https:\/\/elfederalmendoza.com.ar\/index.php\/wp-json\/wp\/v2\/media?parent=33208"}],"wp:term":[{"taxonomy":"category","embeddable":true,"href":"https:\/\/elfederalmendoza.com.ar\/index.php\/wp-json\/wp\/v2\/categories?post=33208"},{"taxonomy":"post_tag","embeddable":true,"href":"https:\/\/elfederalmendoza.com.ar\/index.php\/wp-json\/wp\/v2\/tags?post=33208"}],"curies":[{"name":"wp","href":"https:\/\/api.w.org\/{rel}","templated":true}]}}