{"id":33213,"date":"2024-06-21T09:57:27","date_gmt":"2024-06-21T12:57:27","guid":{"rendered":"https:\/\/elfederalmendoza.com\/?p=33213"},"modified":"2024-06-21T09:57:31","modified_gmt":"2024-06-21T12:57:31","slug":"un-chico-de-14-anos-esta-grave-tras-ser-apunalado-por-un-excompanero-de-la-escuela-en-guaymallen","status":"publish","type":"post","link":"https:\/\/elfederalmendoza.com.ar\/index.php\/2024\/06\/21\/un-chico-de-14-anos-esta-grave-tras-ser-apunalado-por-un-excompanero-de-la-escuela-en-guaymallen\/","title":{"rendered":"Un chico de 14 a\u00f1os est\u00e1 grave tras ser apu\u00f1alado por un excompa\u00f1ero de la escuela en Guaymall\u00e9n"},"content":{"rendered":"\n<p>Sucedi\u00f3 este jueves en Guaymall\u00e9n. El adolescente fue apu\u00f1alado en el t\u00f3rax y lo tuvieron que operar de urgencia. El agresor escap\u00f3.<\/p>\n\n\n\n<p>Un menor de edad pelea por su vida en el Hospital Central, luego de ser\u00a0<strong>apu\u00f1alado<\/strong>\u00a0por un excompa\u00f1ero de colegio este jueves en la tarde en\u00a0<strong>Guaymall\u00e9n.\u00a0<\/strong><\/p>\n\n\n\n<p>El hecho ocurri\u00f3 pasadas las 19 en inmediaciones de las calles\u00a0Maestros Mendocinos y Presidente Bartolom\u00e9 Mitre, cuando la v\u00edctima, de 14 a\u00f1os, caminaba hacia una plaza con sus amigos.\u00a0<\/p>\n\n\n\n<p>En esas circunstancias se cruz\u00f3 con un excompa\u00f1ero de escuela con quien tendr\u00eda problemas desde antes, y empezaron a discutir. El cruce de palabras termin\u00f3 con el adolescente herido de arma blanca en el t\u00f3rax y el agresor escapando.&nbsp;<\/p>\n\n\n\n<p>El chico lesionado fue trasladado al mencionado nosocomio, en donde le diagnosticaron que la\u00a0<strong>pu\u00f1alada<\/strong>\u00a0le afect\u00f3\u00a0el dorsal izquierdo y le provoc\u00f3 un neumot\u00f3rax. Con este cuadro fue operado de urgencia y permanece muy delicado.\u00a0<\/p>\n\n\n\n<p>Mientras, en la Oficina Fiscal 8 de\u00a0<strong>Guaymall\u00e9n\u00a0<\/strong>se iniciaron las actuaciones del caso, que ser\u00e1n derivadas a la Justicia de Menores ya que el acusado ser\u00eda de la misma edad que la v\u00edctima.\u00a0<\/p>\n","protected":false},"excerpt":{"rendered":"<p>Sucedi\u00f3 este jueves en Guaymall\u00e9n. El adolescente fue apu\u00f1alado en el t\u00f3rax y lo tuvieron que operar de urgencia. El agresor escap\u00f3. Un menor de edad pelea por su vida en el Hospital Central, luego de ser\u00a0apu\u00f1alado\u00a0por un excompa\u00f1ero de colegio este jueves en la tarde en\u00a0Guaymall\u00e9n.\u00a0 El hecho ocurri\u00f3 pasadas las 19 en inmediaciones<a class=\"read-more\" href=\"https:\/\/elfederalmendoza.com.ar\/index.php\/2024\/06\/21\/un-chico-de-14-anos-esta-grave-tras-ser-apunalado-por-un-excompanero-de-la-escuela-en-guaymallen\/\"> [&hellip;]<\/a><\/p>\n","protected":false},"author":2,"featured_media":22763,"comment_status":"open","ping_status":"open","sticky":false,"template":"","format":"standard","meta":{"footnotes":""},"categories":[1],"tags":[],"class_list":["post-33213","post","type-post","status-publish","format-standard","has-post-thumbnail","hentry","category-mza"],"rttpg_featured_image_url":{"full":["https:\/\/elfederalmendoza.com.ar\/wp-content\/uploads\/2023\/05\/policia-mendoza6.jpg",882,556,false],"landscape":["https:\/\/elfederalmendoza.com.ar\/wp-content\/uploads\/2023\/05\/policia-mendoza6.jpg",882,556,false],"portraits":["https:\/\/elfederalmendoza.com.ar\/wp-content\/uploads\/2023\/05\/policia-mendoza6.jpg",882,556,false],"thumbnail":["https:\/\/elfederalmendoza.com.ar\/wp-content\/uploads\/2023\/05\/policia-mendoza6-150x150.jpg",150,150,true],"medium":["https:\/\/elfederalmendoza.com.ar\/wp-content\/uploads\/2023\/05\/policia-mendoza6-300x189.jpg",300,189,true],"large":["https:\/\/elfederalmendoza.com.ar\/wp-content\/uploads\/2023\/05\/policia-mendoza6.jpg",640,403,false],"1536x1536":["https:\/\/elfederalmendoza.com.ar\/wp-content\/uploads\/2023\/05\/policia-mendoza6.jpg",882,556,false],"2048x2048":["https:\/\/elfederalmendoza.com.ar\/wp-content\/uploads\/2023\/05\/policia-mendoza6.jpg",882,556,false],"ultp_layout_landscape_large":["https:\/\/elfederalmendoza.com.ar\/wp-content\/uploads\/2023\/05\/policia-mendoza6.jpg",882,556,false],"ultp_layout_landscape":["https:\/\/elfederalmendoza.com.ar\/wp-content\/uploads\/2023\/05\/policia-mendoza6-870x556.jpg",870,556,true],"ultp_layout_portrait":["https:\/\/elfederalmendoza.com.ar\/wp-content\/uploads\/2023\/05\/policia-mendoza6-600x556.jpg",600,556,true],"ultp_layout_square":["https:\/\/elfederalmendoza.com.ar\/wp-content\/uploads\/2023\/05\/policia-mendoza6-600x556.jpg",600,556,true],"rpwe-thumbnail":["https:\/\/elfederalmendoza.com.ar\/wp-content\/uploads\/2023\/05\/policia-mendoza6-45x45.jpg",45,45,true],"advps-thumb-one":["https:\/\/elfederalmendoza.com.ar\/wp-content\/uploads\/2023\/05\/policia-mendoza6-882x420.jpg",882,420,true]},"rttpg_author":{"display_name":"Redacci\u00f3n El Federal","author_link":"https:\/\/elfederalmendoza.com.ar\/index.php\/author\/angelflores\/"},"rttpg_comment":0,"rttpg_category":"<a href=\"https:\/\/elfederalmendoza.com.ar\/index.php\/category\/mza\/\" rel=\"category tag\">Mendoza<\/a>","rttpg_excerpt":"Sucedi\u00f3 este jueves en Guaymall\u00e9n. El adolescente fue apu\u00f1alado en el t\u00f3rax y lo tuvieron que operar de urgencia. El agresor escap\u00f3. Un menor de edad pelea por su vida en el Hospital Central, luego de ser\u00a0apu\u00f1alado\u00a0por un excompa\u00f1ero de colegio este jueves en la tarde en\u00a0Guaymall\u00e9n.\u00a0 El hecho ocurri\u00f3 pasadas las 19 en inmediaciones&hellip;","_links":{"self":[{"href":"https:\/\/elfederalmendoza.com.ar\/index.php\/wp-json\/wp\/v2\/posts\/33213","targetHints":{"allow":["GET"]}}],"collection":[{"href":"https:\/\/elfederalmendoza.com.ar\/index.php\/wp-json\/wp\/v2\/posts"}],"about":[{"href":"https:\/\/elfederalmendoza.com.ar\/index.php\/wp-json\/wp\/v2\/types\/post"}],"author":[{"embeddable":true,"href":"https:\/\/elfederalmendoza.com.ar\/index.php\/wp-json\/wp\/v2\/users\/2"}],"replies":[{"embeddable":true,"href":"https:\/\/elfederalmendoza.com.ar\/index.php\/wp-json\/wp\/v2\/comments?post=33213"}],"version-history":[{"count":1,"href":"https:\/\/elfederalmendoza.com.ar\/index.php\/wp-json\/wp\/v2\/posts\/33213\/revisions"}],"predecessor-version":[{"id":33214,"href":"https:\/\/elfederalmendoza.com.ar\/index.php\/wp-json\/wp\/v2\/posts\/33213\/revisions\/33214"}],"wp:featuredmedia":[{"embeddable":true,"href":"https:\/\/elfederalmendoza.com.ar\/index.php\/wp-json\/wp\/v2\/media\/22763"}],"wp:attachment":[{"href":"https:\/\/elfederalmendoza.com.ar\/index.php\/wp-json\/wp\/v2\/media?parent=33213"}],"wp:term":[{"taxonomy":"category","embeddable":true,"href":"https:\/\/elfederalmendoza.com.ar\/index.php\/wp-json\/wp\/v2\/categories?post=33213"},{"taxonomy":"post_tag","embeddable":true,"href":"https:\/\/elfederalmendoza.com.ar\/index.php\/wp-json\/wp\/v2\/tags?post=33213"}],"curies":[{"name":"wp","href":"https:\/\/api.w.org\/{rel}","templated":true}]}}