{"id":33216,"date":"2024-06-21T12:17:49","date_gmt":"2024-06-21T15:17:49","guid":{"rendered":"https:\/\/elfederalmendoza.com\/?p=33216"},"modified":"2024-06-21T12:17:50","modified_gmt":"2024-06-21T15:17:50","slug":"video-las-camaras-de-la-transmicion-del-partido-de-argentina-vs-canada-capto-a-un-senador-ultra-k-y-milei-lo-fulmino","status":"publish","type":"post","link":"https:\/\/elfederalmendoza.com.ar\/index.php\/2024\/06\/21\/video-las-camaras-de-la-transmicion-del-partido-de-argentina-vs-canada-capto-a-un-senador-ultra-k-y-milei-lo-fulmino\/","title":{"rendered":"-VIDEO- Las c\u00e1maras de la transmici\u00f3n del partido de Argentina vs. Canad\u00e1 capt\u00f3 a un senador ultra K y Milei lo fulmin\u00f3"},"content":{"rendered":"\n<p>El senador kirchnerista <strong>Emilio Neder<\/strong> fue grabado por las c\u00e1maras de la transmisi\u00f3n de la Copa Am\u00e9rica y Javier Milei lo cruz\u00f3 por redes sociales con una fuerte reacci\u00f3n.<\/p>\n\n\n\n<p>Un\u00a0<strong>senador nacional ultra kirchnerista<\/strong>\u00a0por\u00a0Santiago del Estero fue el protagonista de las cr\u00edticas en las redes sociales tras la vicotria de la\u00a0Selecci\u00f3n Argentina\u00a0frente a\u00a0<strong>Canad\u00e1 por 2 a 0<\/strong>. El legislador\u00a0<strong>Jos\u00e9 Emilio Neder<\/strong>\u00a0viaj\u00f3 a Atlanta,\u00a0Estados Unidos, para el debut de \u201c<strong>La Scaloneta<\/strong>\u201d en la\u00a0<strong>Copa Am\u00e9rica<\/strong>.Uno por uno, los expresidentes argentinos que Javier Milei invit\u00f3 a firmar el\u00a0Pacto\u00a0de\u00a0Mayo<\/p>\n\n\n\n<p>El\u00a0<strong>puntapi\u00e9 inicial de las cr\u00edticas fue su decisi\u00f3n de votar en contra de la\u00a0<\/strong><em><strong>Ley de Bases<\/strong>\u00a0y Puntos de Partida para La Libertad de los Argentinos<\/em>, proyecto impulsado por el presidente de la Naci\u00f3n,\u00a0<strong>Javier Milei<\/strong>.<\/p>\n\n\n\n<blockquote class=\"twitter-tweet\"><p lang=\"es\" dir=\"ltr\">El senador kirchnerista Jos\u00e9 Emilio Neder, despu\u00e9s de votar para subirse el sueldo a 8 millones y votar en contra de la Ley Bases se fue a Estados Unidos a ver la Copa America. <br><br>Casta en su m\u00e1xima expresi\u00f3n. <br><br> <a href=\"https:\/\/t.co\/YDwe0HXv4U\">pic.twitter.com\/YDwe0HXv4U<\/a><\/p>&mdash; El Trumpista (@ElTrumpista) <a href=\"https:\/\/twitter.com\/ElTrumpista\/status\/1803979543775998359?ref_src=twsrc%5Etfw\">June 21, 2024<\/a><\/blockquote> <script async src=\"https:\/\/platform.twitter.com\/widgets.js\" charset=\"utf-8\"><\/script>\n\n\n\n<h2 class=\"wp-block-heading\">Las reacciones de Javier Milei<\/h2>\n\n\n\n<p>\u201c<strong>El senador kirchnerista Jos\u00e9 Emilio Neder, despu\u00e9s de votar para subirse el sueldo a 8 millones y votar en contra de la Ley Bases se fue a Estados Unidos a ver la Copa America<\/strong>\u201d, descubri\u00f3 el usuario El Trumpista al ver una repetici\u00f3n de las c\u00e1maras de la transmisi\u00f3n del torneo continental.<\/p>\n\n\n\n<p>Javier Milei reposte\u00f3 el mensaje final del reconocido usuario oficialista: \u201c<strong>Casta en su m\u00e1xima expresi\u00f3n<\/strong>\u201d. Luego, otro comentario escrito por un ferviente seguidor del jefe de Estado sum\u00f3: \u201cLa doble vara y la hipocres\u00eda K\u201d.<\/p>\n\n\n\n<p>\u201cEl senador kirchnerista Jos\u00e9 Emilio Neder que vot\u00f3 en contra de la Ley Bases y critica al actual gobierno por su alineaci\u00f3n a favor de los Estados Unidos, se fue a EE.UU.&nbsp;<strong>a ver la Copa Am\u00e9rica con su sueldo de 8 millones de pesos<\/strong>\u201d, critic\u00f3 el mensaje reposteado por Milei<\/p>\n","protected":false},"excerpt":{"rendered":"<p>El senador kirchnerista Emilio Neder fue grabado por las c\u00e1maras de la transmisi\u00f3n de la Copa Am\u00e9rica y Javier Milei lo cruz\u00f3 por redes sociales con una fuerte reacci\u00f3n. Un\u00a0senador nacional ultra kirchnerista\u00a0por\u00a0Santiago del Estero fue el protagonista de las cr\u00edticas en las redes sociales tras la vicotria de la\u00a0Selecci\u00f3n Argentina\u00a0frente a\u00a0Canad\u00e1 por 2 a<a class=\"read-more\" href=\"https:\/\/elfederalmendoza.com.ar\/index.php\/2024\/06\/21\/video-las-camaras-de-la-transmicion-del-partido-de-argentina-vs-canada-capto-a-un-senador-ultra-k-y-milei-lo-fulmino\/\"> [&hellip;]<\/a><\/p>\n","protected":false},"author":2,"featured_media":33218,"comment_status":"open","ping_status":"open","sticky":false,"template":"","format":"standard","meta":{"footnotes":""},"categories":[5618],"tags":[],"class_list":["post-33216","post","type-post","status-publish","format-standard","has-post-thumbnail","hentry","category-arg"],"rttpg_featured_image_url":{"full":["https:\/\/elfederalmendoza.com.ar\/wp-content\/uploads\/2024\/06\/senador-atlanta1.jpg",1387,628,false],"landscape":["https:\/\/elfederalmendoza.com.ar\/wp-content\/uploads\/2024\/06\/senador-atlanta1.jpg",1387,628,false],"portraits":["https:\/\/elfederalmendoza.com.ar\/wp-content\/uploads\/2024\/06\/senador-atlanta1.jpg",1387,628,false],"thumbnail":["https:\/\/elfederalmendoza.com.ar\/wp-content\/uploads\/2024\/06\/senador-atlanta1-150x150.jpg",150,150,true],"medium":["https:\/\/elfederalmendoza.com.ar\/wp-content\/uploads\/2024\/06\/senador-atlanta1-300x136.jpg",300,136,true],"large":["https:\/\/elfederalmendoza.com.ar\/wp-content\/uploads\/2024\/06\/senador-atlanta1-1024x464.jpg",640,290,true],"1536x1536":["https:\/\/elfederalmendoza.com.ar\/wp-content\/uploads\/2024\/06\/senador-atlanta1.jpg",1387,628,false],"2048x2048":["https:\/\/elfederalmendoza.com.ar\/wp-content\/uploads\/2024\/06\/senador-atlanta1.jpg",1387,628,false],"ultp_layout_landscape_large":["https:\/\/elfederalmendoza.com.ar\/wp-content\/uploads\/2024\/06\/senador-atlanta1-1200x628.jpg",1200,628,true],"ultp_layout_landscape":["https:\/\/elfederalmendoza.com.ar\/wp-content\/uploads\/2024\/06\/senador-atlanta1-870x570.jpg",870,570,true],"ultp_layout_portrait":["https:\/\/elfederalmendoza.com.ar\/wp-content\/uploads\/2024\/06\/senador-atlanta1-600x628.jpg",600,628,true],"ultp_layout_square":["https:\/\/elfederalmendoza.com.ar\/wp-content\/uploads\/2024\/06\/senador-atlanta1-600x600.jpg",600,600,true],"rpwe-thumbnail":["https:\/\/elfederalmendoza.com.ar\/wp-content\/uploads\/2024\/06\/senador-atlanta1-45x45.jpg",45,45,true],"advps-thumb-one":["https:\/\/elfederalmendoza.com.ar\/wp-content\/uploads\/2024\/06\/senador-atlanta1-1200x420.jpg",1200,420,true]},"rttpg_author":{"display_name":"Redacci\u00f3n El Federal","author_link":"https:\/\/elfederalmendoza.com.ar\/index.php\/author\/angelflores\/"},"rttpg_comment":0,"rttpg_category":"<a href=\"https:\/\/elfederalmendoza.com.ar\/index.php\/category\/arg\/\" rel=\"category tag\">Argentina<\/a>","rttpg_excerpt":"El senador kirchnerista Emilio Neder fue grabado por las c\u00e1maras de la transmisi\u00f3n de la Copa Am\u00e9rica y Javier Milei lo cruz\u00f3 por redes sociales con una fuerte reacci\u00f3n. Un\u00a0senador nacional ultra kirchnerista\u00a0por\u00a0Santiago del Estero fue el protagonista de las cr\u00edticas en las redes sociales tras la vicotria de la\u00a0Selecci\u00f3n Argentina\u00a0frente a\u00a0Canad\u00e1 por 2 a&hellip;","_links":{"self":[{"href":"https:\/\/elfederalmendoza.com.ar\/index.php\/wp-json\/wp\/v2\/posts\/33216","targetHints":{"allow":["GET"]}}],"collection":[{"href":"https:\/\/elfederalmendoza.com.ar\/index.php\/wp-json\/wp\/v2\/posts"}],"about":[{"href":"https:\/\/elfederalmendoza.com.ar\/index.php\/wp-json\/wp\/v2\/types\/post"}],"author":[{"embeddable":true,"href":"https:\/\/elfederalmendoza.com.ar\/index.php\/wp-json\/wp\/v2\/users\/2"}],"replies":[{"embeddable":true,"href":"https:\/\/elfederalmendoza.com.ar\/index.php\/wp-json\/wp\/v2\/comments?post=33216"}],"version-history":[{"count":2,"href":"https:\/\/elfederalmendoza.com.ar\/index.php\/wp-json\/wp\/v2\/posts\/33216\/revisions"}],"predecessor-version":[{"id":33220,"href":"https:\/\/elfederalmendoza.com.ar\/index.php\/wp-json\/wp\/v2\/posts\/33216\/revisions\/33220"}],"wp:featuredmedia":[{"embeddable":true,"href":"https:\/\/elfederalmendoza.com.ar\/index.php\/wp-json\/wp\/v2\/media\/33218"}],"wp:attachment":[{"href":"https:\/\/elfederalmendoza.com.ar\/index.php\/wp-json\/wp\/v2\/media?parent=33216"}],"wp:term":[{"taxonomy":"category","embeddable":true,"href":"https:\/\/elfederalmendoza.com.ar\/index.php\/wp-json\/wp\/v2\/categories?post=33216"},{"taxonomy":"post_tag","embeddable":true,"href":"https:\/\/elfederalmendoza.com.ar\/index.php\/wp-json\/wp\/v2\/tags?post=33216"}],"curies":[{"name":"wp","href":"https:\/\/api.w.org\/{rel}","templated":true}]}}