{"id":33249,"date":"2024-06-28T10:17:02","date_gmt":"2024-06-28T13:17:02","guid":{"rendered":"https:\/\/elfederalmendoza.com\/?p=33249"},"modified":"2024-06-28T10:17:03","modified_gmt":"2024-06-28T13:17:03","slug":"las-heras-tierra-de-nadie-delincuentes-le-robaron-el-auto-a-un-chofer-de-cabify-y-a-un-delivery-su-moto","status":"publish","type":"post","link":"https:\/\/elfederalmendoza.com.ar\/index.php\/2024\/06\/28\/las-heras-tierra-de-nadie-delincuentes-le-robaron-el-auto-a-un-chofer-de-cabify-y-a-un-delivery-su-moto\/","title":{"rendered":"Las Heras tierra de nadie: delincuentes le robaron el auto a un chofer de Cabify y a un delivery su moto"},"content":{"rendered":"\n<p>Un\u00a0<strong>chofer de Cabify sufri\u00f3 un violento asalto\u00a0<\/strong>durante el traslado de un pasajero, en donde<strong>\u00a0result\u00f3 lesionado con un cuchillo.\u00a0<\/strong>El episodio de inseguridad ocurri\u00f3 este jueves a las 21.09 horas en el<strong>\u00a0barrio 12 de Junio Norte de Las Heras.<\/strong><\/p>\n\n\n\n<p>All\u00ed,&nbsp;<strong>Mat\u00edas Ezequiel Olivera Oviedo,&nbsp;<\/strong>con domicilio en el barrio Infanta, llev\u00f3 a quien aparentemente era un cliente. Pero no. Durante el viaje, el sujeto demostr\u00f3 sus verdaderas intenciones,&nbsp;<strong>sac\u00f3 un cuchillo y amenaz\u00f3 de muerte al remisero.&nbsp;<\/strong>El conductor intent\u00f3 resistirse pero fue atacado, y&nbsp;<strong>sufri\u00f3 varios cortes en sus piernas y brazos.<\/strong><\/p>\n\n\n\n<p>Tras esta situaci\u00f3n, el malviviente oblig\u00f3 a su v\u00edctima, de<strong>\u00a036 a\u00f1os,<\/strong>\u00a0a bajar del veh\u00edculo, y se fug\u00f3, descartando el arma blanca en el camino. El auto era un<strong>\u00a0Fiat Cronos color negro.\u00a0\u00a0<\/strong><\/p>\n\n\n\n<figure class=\"wp-block-image is-resized\"><img decoding=\"async\" src=\"https:\/\/www.mendozapost.com\/files\/image\/579\/579591\/667ea59cebe71_570_424!.jpg?s=467d92c9b7e5268c96ec49ddfcee1d46&amp;d=1719575968\" alt=\"\" style=\"width:840px;height:auto\"\/><figcaption class=\"wp-element-caption\">El auto robado. Foto: Pablo Gamba.<\/figcaption><\/figure>\n\n\n\n<p>El chofer logr\u00f3 llegar por sus propios medios al Hospital Lagomaggiore, donde fue asistido y diagnosticado con heridas cortantes en el miembro inferior izquierdo y miembro superior izquierdo. Fue curado y dado de alta, fuera de peligro.<\/p>\n\n\n\n<h2 class=\"wp-block-heading\"><strong>Un delivery iba a entregar un pedido en Las Heras y le robaron todo<\/strong><\/h2>\n\n\n\n<p>Un hombre de 27 a\u00f1os que trabaja entregando pedidos fue\u00a0<strong>asaltado<\/strong>\u00a0violentamente este mi\u00e9rcoles por la noche en\u00a0<strong>Las Heras<\/strong>. El\u00a0<strong>delivery<\/strong>\u00a0fue interceptado por dos sujetos que lo amenazaron y le quitaron todas las pertenencias que llevaba encima.<\/p>\n\n\n\n<p>La Polic\u00eda inform\u00f3 que el&nbsp;<strong>delivery<\/strong>, que se desempe\u00f1a en Pedidos Ya, estaba yendo a entregar un pedido cuando dos hombres lo sorprendieron. Intimid\u00e1ndolo, le robaron la moto Honda 150 cc, un casco y un tel\u00e9fono celular.<\/p>\n\n\n\n<figure class=\"wp-block-image is-resized\"><img decoding=\"async\" src=\"https:\/\/www.mendozapost.com\/files\/image\/522\/522641\/65356f772a474_570_327!.jpg?s=5e3e031721dbbad681ceb3b1c2d27da4&amp;d=1715015715\" alt=\"\" style=\"width:840px;height:auto\"\/><\/figure>\n\n\n\n<p>El hecho ocurri\u00f3 a las 21.10 en la intersecci\u00f3n de las calles Pascual Segura y Las Madreselvas. La v\u00edctima, un sujeto de iniciales O. S., tiene 27 a\u00f1os.<\/p>\n","protected":false},"excerpt":{"rendered":"<p>Un\u00a0chofer de Cabify sufri\u00f3 un violento asalto\u00a0durante el traslado de un pasajero, en donde\u00a0result\u00f3 lesionado con un cuchillo.\u00a0El episodio de inseguridad ocurri\u00f3 este jueves a las 21.09 horas en el\u00a0barrio 12 de Junio Norte de Las Heras. All\u00ed,&nbsp;Mat\u00edas Ezequiel Olivera Oviedo,&nbsp;con domicilio en el barrio Infanta, llev\u00f3 a quien aparentemente era un cliente. Pero no.<a class=\"read-more\" href=\"https:\/\/elfederalmendoza.com.ar\/index.php\/2024\/06\/28\/las-heras-tierra-de-nadie-delincuentes-le-robaron-el-auto-a-un-chofer-de-cabify-y-a-un-delivery-su-moto\/\"> [&hellip;]<\/a><\/p>\n","protected":false},"author":2,"featured_media":33251,"comment_status":"open","ping_status":"open","sticky":false,"template":"","format":"standard","meta":{"footnotes":""},"categories":[1],"tags":[],"class_list":["post-33249","post","type-post","status-publish","format-standard","has-post-thumbnail","hentry","category-mza"],"rttpg_featured_image_url":{"full":["https:\/\/elfederalmendoza.com.ar\/wp-content\/uploads\/2024\/06\/cabi2.jpg",1124,713,false],"landscape":["https:\/\/elfederalmendoza.com.ar\/wp-content\/uploads\/2024\/06\/cabi2.jpg",1124,713,false],"portraits":["https:\/\/elfederalmendoza.com.ar\/wp-content\/uploads\/2024\/06\/cabi2.jpg",1124,713,false],"thumbnail":["https:\/\/elfederalmendoza.com.ar\/wp-content\/uploads\/2024\/06\/cabi2-150x150.jpg",150,150,true],"medium":["https:\/\/elfederalmendoza.com.ar\/wp-content\/uploads\/2024\/06\/cabi2-300x190.jpg",300,190,true],"large":["https:\/\/elfederalmendoza.com.ar\/wp-content\/uploads\/2024\/06\/cabi2-1024x650.jpg",640,406,true],"1536x1536":["https:\/\/elfederalmendoza.com.ar\/wp-content\/uploads\/2024\/06\/cabi2.jpg",1124,713,false],"2048x2048":["https:\/\/elfederalmendoza.com.ar\/wp-content\/uploads\/2024\/06\/cabi2.jpg",1124,713,false],"ultp_layout_landscape_large":["https:\/\/elfederalmendoza.com.ar\/wp-content\/uploads\/2024\/06\/cabi2.jpg",1124,713,false],"ultp_layout_landscape":["https:\/\/elfederalmendoza.com.ar\/wp-content\/uploads\/2024\/06\/cabi2-870x570.jpg",870,570,true],"ultp_layout_portrait":["https:\/\/elfederalmendoza.com.ar\/wp-content\/uploads\/2024\/06\/cabi2-600x713.jpg",600,713,true],"ultp_layout_square":["https:\/\/elfederalmendoza.com.ar\/wp-content\/uploads\/2024\/06\/cabi2-600x600.jpg",600,600,true],"rpwe-thumbnail":["https:\/\/elfederalmendoza.com.ar\/wp-content\/uploads\/2024\/06\/cabi2-45x45.jpg",45,45,true],"advps-thumb-one":["https:\/\/elfederalmendoza.com.ar\/wp-content\/uploads\/2024\/06\/cabi2-1124x420.jpg",1124,420,true]},"rttpg_author":{"display_name":"Redacci\u00f3n El Federal","author_link":"https:\/\/elfederalmendoza.com.ar\/index.php\/author\/angelflores\/"},"rttpg_comment":0,"rttpg_category":"<a href=\"https:\/\/elfederalmendoza.com.ar\/index.php\/category\/mza\/\" rel=\"category tag\">Mendoza<\/a>","rttpg_excerpt":"Un\u00a0chofer de Cabify sufri\u00f3 un violento asalto\u00a0durante el traslado de un pasajero, en donde\u00a0result\u00f3 lesionado con un cuchillo.\u00a0El episodio de inseguridad ocurri\u00f3 este jueves a las 21.09 horas en el\u00a0barrio 12 de Junio Norte de Las Heras. All\u00ed,&nbsp;Mat\u00edas Ezequiel Olivera Oviedo,&nbsp;con domicilio en el barrio Infanta, llev\u00f3 a quien aparentemente era un cliente. Pero no.&hellip;","_links":{"self":[{"href":"https:\/\/elfederalmendoza.com.ar\/index.php\/wp-json\/wp\/v2\/posts\/33249","targetHints":{"allow":["GET"]}}],"collection":[{"href":"https:\/\/elfederalmendoza.com.ar\/index.php\/wp-json\/wp\/v2\/posts"}],"about":[{"href":"https:\/\/elfederalmendoza.com.ar\/index.php\/wp-json\/wp\/v2\/types\/post"}],"author":[{"embeddable":true,"href":"https:\/\/elfederalmendoza.com.ar\/index.php\/wp-json\/wp\/v2\/users\/2"}],"replies":[{"embeddable":true,"href":"https:\/\/elfederalmendoza.com.ar\/index.php\/wp-json\/wp\/v2\/comments?post=33249"}],"version-history":[{"count":1,"href":"https:\/\/elfederalmendoza.com.ar\/index.php\/wp-json\/wp\/v2\/posts\/33249\/revisions"}],"predecessor-version":[{"id":33252,"href":"https:\/\/elfederalmendoza.com.ar\/index.php\/wp-json\/wp\/v2\/posts\/33249\/revisions\/33252"}],"wp:featuredmedia":[{"embeddable":true,"href":"https:\/\/elfederalmendoza.com.ar\/index.php\/wp-json\/wp\/v2\/media\/33251"}],"wp:attachment":[{"href":"https:\/\/elfederalmendoza.com.ar\/index.php\/wp-json\/wp\/v2\/media?parent=33249"}],"wp:term":[{"taxonomy":"category","embeddable":true,"href":"https:\/\/elfederalmendoza.com.ar\/index.php\/wp-json\/wp\/v2\/categories?post=33249"},{"taxonomy":"post_tag","embeddable":true,"href":"https:\/\/elfederalmendoza.com.ar\/index.php\/wp-json\/wp\/v2\/tags?post=33249"}],"curies":[{"name":"wp","href":"https:\/\/api.w.org\/{rel}","templated":true}]}}