{"id":33267,"date":"2024-06-29T12:40:39","date_gmt":"2024-06-29T15:40:39","guid":{"rendered":"https:\/\/elfederalmendoza.com\/?p=33267"},"modified":"2024-06-29T12:52:53","modified_gmt":"2024-06-29T15:52:53","slug":"giro-en-la-causa-loan-la-tia-se-quebro-y-confeso-que-el-nino-esta-muerto-y-que-lo-habrian-atropellado","status":"publish","type":"post","link":"https:\/\/elfederalmendoza.com.ar\/index.php\/2024\/06\/29\/giro-en-la-causa-loan-la-tia-se-quebro-y-confeso-que-el-nino-esta-muerto-y-que-lo-habrian-atropellado\/","title":{"rendered":"Giro en la causa Loan: la t\u00eda se quebr\u00f3 y confes\u00f3 que el ni\u00f1o est\u00e1 muerto y que lo habr\u00edan atropellado"},"content":{"rendered":"\n<p>Fuentes de la investigaci\u00f3n confirmaron a Infobae que <strong>Laudelina Pe\u00f1a<\/strong> admiti\u00f3 ante la Justicia que el menor muri\u00f3. El periodista Nicol\u00e1s Wi\u00f1azki asegur\u00f3 en Radio Mitre que la mujer habr\u00eda declarado que ayud\u00f3 a encubrir el accidente, provocado por el capit\u00e1n de nav\u00edo (RE) Carlos P\u00e9rez.<\/p>\n\n\n\n<p>La desaparici\u00f3n de&nbsp;Loan Danilo Pe\u00f1a&nbsp;en Corrientes dio un giro inesperado este s\u00e1bado: fuentes de la investigaci\u00f3n confirmaron a&nbsp;<em>Infobae<\/em>&nbsp;que \u201c<strong>Laudelina Pe\u00f1a se quebr\u00f3 y dijo que Loan est\u00e1 muerto<\/strong>\u201d, aunque no dieron precisiones de los detalles en los que se habr\u00eda dado su fallecimiento ni d\u00f3nde y c\u00f3mo ocurri\u00f3. La mujer hizo la confesi\u00f3n ante el fiscal Gustavo Alejandro Robineau.<a href=\"https:\/\/www.infobae.com\/sociedad\/2024\/06\/29\/mas-de-la-mitad-del-pais-esta-bajo-alerta-por-frio-extremo-y-cayo-nieve-en-algunos-puntos-de-buenos-aires\/\" target=\"_blank\" rel=\"noreferrer noopener\"><\/a><\/p>\n\n\n\n<p>En ese marco, el periodista\u00a0<em>Nicol\u00e1s Wi\u00f1azky<\/em>\u00a0afirm\u00f3 en<em>\u00a0Radio Mitre\u00a0<\/em>que la mujer habr\u00eda declarado que<strong>\u00a0el ni\u00f1o muri\u00f3 atropellado accidentalmente por el capit\u00e1n de nav\u00edo (RE) Carlos P\u00e9rez<\/strong>, y que ella ayud\u00f3 a encubrir el hecho.<\/p>\n\n\n\n<p><strong>Ella habr\u00eda visto el accidente<\/strong>\u00a0y le habr\u00eda dicho al matrimonio detenido\u00a0<strong>Mar\u00eda Victoria Caillava y Carlos P\u00e9rez que lo llevaran al hospital, pero le advirtieron que \u201cno diga nada\u201d.<\/strong><\/p>\n\n\n\n<p>\u201cVa a haber un desenlace pronto en el caso Loan por impulso del gobernador de Corrientes, Gustavo Vald\u00e9s, y la ministra de Seguridad, Patricia Bullrich. Se logr\u00f3 que ayer a la noche en secreto declare Laudelina Pe\u00f1a, la hermana de Jos\u00e9 Pe\u00f1a, la t\u00eda de Loan, y lo que habr\u00eda contado es que el ni\u00f1o&nbsp;<strong>muri\u00f3 en un accidente con un veh\u00edculo<\/strong>&nbsp;que manejaba el ex capit\u00e1n de nav\u00edo Carlos P\u00e9rez y su mujer, y que asustados le pidieron ayuda a ella\u201d, afirm\u00f3 el periodista.<a href=\"https:\/\/www.infobae.com\/sociedad\/2024\/06\/29\/la-familia-del-jubilado-desaparecido-en-entre-rios-apunto-contra-el-dueno-del-campo-donde-pidio-ayuda-toco-la-puerta-equivocada\/\" target=\"_blank\" rel=\"noreferrer noopener\"><\/a><\/p>\n\n\n\n<p>En este sentido, detall\u00f3: \u201cElla, por una cuesti\u00f3n de subordinaci\u00f3n que tiene que ver con la idiosincrasia del lugar, junto con el comisario Maciel, ayudaron a tapar lo que en principio ser\u00eda un homicidio culposo y que ahora se habr\u00eda transformado en un delito con una pena mucho mayor\u201d.<\/p>\n\n\n\n<p>Minutos m\u00e1s tarde, el mandatario provincial adelant\u00f3 en su cuenta de X que se hab\u00eda dado un paso importante en la resoluci\u00f3n del caso Loan y, en una segunda publicaci\u00f3n, se refiri\u00f3 a la declaraci\u00f3n brindada por la t\u00eda del menor en las \u00faltimas horas.<a href=\"https:\/\/www.infobae.com\/sociedad\/2024\/06\/29\/el-pueblo-con-una-hermosa-laguna-y-costanera-a-menos-de-1-hora-y-media-de-caba-para-conocer-el-fin-de-semana\/\" target=\"_blank\" rel=\"noreferrer noopener\"><\/a><\/p>\n\n\n\n<figure class=\"wp-block-image\"><img decoding=\"async\" src=\"https:\/\/www.infobae.com\/new-resizer\/kQCuZo2_-pyv8V2xMzZdH9N5Ufs=\/arc-anglerfish-arc2-prod-infobae\/public\/5DJC7QMD75H2LFBDEDOJIFWDDY.jpg\" alt=\"infobae\"\/><\/figure>\n\n\n\n<p>\u201cLaudelina declar\u00f3 tanto ante la Fiscal\u00eda General como ante la Fiscal\u00eda Provincial de Corrientes, y habr\u00eda narrado c\u00f3mo fueron los hechos del Caso Loan. Todo lo actuado est\u00e1 remiti\u00e9ndose ante la Justicia Federal para que proceda conforme a derecho\u201d, poste\u00f3 sin dar m\u00e1s precisiones al respecto.<\/p>\n\n\n\n<p>Noticia en desarrollo<\/p>\n","protected":false},"excerpt":{"rendered":"<p>Fuentes de la investigaci\u00f3n confirmaron a Infobae que Laudelina Pe\u00f1a admiti\u00f3 ante la Justicia que el menor muri\u00f3. El periodista Nicol\u00e1s Wi\u00f1azki asegur\u00f3 en Radio Mitre que la mujer habr\u00eda declarado que ayud\u00f3 a encubrir el accidente, provocado por el capit\u00e1n de nav\u00edo (RE) Carlos P\u00e9rez. La desaparici\u00f3n de&nbsp;Loan Danilo Pe\u00f1a&nbsp;en Corrientes dio un giro<a class=\"read-more\" href=\"https:\/\/elfederalmendoza.com.ar\/index.php\/2024\/06\/29\/giro-en-la-causa-loan-la-tia-se-quebro-y-confeso-que-el-nino-esta-muerto-y-que-lo-habrian-atropellado\/\"> [&hellip;]<\/a><\/p>\n","protected":false},"author":2,"featured_media":33269,"comment_status":"open","ping_status":"open","sticky":false,"template":"","format":"standard","meta":{"footnotes":""},"categories":[5618],"tags":[],"class_list":["post-33267","post","type-post","status-publish","format-standard","has-post-thumbnail","hentry","category-arg"],"rttpg_featured_image_url":{"full":["https:\/\/elfederalmendoza.com.ar\/wp-content\/uploads\/2024\/06\/loan.jpg",1469,822,false],"landscape":["https:\/\/elfederalmendoza.com.ar\/wp-content\/uploads\/2024\/06\/loan.jpg",1469,822,false],"portraits":["https:\/\/elfederalmendoza.com.ar\/wp-content\/uploads\/2024\/06\/loan.jpg",1469,822,false],"thumbnail":["https:\/\/elfederalmendoza.com.ar\/wp-content\/uploads\/2024\/06\/loan-150x150.jpg",150,150,true],"medium":["https:\/\/elfederalmendoza.com.ar\/wp-content\/uploads\/2024\/06\/loan-300x168.jpg",300,168,true],"large":["https:\/\/elfederalmendoza.com.ar\/wp-content\/uploads\/2024\/06\/loan-1024x573.jpg",640,358,true],"1536x1536":["https:\/\/elfederalmendoza.com.ar\/wp-content\/uploads\/2024\/06\/loan.jpg",1469,822,false],"2048x2048":["https:\/\/elfederalmendoza.com.ar\/wp-content\/uploads\/2024\/06\/loan.jpg",1469,822,false],"ultp_layout_landscape_large":["https:\/\/elfederalmendoza.com.ar\/wp-content\/uploads\/2024\/06\/loan-1200x800.jpg",1200,800,true],"ultp_layout_landscape":["https:\/\/elfederalmendoza.com.ar\/wp-content\/uploads\/2024\/06\/loan-870x570.jpg",870,570,true],"ultp_layout_portrait":["https:\/\/elfederalmendoza.com.ar\/wp-content\/uploads\/2024\/06\/loan-600x822.jpg",600,822,true],"ultp_layout_square":["https:\/\/elfederalmendoza.com.ar\/wp-content\/uploads\/2024\/06\/loan-600x600.jpg",600,600,true],"rpwe-thumbnail":["https:\/\/elfederalmendoza.com.ar\/wp-content\/uploads\/2024\/06\/loan-45x45.jpg",45,45,true],"advps-thumb-one":["https:\/\/elfederalmendoza.com.ar\/wp-content\/uploads\/2024\/06\/loan-1200x420.jpg",1200,420,true]},"rttpg_author":{"display_name":"Redacci\u00f3n El Federal","author_link":"https:\/\/elfederalmendoza.com.ar\/index.php\/author\/angelflores\/"},"rttpg_comment":0,"rttpg_category":"<a href=\"https:\/\/elfederalmendoza.com.ar\/index.php\/category\/arg\/\" rel=\"category tag\">Argentina<\/a>","rttpg_excerpt":"Fuentes de la investigaci\u00f3n confirmaron a Infobae que Laudelina Pe\u00f1a admiti\u00f3 ante la Justicia que el menor muri\u00f3. El periodista Nicol\u00e1s Wi\u00f1azki asegur\u00f3 en Radio Mitre que la mujer habr\u00eda declarado que ayud\u00f3 a encubrir el accidente, provocado por el capit\u00e1n de nav\u00edo (RE) Carlos P\u00e9rez. La desaparici\u00f3n de&nbsp;Loan Danilo Pe\u00f1a&nbsp;en Corrientes dio un giro&hellip;","_links":{"self":[{"href":"https:\/\/elfederalmendoza.com.ar\/index.php\/wp-json\/wp\/v2\/posts\/33267","targetHints":{"allow":["GET"]}}],"collection":[{"href":"https:\/\/elfederalmendoza.com.ar\/index.php\/wp-json\/wp\/v2\/posts"}],"about":[{"href":"https:\/\/elfederalmendoza.com.ar\/index.php\/wp-json\/wp\/v2\/types\/post"}],"author":[{"embeddable":true,"href":"https:\/\/elfederalmendoza.com.ar\/index.php\/wp-json\/wp\/v2\/users\/2"}],"replies":[{"embeddable":true,"href":"https:\/\/elfederalmendoza.com.ar\/index.php\/wp-json\/wp\/v2\/comments?post=33267"}],"version-history":[{"count":2,"href":"https:\/\/elfederalmendoza.com.ar\/index.php\/wp-json\/wp\/v2\/posts\/33267\/revisions"}],"predecessor-version":[{"id":33273,"href":"https:\/\/elfederalmendoza.com.ar\/index.php\/wp-json\/wp\/v2\/posts\/33267\/revisions\/33273"}],"wp:featuredmedia":[{"embeddable":true,"href":"https:\/\/elfederalmendoza.com.ar\/index.php\/wp-json\/wp\/v2\/media\/33269"}],"wp:attachment":[{"href":"https:\/\/elfederalmendoza.com.ar\/index.php\/wp-json\/wp\/v2\/media?parent=33267"}],"wp:term":[{"taxonomy":"category","embeddable":true,"href":"https:\/\/elfederalmendoza.com.ar\/index.php\/wp-json\/wp\/v2\/categories?post=33267"},{"taxonomy":"post_tag","embeddable":true,"href":"https:\/\/elfederalmendoza.com.ar\/index.php\/wp-json\/wp\/v2\/tags?post=33267"}],"curies":[{"name":"wp","href":"https:\/\/api.w.org\/{rel}","templated":true}]}}