{"id":33274,"date":"2024-07-01T07:31:44","date_gmt":"2024-07-01T10:31:44","guid":{"rendered":"https:\/\/elfederalmendoza.com\/?p=33274"},"modified":"2024-07-01T07:31:45","modified_gmt":"2024-07-01T10:31:45","slug":"el-gobierno-pagara-en-julio-un-nuevo-bono-de-70-mil-a-jubilados-y-pensionados","status":"publish","type":"post","link":"https:\/\/elfederalmendoza.com.ar\/index.php\/2024\/07\/01\/el-gobierno-pagara-en-julio-un-nuevo-bono-de-70-mil-a-jubilados-y-pensionados\/","title":{"rendered":"El Gobierno pagar\u00e1 en julio un nuevo bono de $70 mil a jubilados y pensionados"},"content":{"rendered":"\n<p>Pese a que el presidente Javier Milei la hab\u00eda puesto en duda, la asistencia fue oficializada este lunes. Este mes las jubilaciones y pensiones del sistema general de la ANSES recibir\u00e1n un aumento del 4,2%, ajustado seg\u00fan la inflaci\u00f3n.<\/p>\n\n\n\n<p>Si bien el pasado viernes el presidente Javier Milei hab\u00eda puesto en duda el pago de un nuevo bono a jubilados y pensionados, la decisi\u00f3n de entregar la asistencia fue oficializada este lunes.<\/p>\n\n\n\n<p>El jefe de Estado hab\u00eda supeditado el pago del bono a \u201clos n\u00fameros fiscales\u201d. \u201cNo vamos a enga\u00f1ar y mentirle a la gente d\u00e1ndole cosas que no hay\u201d, hab\u00eda manifestado. Sin embargo, a trav\u00e9s del<strong>&nbsp;Decreto 552\/2024<\/strong>, el Gobierno confirm\u00f3 el otorgamiento de un<strong>&nbsp;\u201cbono extraordinario previsional por un monto m\u00e1ximo de $70.000\u2033<\/strong>&nbsp;a jubilados y pensionados, que se abonar\u00e1 en el mes de julio de 2024\u2033.<\/p>\n\n\n\n<p>Se sumar\u00e1 al aumento que dispuso la\u00a0<strong>Administraci\u00f3n Nacional de Seguridad Social (ANSES)<\/strong>\u00a0del 4,2% en sinton\u00eda con el \u00faltimo dato de inflaci\u00f3n. De esta forma, en julio 2024, los haberes m\u00ednimos aumentar\u00e1n de $206.931 a aproximadamente $215.600, m\u00e1s el mencionado bono de $70,000, resultando en un total de $285.600. El haber m\u00e1ximo subir\u00e1 de $1.392.450 a una cifra cercana a $1.450.900. Este reajuste alcanzar\u00e1 a todos los ingresos del r\u00e9gimen general y a las prestaciones no contributivas, como la Pensi\u00f3n Universal para el Adulto Mayor (PUAM), que equivale al 80% del haber m\u00ednimo.<a href=\"https:\/\/www.infobae.com\/politica\/2024\/07\/01\/el-gobierno-oficializo-la-conversion-de-telam-en-una-agencia-de-publicidad\/\" target=\"_blank\" rel=\"noreferrer noopener\"><\/a><\/p>\n\n\n\n<p>Durante los primeros siete meses del a\u00f1o, los haberes previsionales (excluyendo bonos y adicionales) habr\u00e1n experimentado un aumento acumulado del 104%. En marzo, el incremento fue del 27,18% debido a la f\u00f3rmula establecida por la ley 27.609, vigente desde 2021. A partir de abril, comenzaron a aplicarse los cambios introducidos por decreto: ese mes, los haberes aumentaron un 27,4%, en mayo un 11,01%, y en junio un 8,83%. Desde abril, los aumentos se realizan mensualmente y est\u00e1n ajustados por inflaci\u00f3n, adem\u00e1s de incluir un 12,5% adicional en concepto de \u201cincremento extraordinario\u201d.<\/p>\n\n\n\n<p>En el decreto publicado esta madrugada en el Bolet\u00edn Oficial, el Gobierno estableci\u00f3 que para aquellos titulares que, por la suma de todas sus prestaciones vigentes, perciban un importe superior al haber m\u00ednimo previsional garantizado, el importe m\u00e1ximo del bono ser\u00e1 igual al monto necesario para alcanzar el tope que resulte de la suma de dicho haber m\u00ednimo m\u00e1s el monto m\u00e1ximo del bono en cuesti\u00f3n.<a href=\"https:\/\/www.infobae.com\/politica\/2024\/07\/01\/el-gobierno-prorrogo-el-plazo-para-que-las-empresas-estatales-se-conviertan-en-sociedades-anonimas\/\" target=\"_blank\" rel=\"noreferrer noopener\"><\/a><\/p>\n\n\n\n<p>La asistencia que se otorga por el presente decreto \u201ctendr\u00e1 car\u00e1cter de no remunerativo y no ser\u00e1 susceptible de descuento alguno ni computable para ning\u00fan otro concepto\u201d.<\/p>\n\n\n\n<p>El Poder Ejecutivo justific\u00f3 los aumentos \u201ccon la finalidad de mantener el poder adquisitivo de las prestaciones previsionales de los adultos mayores, evitando as\u00ed que contin\u00faen perdiendo su capacidad de compra.<\/p>\n\n\n\n<p><strong>Detalles de los haberes en julio 2024:<\/strong><\/p>\n\n\n\n<ul class=\"wp-block-list\">\n<li><strong>Haber m\u00ednimo:<\/strong>\u00a0$215.600 (sin bono) \/ $285.600 (con bono de $70,000)<\/li>\n\n\n\n<li><strong>Pensi\u00f3n Universal para el Adulto Mayor (PUAM):<\/strong>\u00a0$172.480 (equivalente al 80% del haber m\u00ednimo)<\/li>\n\n\n\n<li><strong>Haber m\u00e1ximo:<\/strong>\u00a0$1.450.900<\/li>\n<\/ul>\n\n\n\n<p><img loading=\"lazy\" decoding=\"async\" alt=\"Desde ANSES dejaron trascender que en julio se repetir\u00e1 el bono de $70.000 para quienes perciben s\u00f3lo un haber m\u00ednimo.\" height=\"1080\" width=\"1920\" class=\"\" src=\"https:\/\/www.infobae.com\/new-resizer\/k4Tl6kFn4ukz9tsKU1njCH2v9bk=\/420x236\/filters:format(webp):quality(85)\/cloudfront-us-east-1.images.arcpublishing.com\/infobae\/37UVKM5P45GN5GJ7BV3234ZV44.jpg%20420w\" srcset=\"https:\/\/www.infobae.com\/new-resizer\/k4Tl6kFn4ukz9tsKU1njCH2v9bk=\/420x236\/filters:format(webp):quality(85)\/cloudfront-us-east-1.images.arcpublishing.com\/infobae\/37UVKM5P45GN5GJ7BV3234ZV44.jpg 420w,https:\/\/www.infobae.com\/new-resizer\/Iy1XLlq-e9g-arNfP2bcI2OLuSE=\/768x432\/filters:format(webp):quality(85)\/cloudfront-us-east-1.images.arcpublishing.com\/infobae\/37UVKM5P45GN5GJ7BV3234ZV44.jpg 768w,https:\/\/www.infobae.com\/new-resizer\/a_jpXp5muEMDQKxjxfylJ2626Uc=\/992x558\/filters:format(webp):quality(85)\/cloudfront-us-east-1.images.arcpublishing.com\/infobae\/37UVKM5P45GN5GJ7BV3234ZV44.jpg 992w,https:\/\/www.infobae.com\/new-resizer\/AWmc1CN53eF8S8Dmu9p14FoRF5I=\/1200x675\/filters:format(webp):quality(85)\/cloudfront-us-east-1.images.arcpublishing.com\/infobae\/37UVKM5P45GN5GJ7BV3234ZV44.jpg 1200w,https:\/\/www.infobae.com\/new-resizer\/jvSa4_kS1N_7pY8hovxf9D7ECvw=\/1440x810\/filters:format(webp):quality(85)\/cloudfront-us-east-1.images.arcpublishing.com\/infobae\/37UVKM5P45GN5GJ7BV3234ZV44.jpg 1440w\">Desde ANSES dejaron trascender que en julio se repetir\u00e1 el bono de $70.000 para quienes perciben s\u00f3lo un haber m\u00ednimo.<\/p>\n\n\n\n<h2 class=\"wp-block-heading\">De cu\u00e1nto es la Canasta B\u00e1sica para un jubilado<\/h2>\n\n\n\n<p>La canasta b\u00e1sica de un jubilado en Argentina se calcula para cubrir los gastos esenciales, aunque la informaci\u00f3n espec\u00edfica sobre su valor exacto no fue detallada en los datos proporcionados. No obstante, el ajuste de las jubilaciones y el bono adicional buscan asegurar que los ingresos de los jubilados se acerquen m\u00e1s a los costos reales de vida. Aunque siguen lejos de ello.<\/p>\n\n\n\n<p>La Canasta B\u00e1sica de los Jubilados, elaborada por la Defensor\u00eda de la Tercera Edad, alcanz\u00f3 un valor de $685.041 en la \u00faltima medici\u00f3n, que data de marzo. Ese valor escal\u00f3 en los \u00faltimos 12 meses un 239% (marzo\/23 vs. marzo\/24), por encima del nivel de inflaci\u00f3n general para el mismo mes, que fue del 287,9%. Desde entonces, los precios no han hecho m\u00e1s que subir.<\/p>\n\n\n\n<h2 class=\"wp-block-heading\">C\u00f3mo es la f\u00f3rmula de movilidad que se discute en el Congreso<\/h2>\n\n\n\n<p>Seg\u00fan el proyecto que\u00a0tiene media sanci\u00f3n en Diputados, el haber m\u00ednimo garantizar\u00e1 la\u00a0<strong>cobertura de la canasta b\u00e1sica del adulto mayor (que rondar\u00eda los $260.000)<\/strong>. Sin embargo, para evitar que la actualizaci\u00f3n de la canasta b\u00e1sica -que se efectiviza despu\u00e9s del pago de los haberes- no deje desfasados los aumentos se opt\u00f3 por poner un m\u00ednimo equivalente a\u00a0<strong>1.09 de la canasta b\u00e1sica.<\/strong><\/p>\n\n\n\n<p>A su vez, la oposici\u00f3n incluy\u00f3 de forma anual&nbsp;<strong>un adicional del 50% de la variaci\u00f3n entre el RIPTE&nbsp;<\/strong>(promedio de los salarios)&nbsp;<strong>y el IPC&nbsp;<\/strong>para habilitar la posibilidad de mejorar las jubilaciones en contextos de crecimiento econ\u00f3mico. As\u00ed el IPC no se convertir\u00e1 en un techo para los haberes.<\/p>\n","protected":false},"excerpt":{"rendered":"<p>Pese a que el presidente Javier Milei la hab\u00eda puesto en duda, la asistencia fue oficializada este lunes. Este mes las jubilaciones y pensiones del sistema general de la ANSES recibir\u00e1n un aumento del 4,2%, ajustado seg\u00fan la inflaci\u00f3n. Si bien el pasado viernes el presidente Javier Milei hab\u00eda puesto en duda el pago de<a class=\"read-more\" href=\"https:\/\/elfederalmendoza.com.ar\/index.php\/2024\/07\/01\/el-gobierno-pagara-en-julio-un-nuevo-bono-de-70-mil-a-jubilados-y-pensionados\/\"> [&hellip;]<\/a><\/p>\n","protected":false},"author":2,"featured_media":23302,"comment_status":"open","ping_status":"open","sticky":false,"template":"","format":"standard","meta":{"footnotes":""},"categories":[5618],"tags":[],"class_list":["post-33274","post","type-post","status-publish","format-standard","has-post-thumbnail","hentry","category-arg"],"rttpg_featured_image_url":{"full":["https:\/\/elfederalmendoza.com.ar\/wp-content\/uploads\/2023\/05\/jubilados-bono.jpg",934,585,false],"landscape":["https:\/\/elfederalmendoza.com.ar\/wp-content\/uploads\/2023\/05\/jubilados-bono.jpg",934,585,false],"portraits":["https:\/\/elfederalmendoza.com.ar\/wp-content\/uploads\/2023\/05\/jubilados-bono.jpg",934,585,false],"thumbnail":["https:\/\/elfederalmendoza.com.ar\/wp-content\/uploads\/2023\/05\/jubilados-bono-150x150.jpg",150,150,true],"medium":["https:\/\/elfederalmendoza.com.ar\/wp-content\/uploads\/2023\/05\/jubilados-bono-300x188.jpg",300,188,true],"large":["https:\/\/elfederalmendoza.com.ar\/wp-content\/uploads\/2023\/05\/jubilados-bono.jpg",640,401,false],"1536x1536":["https:\/\/elfederalmendoza.com.ar\/wp-content\/uploads\/2023\/05\/jubilados-bono.jpg",934,585,false],"2048x2048":["https:\/\/elfederalmendoza.com.ar\/wp-content\/uploads\/2023\/05\/jubilados-bono.jpg",934,585,false],"ultp_layout_landscape_large":["https:\/\/elfederalmendoza.com.ar\/wp-content\/uploads\/2023\/05\/jubilados-bono.jpg",934,585,false],"ultp_layout_landscape":["https:\/\/elfederalmendoza.com.ar\/wp-content\/uploads\/2023\/05\/jubilados-bono-870x570.jpg",870,570,true],"ultp_layout_portrait":["https:\/\/elfederalmendoza.com.ar\/wp-content\/uploads\/2023\/05\/jubilados-bono-600x585.jpg",600,585,true],"ultp_layout_square":["https:\/\/elfederalmendoza.com.ar\/wp-content\/uploads\/2023\/05\/jubilados-bono-600x585.jpg",600,585,true],"rpwe-thumbnail":["https:\/\/elfederalmendoza.com.ar\/wp-content\/uploads\/2023\/05\/jubilados-bono-45x45.jpg",45,45,true],"advps-thumb-one":["https:\/\/elfederalmendoza.com.ar\/wp-content\/uploads\/2023\/05\/jubilados-bono-934x420.jpg",934,420,true]},"rttpg_author":{"display_name":"Redacci\u00f3n El Federal","author_link":"https:\/\/elfederalmendoza.com.ar\/index.php\/author\/angelflores\/"},"rttpg_comment":0,"rttpg_category":"<a href=\"https:\/\/elfederalmendoza.com.ar\/index.php\/category\/arg\/\" rel=\"category tag\">Argentina<\/a>","rttpg_excerpt":"Pese a que el presidente Javier Milei la hab\u00eda puesto en duda, la asistencia fue oficializada este lunes. Este mes las jubilaciones y pensiones del sistema general de la ANSES recibir\u00e1n un aumento del 4,2%, ajustado seg\u00fan la inflaci\u00f3n. Si bien el pasado viernes el presidente Javier Milei hab\u00eda puesto en duda el pago de&hellip;","_links":{"self":[{"href":"https:\/\/elfederalmendoza.com.ar\/index.php\/wp-json\/wp\/v2\/posts\/33274","targetHints":{"allow":["GET"]}}],"collection":[{"href":"https:\/\/elfederalmendoza.com.ar\/index.php\/wp-json\/wp\/v2\/posts"}],"about":[{"href":"https:\/\/elfederalmendoza.com.ar\/index.php\/wp-json\/wp\/v2\/types\/post"}],"author":[{"embeddable":true,"href":"https:\/\/elfederalmendoza.com.ar\/index.php\/wp-json\/wp\/v2\/users\/2"}],"replies":[{"embeddable":true,"href":"https:\/\/elfederalmendoza.com.ar\/index.php\/wp-json\/wp\/v2\/comments?post=33274"}],"version-history":[{"count":2,"href":"https:\/\/elfederalmendoza.com.ar\/index.php\/wp-json\/wp\/v2\/posts\/33274\/revisions"}],"predecessor-version":[{"id":33277,"href":"https:\/\/elfederalmendoza.com.ar\/index.php\/wp-json\/wp\/v2\/posts\/33274\/revisions\/33277"}],"wp:featuredmedia":[{"embeddable":true,"href":"https:\/\/elfederalmendoza.com.ar\/index.php\/wp-json\/wp\/v2\/media\/23302"}],"wp:attachment":[{"href":"https:\/\/elfederalmendoza.com.ar\/index.php\/wp-json\/wp\/v2\/media?parent=33274"}],"wp:term":[{"taxonomy":"category","embeddable":true,"href":"https:\/\/elfederalmendoza.com.ar\/index.php\/wp-json\/wp\/v2\/categories?post=33274"},{"taxonomy":"post_tag","embeddable":true,"href":"https:\/\/elfederalmendoza.com.ar\/index.php\/wp-json\/wp\/v2\/tags?post=33274"}],"curies":[{"name":"wp","href":"https:\/\/api.w.org\/{rel}","templated":true}]}}