{"id":33284,"date":"2024-07-01T09:00:39","date_gmt":"2024-07-01T12:00:39","guid":{"rendered":"https:\/\/elfederalmendoza.com\/?p=33284"},"modified":"2024-07-01T09:00:41","modified_gmt":"2024-07-01T12:00:41","slug":"un-policia-mato-de-dos-disparos-a-un-motochorro-en-guaymallen","status":"publish","type":"post","link":"https:\/\/elfederalmendoza.com.ar\/index.php\/2024\/07\/01\/un-policia-mato-de-dos-disparos-a-un-motochorro-en-guaymallen\/","title":{"rendered":"Un polic\u00eda mat\u00f3 de dos disparos a un motochorro en Guaymall\u00e9n"},"content":{"rendered":"\n<p>El uniformado estaba en su auto particular y fue abordado por dos motochorros, quienes exigieron las pertenencias de los ocupantes del veh\u00edculo.<\/p>\n\n\n\n<p><strong>Un efectivo de la Polic\u00eda de Mendoza mat\u00f3 de dos disparos a un motochorro<\/strong>, seg\u00fan el parte policial que se dio a conocer. El hecho ocurri\u00f3 a las 18&nbsp;<strong>en Guaymall\u00e9n<\/strong>, en la esquina de las calles Holmberg y Acceso Este.<\/p>\n\n\n\n<p>Seg\u00fan el primer peritaje, el polic\u00eda, que se movilizaba en su auto con el arma reglamentaria<strong>\u00a0habr\u00eda sido abordado por dos motochorros, uno de los cuales \u00abexhibe un elemento (un ca\u00f1o de color negro) por la ventanilla y bajo amenazas le exige las pertenencias\u00bb<\/strong>\u00a0a la acompa\u00f1ante del veh\u00edculo. Ante esa situaci\u00f3n\u00a0<strong>el oficial inspector realiz\u00f3 cuatro disparos, dos de los cuales hirieron de muerte al asaltante.<\/strong><\/p>\n\n\n\n<p>El otro \u00abmotochorro\u00bb <strong>se dio a la fuga<\/strong> y se intent\u00f3 hacer un seguimiento, con las c\u00e1maras de seguridad, para dar con su paradero.<\/p>\n\n\n\n<p><strong>El hombre muerto, de 28 a\u00f1os<\/strong>, ten\u00eda una serie de antecedentes relacionados con robos, hurtos y amenazas.<\/p>\n\n\n\n<p>La Fiscal\u00eda de Homicidios investiga el caso tras las declaraciones de las v\u00edctimas y testigos.<\/p>\n","protected":false},"excerpt":{"rendered":"<p>El uniformado estaba en su auto particular y fue abordado por dos motochorros, quienes exigieron las pertenencias de los ocupantes del veh\u00edculo. Un efectivo de la Polic\u00eda de Mendoza mat\u00f3 de dos disparos a un motochorro, seg\u00fan el parte policial que se dio a conocer. El hecho ocurri\u00f3 a las 18&nbsp;en Guaymall\u00e9n, en la esquina<a class=\"read-more\" href=\"https:\/\/elfederalmendoza.com.ar\/index.php\/2024\/07\/01\/un-policia-mato-de-dos-disparos-a-un-motochorro-en-guaymallen\/\"> [&hellip;]<\/a><\/p>\n","protected":false},"author":2,"featured_media":22701,"comment_status":"open","ping_status":"open","sticky":false,"template":"","format":"standard","meta":{"footnotes":""},"categories":[1],"tags":[],"class_list":["post-33284","post","type-post","status-publish","format-standard","has-post-thumbnail","hentry","category-mza"],"rttpg_featured_image_url":{"full":["https:\/\/elfederalmendoza.com.ar\/wp-content\/uploads\/2023\/05\/policia-de-mendoza5.jpg",1121,671,false],"landscape":["https:\/\/elfederalmendoza.com.ar\/wp-content\/uploads\/2023\/05\/policia-de-mendoza5.jpg",1121,671,false],"portraits":["https:\/\/elfederalmendoza.com.ar\/wp-content\/uploads\/2023\/05\/policia-de-mendoza5.jpg",1121,671,false],"thumbnail":["https:\/\/elfederalmendoza.com.ar\/wp-content\/uploads\/2023\/05\/policia-de-mendoza5-150x150.jpg",150,150,true],"medium":["https:\/\/elfederalmendoza.com.ar\/wp-content\/uploads\/2023\/05\/policia-de-mendoza5-300x180.jpg",300,180,true],"large":["https:\/\/elfederalmendoza.com.ar\/wp-content\/uploads\/2023\/05\/policia-de-mendoza5-1024x613.jpg",640,383,true],"1536x1536":["https:\/\/elfederalmendoza.com.ar\/wp-content\/uploads\/2023\/05\/policia-de-mendoza5.jpg",1121,671,false],"2048x2048":["https:\/\/elfederalmendoza.com.ar\/wp-content\/uploads\/2023\/05\/policia-de-mendoza5.jpg",1121,671,false],"ultp_layout_landscape_large":["https:\/\/elfederalmendoza.com.ar\/wp-content\/uploads\/2023\/05\/policia-de-mendoza5.jpg",1121,671,false],"ultp_layout_landscape":["https:\/\/elfederalmendoza.com.ar\/wp-content\/uploads\/2023\/05\/policia-de-mendoza5-870x570.jpg",870,570,true],"ultp_layout_portrait":["https:\/\/elfederalmendoza.com.ar\/wp-content\/uploads\/2023\/05\/policia-de-mendoza5-600x671.jpg",600,671,true],"ultp_layout_square":["https:\/\/elfederalmendoza.com.ar\/wp-content\/uploads\/2023\/05\/policia-de-mendoza5-600x600.jpg",600,600,true],"rpwe-thumbnail":["https:\/\/elfederalmendoza.com.ar\/wp-content\/uploads\/2023\/05\/policia-de-mendoza5-45x45.jpg",45,45,true],"advps-thumb-one":["https:\/\/elfederalmendoza.com.ar\/wp-content\/uploads\/2023\/05\/policia-de-mendoza5-1121x420.jpg",1121,420,true]},"rttpg_author":{"display_name":"Redacci\u00f3n El Federal","author_link":"https:\/\/elfederalmendoza.com.ar\/index.php\/author\/angelflores\/"},"rttpg_comment":0,"rttpg_category":"<a href=\"https:\/\/elfederalmendoza.com.ar\/index.php\/category\/mza\/\" rel=\"category tag\">Mendoza<\/a>","rttpg_excerpt":"El uniformado estaba en su auto particular y fue abordado por dos motochorros, quienes exigieron las pertenencias de los ocupantes del veh\u00edculo. Un efectivo de la Polic\u00eda de Mendoza mat\u00f3 de dos disparos a un motochorro, seg\u00fan el parte policial que se dio a conocer. El hecho ocurri\u00f3 a las 18&nbsp;en Guaymall\u00e9n, en la esquina&hellip;","_links":{"self":[{"href":"https:\/\/elfederalmendoza.com.ar\/index.php\/wp-json\/wp\/v2\/posts\/33284","targetHints":{"allow":["GET"]}}],"collection":[{"href":"https:\/\/elfederalmendoza.com.ar\/index.php\/wp-json\/wp\/v2\/posts"}],"about":[{"href":"https:\/\/elfederalmendoza.com.ar\/index.php\/wp-json\/wp\/v2\/types\/post"}],"author":[{"embeddable":true,"href":"https:\/\/elfederalmendoza.com.ar\/index.php\/wp-json\/wp\/v2\/users\/2"}],"replies":[{"embeddable":true,"href":"https:\/\/elfederalmendoza.com.ar\/index.php\/wp-json\/wp\/v2\/comments?post=33284"}],"version-history":[{"count":1,"href":"https:\/\/elfederalmendoza.com.ar\/index.php\/wp-json\/wp\/v2\/posts\/33284\/revisions"}],"predecessor-version":[{"id":33286,"href":"https:\/\/elfederalmendoza.com.ar\/index.php\/wp-json\/wp\/v2\/posts\/33284\/revisions\/33286"}],"wp:featuredmedia":[{"embeddable":true,"href":"https:\/\/elfederalmendoza.com.ar\/index.php\/wp-json\/wp\/v2\/media\/22701"}],"wp:attachment":[{"href":"https:\/\/elfederalmendoza.com.ar\/index.php\/wp-json\/wp\/v2\/media?parent=33284"}],"wp:term":[{"taxonomy":"category","embeddable":true,"href":"https:\/\/elfederalmendoza.com.ar\/index.php\/wp-json\/wp\/v2\/categories?post=33284"},{"taxonomy":"post_tag","embeddable":true,"href":"https:\/\/elfederalmendoza.com.ar\/index.php\/wp-json\/wp\/v2\/tags?post=33284"}],"curies":[{"name":"wp","href":"https:\/\/api.w.org\/{rel}","templated":true}]}}