{"id":33288,"date":"2024-07-01T09:23:56","date_gmt":"2024-07-01T12:23:56","guid":{"rendered":"https:\/\/elfederalmendoza.com\/?p=33288"},"modified":"2024-07-01T09:23:58","modified_gmt":"2024-07-01T12:23:58","slug":"misterio-por-un-subcomisario-de-la-policia-de-mendoza-que-desaparecio-desde-noviembre-del-2023","status":"publish","type":"post","link":"https:\/\/elfederalmendoza.com.ar\/index.php\/2024\/07\/01\/misterio-por-un-subcomisario-de-la-policia-de-mendoza-que-desaparecio-desde-noviembre-del-2023\/","title":{"rendered":"Misterio por un subcomisario de la Polic\u00eda de Mendoza que desapareci\u00f3 desde noviembre del 2023"},"content":{"rendered":"\n<p>El subcomisario\u00a0<strong>Jos\u00e9 Daniel \u00abPenca\u00bb Mairan\u00a0<\/strong>solicit\u00f3 licencia pero en la fuerza no lo han vuelto a ver.\u00a0<strong>\u00abEst\u00e1 inhallable\u00bb, dicen<\/strong>. Enigma en Zona Este.<\/p>\n\n\n\n<p>A la\u00a0<strong>Polic\u00eda de Mendoza<\/strong>\u00a0se le ha perdido un subcomisario. Se trata de\u00a0<strong>Jos\u00e9 Daniel Mairan Gonz\u00e1lez<\/strong>, quien protagoniza un\u00a0<strong>sumario administrativo<\/strong>\u00a0por abandono de servicio. El efectivo\u00a0<strong>no se ha presentado a trabajar desde noviembre<\/strong>, ni ha regularizado su situaci\u00f3n. No mand\u00f3 un mensaje. Ni un audio.\u00a0<strong>Nada<\/strong>.<\/p>\n\n\n\n<p>De acuerdo con lo publicado el mi\u00e9rcoles en el Bolet\u00edn Oficial,&nbsp;<strong>Mairan<\/strong>&nbsp;-que anda por los 43 a\u00f1os y se desempe\u00f1aba en&nbsp;<strong>Ingeniero Giagnoni (Jun\u00edn)<\/strong>&#8211; solicit\u00f3 una&nbsp;<strong>licencia<\/strong>&nbsp;por cuestiones de salud desde el 20 de octubre hasta el 18 de noviembre de 2023.<\/p>\n\n\n\n<p>Finalizado ese per\u00edodo,\u00a0<strong>el \u00abPenca\u00bb<\/strong>, como le dicen,\u00a0<strong>no regres\u00f3 a sus funciones ni realiz\u00f3 los tr\u00e1mites necesarios en la Divisi\u00f3n Sanidad Policial<\/strong>. Preventivamente, se solicit\u00f3 que se le dejara de pagar el sueldo. Tampoco pas\u00f3 nada.<\/p>\n\n\n\n<p>Adem\u00e1s, se desconoce&nbsp;<strong>su paradero actual<\/strong>, ya que no reside m\u00e1s en su domicilio declarado del barrio Mebna II etapa, en San Mart\u00edn. Y la Direcci\u00f3n Nacional de Migraciones&nbsp;<strong>no registr\u00f3 que haya salido del pa\u00eds por ninguno de los pasos habilitados<\/strong>.<\/p>\n\n\n\n<p>Pero hay m\u00e1s.<\/p>\n\n\n\n<figure class=\"wp-block-image\"><img decoding=\"async\" src=\"https:\/\/media.diariouno.com.ar\/p\/a2af9a9c2d66e043ba0e681d01be1b18\/adjuntos\/298\/imagenes\/009\/334\/0009334365\/1200x0\/smart\/cinco-menores-edad-quedaron-detenidos-mendoza-este-fin-semana.jpeg\" alt=\"Cinco menores de edad quedaron detenidos en Mendoza este fin de semana.\" title=\"Cinco menores de edad quedaron detenidos en Mendoza este fin de semana.\"\/><\/figure>\n\n\n\n<h2 class=\"wp-block-heading\">\u00abInhallable\u00bb<\/h2>\n\n\n\n<p>\u00abSe lo trag\u00f3 la tierra\u00bb, grafic\u00f3 una fuente judicial ante la consulta de&nbsp;<strong>Diario UNO<\/strong>, aunque luego aclar\u00f3 algo llamativo: \u00abEn las fiscal\u00edas no existe ninguna causa por&nbsp;<strong>averiguaci\u00f3n de paradero vinculada con esta persona<\/strong>\u00ab.<\/p>\n\n\n\n<p>Seg\u00fan consign\u00f3 la misma fuente,&nbsp;<strong>ni siquiera la familia ha hecho una denuncia para saber ad\u00f3nde est\u00e1 el \u00abPenca\u00bb<\/strong>.<\/p>\n\n\n\n<p>Tambi\u00e9n trascendi\u00f3 que, cuando las autoridades lo fueron a buscar adonde estaba su&nbsp;<strong>esposa&nbsp;<\/strong>-tambi\u00e9n ser\u00eda polic\u00eda, de apellido Ochoa-, la mujer relat\u00f3 que hab\u00eda discutido con \u00e9l y que no ten\u00eda m\u00e1s datos.<\/p>\n\n\n\n<p><strong>Al tiempo, tampoco se pudo dar m\u00e1s con ella<\/strong>. Ambos estaban sin chaleco ni arma.<\/p>\n\n\n\n<p>En un punto, la situaci\u00f3n parece&nbsp;<strong>inquietante<\/strong>. O tal vez se trate de dos&nbsp;<em>rara avis<\/em>&nbsp;que est\u00e1n logrando algo que suena simple pero resulta&nbsp;<strong>casi imposible<\/strong>&nbsp;en estas \u00e9pocas de redes sociales y tel\u00e9fonos por todos lados:&nbsp;<strong>desconectarse<\/strong>.<\/p>\n\n\n\n<p>Hay versiones de que los dos, Mairan y su esposa Ochoa,&nbsp;<strong>pidieron licencias justo antes de la \u00abdesaparici\u00f3n\u00bb<\/strong>&nbsp;porque se tratar\u00eda, en realidad, de&nbsp;<strong>una mudanza a otro pa\u00eds u otra provincia<\/strong>. Tambi\u00e9n se habla de una&nbsp;<strong>sanci\u00f3n&nbsp;<\/strong>pendiente por alg\u00fan otro asunto.&nbsp;<strong>Sobrevolando eso, m\u00e1s dudas<\/strong>.<\/p>\n\n\n\n<h2 class=\"wp-block-heading\">Cita el 5 de julio<\/h2>\n\n\n\n<p>El Directorio de la&nbsp;<strong>Inspecci\u00f3n General de Seguridad (IGS)<\/strong>&nbsp;encuadr\u00f3 preliminarmente el caso como una transgresi\u00f3n y&nbsp;<strong>cit\u00f3 a Mairan Gonz\u00e1lez a prestar declaraci\u00f3n indagatoria administrativa el pr\u00f3ximo viernes 5 de julio<\/strong>.<\/p>\n\n\n\n<p>El imputado\u00a0<strong>tiene el derecho de ser patrocinado por un abogado\u00a0<\/strong>de la matr\u00edcula o por un oficial retirado de la Polic\u00eda de la Provincia. Tambi\u00e9n puede remitir toda la informaci\u00f3n necesaria para su defensa al correo oficial\u00a0mentradas-igs@mendoza.gov.ar\u00a0<strong>\u00bfLo har\u00e1?<\/strong>.<\/p>\n\n\n\n<p>Diario UNO<\/p>\n","protected":false},"excerpt":{"rendered":"<p>El subcomisario\u00a0Jos\u00e9 Daniel \u00abPenca\u00bb Mairan\u00a0solicit\u00f3 licencia pero en la fuerza no lo han vuelto a ver.\u00a0\u00abEst\u00e1 inhallable\u00bb, dicen. Enigma en Zona Este. A la\u00a0Polic\u00eda de Mendoza\u00a0se le ha perdido un subcomisario. Se trata de\u00a0Jos\u00e9 Daniel Mairan Gonz\u00e1lez, quien protagoniza un\u00a0sumario administrativo\u00a0por abandono de servicio. El efectivo\u00a0no se ha presentado a trabajar desde noviembre, ni ha<a class=\"read-more\" href=\"https:\/\/elfederalmendoza.com.ar\/index.php\/2024\/07\/01\/misterio-por-un-subcomisario-de-la-policia-de-mendoza-que-desaparecio-desde-noviembre-del-2023\/\"> [&hellip;]<\/a><\/p>\n","protected":false},"author":2,"featured_media":22763,"comment_status":"open","ping_status":"open","sticky":false,"template":"","format":"standard","meta":{"footnotes":""},"categories":[1],"tags":[],"class_list":["post-33288","post","type-post","status-publish","format-standard","has-post-thumbnail","hentry","category-mza"],"rttpg_featured_image_url":{"full":["https:\/\/elfederalmendoza.com.ar\/wp-content\/uploads\/2023\/05\/policia-mendoza6.jpg",882,556,false],"landscape":["https:\/\/elfederalmendoza.com.ar\/wp-content\/uploads\/2023\/05\/policia-mendoza6.jpg",882,556,false],"portraits":["https:\/\/elfederalmendoza.com.ar\/wp-content\/uploads\/2023\/05\/policia-mendoza6.jpg",882,556,false],"thumbnail":["https:\/\/elfederalmendoza.com.ar\/wp-content\/uploads\/2023\/05\/policia-mendoza6-150x150.jpg",150,150,true],"medium":["https:\/\/elfederalmendoza.com.ar\/wp-content\/uploads\/2023\/05\/policia-mendoza6-300x189.jpg",300,189,true],"large":["https:\/\/elfederalmendoza.com.ar\/wp-content\/uploads\/2023\/05\/policia-mendoza6.jpg",640,403,false],"1536x1536":["https:\/\/elfederalmendoza.com.ar\/wp-content\/uploads\/2023\/05\/policia-mendoza6.jpg",882,556,false],"2048x2048":["https:\/\/elfederalmendoza.com.ar\/wp-content\/uploads\/2023\/05\/policia-mendoza6.jpg",882,556,false],"ultp_layout_landscape_large":["https:\/\/elfederalmendoza.com.ar\/wp-content\/uploads\/2023\/05\/policia-mendoza6.jpg",882,556,false],"ultp_layout_landscape":["https:\/\/elfederalmendoza.com.ar\/wp-content\/uploads\/2023\/05\/policia-mendoza6-870x556.jpg",870,556,true],"ultp_layout_portrait":["https:\/\/elfederalmendoza.com.ar\/wp-content\/uploads\/2023\/05\/policia-mendoza6-600x556.jpg",600,556,true],"ultp_layout_square":["https:\/\/elfederalmendoza.com.ar\/wp-content\/uploads\/2023\/05\/policia-mendoza6-600x556.jpg",600,556,true],"rpwe-thumbnail":["https:\/\/elfederalmendoza.com.ar\/wp-content\/uploads\/2023\/05\/policia-mendoza6-45x45.jpg",45,45,true],"advps-thumb-one":["https:\/\/elfederalmendoza.com.ar\/wp-content\/uploads\/2023\/05\/policia-mendoza6-882x420.jpg",882,420,true]},"rttpg_author":{"display_name":"Redacci\u00f3n El Federal","author_link":"https:\/\/elfederalmendoza.com.ar\/index.php\/author\/angelflores\/"},"rttpg_comment":0,"rttpg_category":"<a href=\"https:\/\/elfederalmendoza.com.ar\/index.php\/category\/mza\/\" rel=\"category tag\">Mendoza<\/a>","rttpg_excerpt":"El subcomisario\u00a0Jos\u00e9 Daniel \u00abPenca\u00bb Mairan\u00a0solicit\u00f3 licencia pero en la fuerza no lo han vuelto a ver.\u00a0\u00abEst\u00e1 inhallable\u00bb, dicen. Enigma en Zona Este. A la\u00a0Polic\u00eda de Mendoza\u00a0se le ha perdido un subcomisario. Se trata de\u00a0Jos\u00e9 Daniel Mairan Gonz\u00e1lez, quien protagoniza un\u00a0sumario administrativo\u00a0por abandono de servicio. El efectivo\u00a0no se ha presentado a trabajar desde noviembre, ni ha&hellip;","_links":{"self":[{"href":"https:\/\/elfederalmendoza.com.ar\/index.php\/wp-json\/wp\/v2\/posts\/33288","targetHints":{"allow":["GET"]}}],"collection":[{"href":"https:\/\/elfederalmendoza.com.ar\/index.php\/wp-json\/wp\/v2\/posts"}],"about":[{"href":"https:\/\/elfederalmendoza.com.ar\/index.php\/wp-json\/wp\/v2\/types\/post"}],"author":[{"embeddable":true,"href":"https:\/\/elfederalmendoza.com.ar\/index.php\/wp-json\/wp\/v2\/users\/2"}],"replies":[{"embeddable":true,"href":"https:\/\/elfederalmendoza.com.ar\/index.php\/wp-json\/wp\/v2\/comments?post=33288"}],"version-history":[{"count":1,"href":"https:\/\/elfederalmendoza.com.ar\/index.php\/wp-json\/wp\/v2\/posts\/33288\/revisions"}],"predecessor-version":[{"id":33290,"href":"https:\/\/elfederalmendoza.com.ar\/index.php\/wp-json\/wp\/v2\/posts\/33288\/revisions\/33290"}],"wp:featuredmedia":[{"embeddable":true,"href":"https:\/\/elfederalmendoza.com.ar\/index.php\/wp-json\/wp\/v2\/media\/22763"}],"wp:attachment":[{"href":"https:\/\/elfederalmendoza.com.ar\/index.php\/wp-json\/wp\/v2\/media?parent=33288"}],"wp:term":[{"taxonomy":"category","embeddable":true,"href":"https:\/\/elfederalmendoza.com.ar\/index.php\/wp-json\/wp\/v2\/categories?post=33288"},{"taxonomy":"post_tag","embeddable":true,"href":"https:\/\/elfederalmendoza.com.ar\/index.php\/wp-json\/wp\/v2\/tags?post=33288"}],"curies":[{"name":"wp","href":"https:\/\/api.w.org\/{rel}","templated":true}]}}