{"id":33292,"date":"2024-07-01T06:45:00","date_gmt":"2024-07-01T09:45:00","guid":{"rendered":"https:\/\/elfederalmendoza.com\/?p=33292"},"modified":"2024-07-01T10:55:15","modified_gmt":"2024-07-01T13:55:15","slug":"a-50-anos-de-la-muerte-de-peron-nelly-rivas-la-nina-amante-de-peron-que-los-militares-confinaron-en-un-reformatorio","status":"publish","type":"post","link":"https:\/\/elfederalmendoza.com.ar\/index.php\/2024\/07\/01\/a-50-anos-de-la-muerte-de-peron-nelly-rivas-la-nina-amante-de-peron-que-los-militares-confinaron-en-un-reformatorio\/","title":{"rendered":"A 50 a\u00f1os de la muerte de Per\u00f3n: Nelly Rivas, la \u201cni\u00f1a amante\u201d de Per\u00f3n que los militares confinaron en un reformatorio"},"content":{"rendered":"\n<p>Por <a href=\"https:\/\/www.infobae.com\/autor\/nicolas-gilardi\/\">Nicol\u00e1s Gilardi<\/a><\/p>\n\n\n\n<p>Cuando ten\u00eda 14 a\u00f1os y pertenec\u00eda a la Uni\u00f3n de Estudiantes Secundarios, conoci\u00f3 al l\u00edder justicialista, que ten\u00eda 58 y cumpl\u00eda su segundo mandato presidencial.<strong> Las versiones y la historia detr\u00e1s de esta relaci\u00f3n.<\/strong><\/p>\n\n\n\n<p>\u201c<strong>No es grato hablar de este tema<\/strong>. Pero es obligado hacerlo porque tiene que ver con las modificaciones que sufri\u00f3 en esos a\u00f1os la personalidad de Per\u00f3n, y la incidencia que tuvieron en los acontecimientos del pa\u00eds\u201d, sostuvo\u00a0<strong>Felix Luna<\/strong>\u00a0al referirse al v\u00ednculo generado entre el l\u00edder justicialista y Nelly Rivas cuando promediaba el segundo periodo presidencial de Per\u00f3n.\u00a0<strong>Joseh Page<\/strong>, el bi\u00f3grafo norteamericano de Per\u00f3n, se pregunt\u00f3 en su cl\u00e1sico libro si Nelly \u201c<strong>era su amante o un mero ornamento\u201d<\/strong>, mientras que\u00a0<strong>Enrique Pav\u00f3n Pereyra<\/strong>\u00a0afirm\u00f3 que<strong>\u00a0de ninguna manera se trat\u00f3 de un amor er\u00f3tico.<\/strong><a href=\"https:\/\/www.infobae.com\/sociedad\/2024\/07\/01\/abal-medina-a-50-anos-de-la-muerte-de-peron-senti-un-enorme-vacio-el-dia-anterior-habia-caminado-por-ahi-rezando-por-el-general\/\" target=\"_blank\" rel=\"noreferrer noopener\"><\/a><\/p>\n\n\n\n<p>El v\u00ednculo entre ambos &#8211;<strong>Per\u00f3n ten\u00eda 58 a\u00f1os y ella 14<\/strong>&#8211; fue furiosamente criticado por los antiperonistas y utilizado por la autodenominada \u201cRevoluci\u00f3n Libertadora\u201d para mostrar la \u201cdecadencia moral\u201d del presidente depuesto en septiembre de 1955. El l\u00edder justicialista se refiri\u00f3 pocas veces al tema, pero siempre&nbsp;<strong>neg\u00f3 enf\u00e1ticamente&nbsp;<\/strong>haber mantenido una relaci\u00f3n amorosa con Rivas. Durante una rueda de prensa en Venezuela, uno de los pa\u00edses en los que estuvo desterrado, afirm\u00f3: \u201c<strong>Por mi edad y por mi experiencia, pueden tener la seguridad que no transgred\u00ed c\u00f3digo morales\u201d<\/strong>. Per\u00f3n atribu\u00eda los rumores a una \u201cverdadera campa\u00f1a de esc\u00e1ndalo\u201d lanzada por los militares que lo desalojaron del poder.<\/p>\n\n\n\n<p>M\u00e1s all\u00e1 de las distintas miradas y versiones, tras la ca\u00edda de Per\u00f3n,\u00a0<strong>Nelly y su familia padecieron persecuciones<\/strong>\u00a0por parte de la dictadura militar encabezada por Pedro Eugenio Aramburu e Isaac Rojas. Fue sometida al escarnio p\u00fablico y la persecuci\u00f3n judicial, sus padres fueron a parar a la c\u00e1rcel y\u00a0<strong>ella recluida en un asilo para prostitutas<\/strong>.<a href=\"https:\/\/www.infobae.com\/sociedad\/2024\/07\/01\/las-charlas-intimas-de-peron-con-su-custodio-confesiones-sobre-su-salud-y-el-antojo-de-la-galleta-de-campo\/\" target=\"_blank\" rel=\"noreferrer noopener\"><\/a><\/p>\n\n\n\n<p>Nelly conoci\u00f3 a Per\u00f3n en agosto de 1953, cuando ella era una estudiante secundaria, y el gobierno justicialista hab\u00eda instalado un importante centro de actividades deportivas en la residencia de Olivos, donde concurr\u00edan asiduamente los miembros de la UES (Uni\u00f3n de Estudiantes Secundarios)<\/p>\n\n\n\n<p><strong>\u201cQued\u00e9 muda. Sent\u00ed que un escalofr\u00edo me corr\u00eda por todo el cuerpo. Empec\u00e9 a temblar como una hoja (\u2026) Yo hab\u00eda quedado estupefacta ante su sencillez y cordialidad. Tampoco hab\u00eda esperado que fuera tan buen mozo\u201d<\/strong>. As\u00ed describi\u00f3 N\u00e9lida Hayde\u00e9 Rivas, \u201cNelly\u201d, su primer cara a cara con Per\u00f3n. Poco despu\u00e9s de ese primer encuentro y de otros posteriores, la joven pasar\u00eda a vivir en el Palacio Unzu\u00e9, que era usado por Per\u00f3n como residencia presidencial.<\/p>\n\n\n\n<p><a href=\"https:\/\/www.infobae.com\/sociedad\/2024\/07\/01\/el-ultimo-amor-de-peron-al-calor-del-caribe-y-una-fiebre-llamada-el-trancazo\/\" target=\"_blank\" rel=\"noreferrer noopener\"><\/a><\/p>\n\n\n\n<p><strong>La que sigue es su historia<\/strong><\/p>\n\n\n\n<p>Nelly naci\u00f3 el 21 de abril de 1939 en el hospital Rawson y fue la \u00fanica hija de Jos\u00e9 Mar\u00eda Rivas y Mar\u00eda Sebastiana Viva, un matrimonio de condici\u00f3n humilde, que adhiri\u00f3 al peronismo desde sus inicios, atra\u00eddo por la pol\u00edtica social del incipiente movimiento. Nelly record\u00f3 en sus memorias que sus padres eran \u201cdemasiado pobres\u201d para comprarle juguetes y que&nbsp;<strong>la primera vez que tuvieron \u201cun pan dulce para Navidad\u201d fue cuando Per\u00f3n \u201cdecret\u00f3 que se pagara a los trabajadores un aguinaldo\u201d<\/strong>&nbsp;para esas fechas festivas, en 1946.<\/p>\n\n\n\n<p><img loading=\"lazy\" decoding=\"async\" height=\"557\" width=\"770\" srcset=\"https:\/\/www.infobae.com\/new-resizer\/wdQJHImnpY3vwgiiT3l5VhgCsvc=\/420x315\/filters:format(webp):quality(85)\/cloudfront-us-east-1.images.arcpublishing.com\/infobae\/EYREOOFRNFHOTOJGLVTS63Y2IQ.jpg 420w,https:\/\/www.infobae.com\/new-resizer\/IT4_UyuSdQe_SkyLxEmwtITAbvw=\/768x576\/filters:format(webp):quality(85)\/cloudfront-us-east-1.images.arcpublishing.com\/infobae\/EYREOOFRNFHOTOJGLVTS63Y2IQ.jpg 768w,https:\/\/www.infobae.com\/new-resizer\/XzkPL0eQvXl9g-bWUnRMPAz3KjE=\/992x744\/filters:format(webp):quality(85)\/cloudfront-us-east-1.images.arcpublishing.com\/infobae\/EYREOOFRNFHOTOJGLVTS63Y2IQ.jpg 992w,https:\/\/www.infobae.com\/new-resizer\/JmblmIy0kCQMslJjZiv4hwK5898=\/1200x900\/filters:format(webp):quality(85)\/cloudfront-us-east-1.images.arcpublishing.com\/infobae\/EYREOOFRNFHOTOJGLVTS63Y2IQ.jpg 1200w,https:\/\/www.infobae.com\/new-resizer\/WO-zPbQ5-x7hTgmEmG6ujcbQbe4=\/1440x1080\/filters:format(webp):quality(85)\/cloudfront-us-east-1.images.arcpublishing.com\/infobae\/EYREOOFRNFHOTOJGLVTS63Y2IQ.jpg 1440w\" class=\"\" src=\"https:\/\/www.infobae.com\/new-resizer\/wdQJHImnpY3vwgiiT3l5VhgCsvc=\/420x315\/filters:format(webp):quality(85)\/cloudfront-us-east-1.images.arcpublishing.com\/infobae\/EYREOOFRNFHOTOJGLVTS63Y2IQ.jpg%20420w\" alt=\"Nelly Rivas, de peque\u00f1a, a los cinco a\u00f1os, junto a su madre\"><\/p>\n\n\n\n<p>Nelly Rivas, de peque\u00f1a, a los cinco a\u00f1os, junto a su madre<\/p>\n\n\n\n<p>Rivas era obrero en la f\u00e1brica de golosinas Noel y su esposa trabajaba como portera en un edificio de departamentos. La hija \u201cfue una buena alumna\u201d y ten\u00eda \u201clas mejores notas\u201d, cuenta\u00a0<strong>Juan Ovidio Zavala<\/strong>, abogado de la familia cuando esta tuvo que enfrentar a\u00f1os m\u00e1s tarde a la justicia, en su libro\u00a0<em>Amor y Violencia, la verdadera historia de Per\u00f3n y Nelly Rivas<\/em>\u00a0(Planeta, 2014). En 1951, cuando Nelly estaba por terminar la primaria, su padre se enferm\u00f3 y eso complic\u00f3 a\u00fan m\u00e1s la d\u00e9bil econom\u00eda familiar. \u201cMuy pronto nos encontramos sumidos en deudas: cuentas de hospital y de m\u00e9dicos, adem\u00e1s de los car\u00edsimos medicamentos importados\u201d, narr\u00f3 Nelly en sus memorias,\u00a0<strong>publicadas\u00a0en agosto de 2017\u00a0por Infobae<\/strong>,la primera vez que lo hizo un medio argentino.<\/p>\n\n\n\n<h2 class=\"wp-block-heading\">La UES, v\u00eda de encuentro entre Nelly y Per\u00f3n<\/h2>\n\n\n\n<p>Corr\u00eda el a\u00f1o 1953 y el gobierno peronista no atravesaba su mejor momento. La econom\u00eda viv\u00eda un momento de turbulencias y los frentes de conflicto crec\u00edan d\u00eda a d\u00eda. Adem\u00e1s, Per\u00f3n estaba afligido por la muerte Evita, ocurrida el 26 de julio del a\u00f1o anterior. El presidente \u201chab\u00eda ca\u00eddo en una profunda depresi\u00f3n\u201d, explica la investigadora&nbsp;<strong>Araceli Bellota<\/strong>, en su libro&nbsp;<em>Las mujeres de Per\u00f3n<\/em>&nbsp;(Planeta, 2005). En ese contexto, al ministro de Educaci\u00f3n, Armando M\u00e9ndez San Mart\u00edn, \u201cse le ocurri\u00f3 inventar la Uni\u00f3n de Estudiantes Secundarios (UES)\u201d, una agrupaci\u00f3n juvenil, cultural y deportiva , con dos ramas, una masculina y otra femenina, que comenz\u00f3 a funcionar en la quinta presidencial de Olivos.<\/p>\n\n\n\n<p><img loading=\"lazy\" decoding=\"async\" height=\"552\" width=\"770\" srcset=\"https:\/\/www.infobae.com\/new-resizer\/4FMRs-WStu7fArJk7GvlotK2fm4=\/420x315\/filters:format(webp):quality(85)\/cloudfront-us-east-1.images.arcpublishing.com\/infobae\/LCPBACLT4NEA3HSQ3BUDSWCTAQ.jpg 420w,https:\/\/www.infobae.com\/new-resizer\/4yLkqdFVEQS9np_KquX50ynfWHc=\/768x576\/filters:format(webp):quality(85)\/cloudfront-us-east-1.images.arcpublishing.com\/infobae\/LCPBACLT4NEA3HSQ3BUDSWCTAQ.jpg 768w,https:\/\/www.infobae.com\/new-resizer\/yhAv8pYl4QMDBRFwkoifkLpBBhY=\/992x744\/filters:format(webp):quality(85)\/cloudfront-us-east-1.images.arcpublishing.com\/infobae\/LCPBACLT4NEA3HSQ3BUDSWCTAQ.jpg 992w,https:\/\/www.infobae.com\/new-resizer\/mCUJVcu5CfKnXWzWL_7Vdlc0rXU=\/1200x900\/filters:format(webp):quality(85)\/cloudfront-us-east-1.images.arcpublishing.com\/infobae\/LCPBACLT4NEA3HSQ3BUDSWCTAQ.jpg 1200w,https:\/\/www.infobae.com\/new-resizer\/5itE1bSFz1MHmtwf97VMYzELIrY=\/1440x1080\/filters:format(webp):quality(85)\/cloudfront-us-east-1.images.arcpublishing.com\/infobae\/LCPBACLT4NEA3HSQ3BUDSWCTAQ.jpg 1440w\" class=\"\" src=\"https:\/\/www.infobae.com\/new-resizer\/4FMRs-WStu7fArJk7GvlotK2fm4=\/420x315\/filters:format(webp):quality(85)\/cloudfront-us-east-1.images.arcpublishing.com\/infobae\/LCPBACLT4NEA3HSQ3BUDSWCTAQ.jpg%20420w\" alt=\"Per\u00f3n, rodeado de estudiantes de la UES\"><\/p>\n\n\n\n<p>Per\u00f3n, rodeado de estudiantes de la UES<\/p>\n\n\n\n<p>El funcionario a cargo de la cartera educativa \u201cten\u00eda la esperanza de que el general se entusiasmara con la idea y de que los j\u00f3venes le contagiaran un poco de alegr\u00eda\u201d. As\u00ed fue que Olivos se convirti\u00f3 \u201cen un enorme club femenino\u201d. M\u00e9ndez San Mart\u00edn acert\u00f3 con su plan de cambiar el \u00e1nimo de Per\u00f3n, ya que la \u201cUES renov\u00f3 el entusiasmo del presidente\u201d, afirma Bellota.&nbsp;<strong>Pero todo termin\u00f3 en esc\u00e1ndalo: una de las chicas de la UES era Nelly Rivas.<\/strong><\/p>\n\n\n\n<h2 class=\"wp-block-heading\">El primer cara a cara<\/h2>\n\n\n\n<p>En agosto de 1953, una amiga de Nelly, Teresa, la convenci\u00f3 de concurrir a Olivos con la UES, con la excusa de que podr\u00eda ver pel\u00edculas gratis. A Nelly le gustaba mucho ir al cine. Incluso iba sola, a ver el continuado de dos o tres filmes. Finalmente, las dos amigas concurrieron a Olivos, donde<strong>&nbsp;se produjo el primer cara a cara con Per\u00f3n<\/strong>. As\u00ed lo cont\u00f3 la propia Nelly:<\/p>\n\n\n\n<p><em>Estaba encendiendo un cigarrillo de espaldas a nosotras. Luego se di\u00f3 vuelta y sus ojos se posaron en m\u00ed.<\/em><\/p>\n\n\n\n<p><em>Me sonri\u00f3: \u00abVeo que tenemos una chica nueva hoy. \u00bfQu\u00e9 tal, \u00f1atita; le gusta la U.E.S.?\u00bb.<\/em><\/p>\n\n\n\n<p><em>Qued\u00e9 muda. Sent\u00ed que un escalofr\u00edo me corr\u00eda por todo el cuerpo. Empec\u00e9 a temblar como una hoja.<\/em><\/p>\n\n\n\n<p><em>Segu\u00ed temblando, a\u00fan despu\u00e9s que \u00e9l se hab\u00eda ido. \u00a1Hab\u00eda visto al famoso presidente Per\u00f3n y \u00e9l me hab\u00eda hablado! Apenas pod\u00eda caminar.<\/em><\/p>\n\n\n\n<p><em>-\u00bfQu\u00e9 te pasa?, me pregunt\u00f3 Teresa extra\u00f1ada. Ven\u00eds aqu\u00ed por primera vez, el general te habla y no eres capaz de contestarle.<\/em><\/p>\n\n\n\n<p><em>Yo hab\u00eda quedado estupefacta ante la sencillez y cordialidad de Per\u00f3n. Tampoco hab\u00eda esperado que fuera tan buen mozo.<\/em><\/p>\n\n\n\n<p>Ese primer encuentro impact\u00f3 fuertemente en Nelly, que por entonces ten\u00eda 14 a\u00f1os. En su libro, Zavala recogi\u00f3 el testimonio de la chica sobre estas primeras sensaciones que vivi\u00f3: \u201cPer\u00f3n, en nuestra casa de trabajadores, era un dios (\u2026) Ser\u00eda una gran falsedad no reconocer que cada una de nosotras quer\u00eda ser una segunda Evita\u201d.<\/p>\n\n\n\n<p><img loading=\"lazy\" decoding=\"async\" height=\"1110\" width=\"770\" srcset=\"https:\/\/www.infobae.com\/new-resizer\/vKwAgacmBNXmsO2Y-2U8O4TPEiM=\/420x630\/filters:format(webp):quality(85)\/cloudfront-us-east-1.images.arcpublishing.com\/infobae\/GQ2S2CBOBZAI5ORSQ5MGAUQNGU.jpg 420w,https:\/\/www.infobae.com\/new-resizer\/vTP0Cb8tQW0kCvAIhG5rk9G92Ko=\/768x1152\/filters:format(webp):quality(85)\/cloudfront-us-east-1.images.arcpublishing.com\/infobae\/GQ2S2CBOBZAI5ORSQ5MGAUQNGU.jpg 768w,https:\/\/www.infobae.com\/new-resizer\/LXMzxh6PQ51ezqMgGgyorn81keU=\/992x1488\/filters:format(webp):quality(85)\/cloudfront-us-east-1.images.arcpublishing.com\/infobae\/GQ2S2CBOBZAI5ORSQ5MGAUQNGU.jpg 992w,https:\/\/www.infobae.com\/new-resizer\/ky0WWOS2jnzP4P9sxGmmBy1zECE=\/1200x1800\/filters:format(webp):quality(85)\/cloudfront-us-east-1.images.arcpublishing.com\/infobae\/GQ2S2CBOBZAI5ORSQ5MGAUQNGU.jpg 1200w\" class=\"\" src=\"https:\/\/www.infobae.com\/new-resizer\/vKwAgacmBNXmsO2Y-2U8O4TPEiM=\/420x630\/filters:format(webp):quality(85)\/cloudfront-us-east-1.images.arcpublishing.com\/infobae\/GQ2S2CBOBZAI5ORSQ5MGAUQNGU.jpg%20420w\" alt=\"Una fotograf\u00eda de Nelly Rivas cuando ten\u00eda 15 a\u00f1os\"><\/p>\n\n\n\n<p>Una fotograf\u00eda de Nelly Rivas cuando ten\u00eda 15 a\u00f1os<\/p>\n\n\n\n<p>Con el correr de los d\u00edas, creci\u00f3 el entusiasmo de Nelly, que procuraba concurrir asiduamente a las actividades de la UES para poder estar cerca de Per\u00f3n. As\u00ed fue que comenz\u00f3 a mantener di\u00e1logos frecuentes con el mandatario e incluso le pidi\u00f3 que le ense\u00f1e a andar en motoneta. Estos veh\u00edculos pod\u00edan verse en cantidad en la residencia de Olivos, ya que formaban parte de las actividades habituales de las j\u00f3venes de la UES. Vale aclarar que las autoridades peronistas hab\u00edan dado su respaldo a la empresa Siam, que produc\u00eda motonetas nacionales similares a las italianas Vespa y Lambretta. De esta manera, la UES tuvo a su disposici\u00f3n dos centenares de las llamadas Siambrettas.<\/p>\n\n\n\n<p><strong>Pero las intenciones de Nelly fueron percibidas por M\u00e9ndez San Mart\u00edn, que intent\u00f3 impedirle el ingreso a la residencia, aunque sin \u00e9xito, ya que la propia chica recurri\u00f3 a Per\u00f3n para solucionar el asunto.<\/strong><\/p>\n\n\n\n<p>Todo sigui\u00f3 avanzando y Nelly, con otra veintena de chicas celebraron la Navidad con Per\u00f3n. En su libro, Bellota cuenta c\u00f3mo se desarroll\u00f3 la velada:&nbsp;<strong>\u201cA la hora de sentarse a la mesa, todas quer\u00edan estar cerca de Per\u00f3n, pero \u00e9l eligi\u00f3 a Nelly para que se ubicara a su derecha\u201d<\/strong>. Los festejos se repitieron en a\u00f1o nuevo, en la casa que Per\u00f3n ten\u00eda en San Vicente. All\u00ed estuvo Nelly, junto con otras cuatro chicas.&nbsp;<strong>Fue la primera vez que Nelly durmi\u00f3 fuera de su casa.<\/strong>&nbsp;Su padre en principio se opuso, pero ella logr\u00f3 convencerlo.<\/p>\n\n\n\n<h2 class=\"wp-block-heading\">Los caniches de Per\u00f3n, la excusa para entrar al Palacio Unzu\u00e9<\/h2>\n\n\n\n<p>Como Per\u00f3n no hab\u00eda ido a Olivos en los primeros d\u00edas del a\u00f1o 1954, Nelly decidi\u00f3 presentarse en el Palacio Unzu\u00e9, la residencia presidencial de Recoleta utilizada por Per\u00f3n en sus dos primeros mandatos,&nbsp;<strong>demolida tras su ca\u00edda por los uniformados de la \u201cLibertadora\u201d<\/strong>, empe\u00f1ados en borrar todo vestigio de peronismo. La joven insisti\u00f3 tanto en verlo, que los empleados finalmente llamaron al Presidente, que no pudo ocultar su sorpresa por la presencia de Nelly.<\/p>\n\n\n\n<p>A partir de ese d\u00eda, la jovencita, que ten\u00eda todo el d\u00eda libre porque estaba en el receso escolar de verano, comenz\u00f3 a concurrir asiduamente a la residencia, donde almorzaba y cenaba con Per\u00f3n, ve\u00eda pel\u00edculas en el cine privado, cuidaba a los caniches \u201cMonito\u201d y \u201cTinolita\u201d y luego, a la noche, era llevada a su casa por un chofer de presidencia.<\/p>\n\n\n\n<p><img loading=\"lazy\" decoding=\"async\" height=\"748\" width=\"770\" srcset=\"https:\/\/www.infobae.com\/new-resizer\/6KUpsjD1It8LrfaarNh_rzvBfhc=\/420x420\/filters:format(webp):quality(85)\/cloudfront-us-east-1.images.arcpublishing.com\/infobae\/2J6CIKTEENGRXJZJFQSEOX4N6Q.jpg 420w,https:\/\/www.infobae.com\/new-resizer\/bW_Se0XsVStyH4ZJLCpT8gERx1E=\/768x768\/filters:format(webp):quality(85)\/cloudfront-us-east-1.images.arcpublishing.com\/infobae\/2J6CIKTEENGRXJZJFQSEOX4N6Q.jpg 768w,https:\/\/www.infobae.com\/new-resizer\/qLtk0qGzRblavyiPrwiP_qG-ZY8=\/992x992\/filters:format(webp):quality(85)\/cloudfront-us-east-1.images.arcpublishing.com\/infobae\/2J6CIKTEENGRXJZJFQSEOX4N6Q.jpg 992w,https:\/\/www.infobae.com\/new-resizer\/qPDO4HCwUIVwBAJ-hxkIdQ59uLc=\/1200x1200\/filters:format(webp):quality(85)\/cloudfront-us-east-1.images.arcpublishing.com\/infobae\/2J6CIKTEENGRXJZJFQSEOX4N6Q.jpg 1200w,https:\/\/www.infobae.com\/new-resizer\/5Xt1TLbGNlLPLUS6UtB3hBrwjrQ=\/1440x1440\/filters:format(webp):quality(85)\/cloudfront-us-east-1.images.arcpublishing.com\/infobae\/2J6CIKTEENGRXJZJFQSEOX4N6Q.jpg 1440w\" class=\"\" src=\"https:\/\/www.infobae.com\/new-resizer\/6KUpsjD1It8LrfaarNh_rzvBfhc=\/420x420\/filters:format(webp):quality(85)\/cloudfront-us-east-1.images.arcpublishing.com\/infobae\/2J6CIKTEENGRXJZJFQSEOX4N6Q.jpg%20420w\" alt=\"Nelly con los caniches \u201cMonito\u201d y \u201cTinolita\u201d\"><\/p>\n\n\n\n<p>Nelly con los caniches \u201cMonito\u201d y \u201cTinolita\u201d<\/p>\n\n\n\n<p>Nelly se encari\u00f1\u00f3 tanto con \u201cMonito\u201d, el caniche blanco, que algunos d\u00edas se lo empez\u00f3 a llevar a su casa. Pero el personal dom\u00e9stico se quej\u00f3 de que la otra perrita, \u201cTinolita\u201d, la caniche gris oscura, lloraba por las noches. Esa fue la excusa perfecta que eligi\u00f3 Nelly para pedirle a sus padres que la dejaran mudarse a la residencia. \u201cCon este argumento venc\u00ed la resistencia de mi padre y obtuve su permiso para establecerme en el Palacio del Presidente\u201d, explic\u00f3 sobre esto la propia Nelly. As\u00ed, pas\u00f3 a ocupar el dormitorio que hab\u00eda pertenecido a Evita.<\/p>\n\n\n\n<p>El v\u00ednculo entre Nelly y Per\u00f3n era solo conocido puertas adentro, hasta que se mostraron cercanos en Mar del Plata, en marzo de 1954, durante la inauguraci\u00f3n del Festival Cinematogr\u00e1fico Internacional, un evento impulsado por Ra\u00fal Alejandro Apold, el subsecretario de Prensa y Difusi\u00f3n. Felix Luna, en&nbsp;<em>Per\u00f3n y su tiempo III. El r\u00e9gimen exhausto,1953-1955&nbsp;<\/em>(Sudamericana, 2013) escribe:&nbsp;<strong>\u201cNi los mentideros de la oposici\u00f3n la detectaron ni el c\u00edrculo que rodeaba al presidente dej\u00f3 que se filtrara. Nada se supo de esta debilidad de Per\u00f3n hasta su derrocamiento\u201d.<\/strong><\/p>\n\n\n\n<p>Aparentemente, Per\u00f3n en principio no estaba convencido de concurrir al evento, por lo que Apold le pidi\u00f3 a Nelly que lo ayude a lograr que el general cambie de opini\u00f3n.&nbsp;<strong>\u201cPapaito, la nena quiere ir a Mar del Plata\u201d<\/strong>, le pidi\u00f3 Nelly a Per\u00f3n, seg\u00fan ella misma cont\u00f3. Al principio, el presidente estuvo reticente, pero ante la insistencia cedi\u00f3.<\/p>\n\n\n\n<p>Una vez confirmado el viaje a la ciudad balnearia,&nbsp;<strong>Per\u00f3n le abri\u00f3 a Nelly el vestuario de Evita.<\/strong>&nbsp;\u201cMe condujo hasta el fabuloso cuarto que encerraba los vestidos de fiesta de Eva Per\u00f3n. Muchos de ellos, modelos de los m\u00e1s famosos modistos de Par\u00eds. Eleg\u00ed tres trajes de Dior y uno de Marcel Rochas. No hab\u00edan sido jam\u00e1s usados. Para acompa\u00f1ar estos trajes, el General me dio una estola de vis\u00f3n azul y una capa de vis\u00f3n natural\u201d, escribi\u00f3 Nelly en sus memorias.<\/p>\n\n\n\n<p><img loading=\"lazy\" decoding=\"async\" height=\"699\" width=\"770\" srcset=\"https:\/\/www.infobae.com\/new-resizer\/AQMFFQF6rG_L051Re7Yzsp6kz6M=\/420x420\/filters:format(webp):quality(85)\/cloudfront-us-east-1.images.arcpublishing.com\/infobae\/6FYNT3LFGJH6ZOIEKXXVALCBY4.jpg 420w,https:\/\/www.infobae.com\/new-resizer\/WBTDLW5FDVDUjyzJBZZgh1o2rSs=\/768x768\/filters:format(webp):quality(85)\/cloudfront-us-east-1.images.arcpublishing.com\/infobae\/6FYNT3LFGJH6ZOIEKXXVALCBY4.jpg 768w,https:\/\/www.infobae.com\/new-resizer\/5ejpiW7LYaW2y44aIjPEfOKeqyA=\/992x992\/filters:format(webp):quality(85)\/cloudfront-us-east-1.images.arcpublishing.com\/infobae\/6FYNT3LFGJH6ZOIEKXXVALCBY4.jpg 992w,https:\/\/www.infobae.com\/new-resizer\/vlwHBI69OfV-o1bx25Q5zX8oQZ0=\/1200x1200\/filters:format(webp):quality(85)\/cloudfront-us-east-1.images.arcpublishing.com\/infobae\/6FYNT3LFGJH6ZOIEKXXVALCBY4.jpg 1200w,https:\/\/www.infobae.com\/new-resizer\/5YIPAJRBHPBP5HagD0HJMEX8mlo=\/1440x1440\/filters:format(webp):quality(85)\/cloudfront-us-east-1.images.arcpublishing.com\/infobae\/6FYNT3LFGJH6ZOIEKXXVALCBY4.jpg 1440w\" class=\"\" src=\"https:\/\/www.infobae.com\/new-resizer\/AQMFFQF6rG_L051Re7Yzsp6kz6M=\/420x420\/filters:format(webp):quality(85)\/cloudfront-us-east-1.images.arcpublishing.com\/infobae\/6FYNT3LFGJH6ZOIEKXXVALCBY4.jpg%20420w\" alt=\"Nelly Rivas en una de las famosas motonetas que usaban las j\u00f3venes de la UES\"><\/p>\n\n\n\n<p>Nelly Rivas en una de las famosas motonetas que usaban las j\u00f3venes de la UES<\/p>\n\n\n\n<h2 class=\"wp-block-heading\">\u00bfRelaci\u00f3n sentimental?<\/h2>\n\n\n\n<p>En sus memorias, Nelly afirm\u00f3 que en principio el v\u00ednculo con Per\u00f3n era como \u201cel de un padre como una hija\u201d, pero que finalmente las cosas fueron m\u00e1s all\u00e1. Lo explic\u00f3 de esta manera:&nbsp;<strong>\u201cDurante los primeros d\u00edas de mi permanencia en la residencia, las relaciones entre Per\u00f3n y yo se mantuvieron en el plano de padre e hija. De pronto, sin darnos siquiera cuenta como, la atracci\u00f3n mutua que se hab\u00eda venido apoderando de nosotros, nos venci\u00f3. Todo sucedi\u00f3 a la vez, repentina e inesperadamente\u201d.<\/strong><\/p>\n\n\n\n<p>Por su parte, Zavala, que en su libro reconstruy\u00f3 lo que Nelly le fue contando durante varios a\u00f1os, asegur\u00f3 que \u00abella precipita los sucesos porque es la que finalmente toma la decisi\u00f3n\u00bb. Y agreg\u00f3: \u00abProcedi\u00f3 como cualquier mujer de esa edad que resulta cautivada por un hombre\u00bb.<\/p>\n\n\n\n<p>Pero,&nbsp;<strong>\u00bfqu\u00e9 dijo Per\u00f3n?<\/strong>&nbsp;No fueron muchas las ocasiones en que acept\u00f3 referirse al tema. Una de las pocas veces que lo hizo fue en una conferencia de prensa, en Venezuela, uno de los pa\u00edses en los que estuvo exiliado.&nbsp;<strong>\u00abEsa se\u00f1orita a quien conoc\u00ed, era una ni\u00f1a que concurr\u00eda como muchas otras a la UES. Es una criatura, y como hombre no pude o no puedo ver en ella m\u00e1s que lo que es: una nena. Por mi edad, por mi experiencia, pueden tener la seguridad que no transgred\u00ed c\u00f3digos morales\u00bb.<\/strong><\/p>\n\n\n\n<p><img loading=\"lazy\" decoding=\"async\" alt=\"Juan Domingo Per\u00f3n durante la proyecci\u00f3n de una pel\u00edcula en el Festival de Cine de Mar del Plata, en 1954\" height=\"630\" width=\"1000\" class=\"\" src=\"https:\/\/www.infobae.com\/new-resizer\/ysFUOjC46IoHraWcA294jNaiIog=\/992x606\/filters:format(webp):quality(85)\/cloudfront-us-east-1.images.arcpublishing.com\/infobae\/HQO6UAU445DKDA2XU74D3ER2OQ.jpg%20992w\" srcset=\"https:\/\/www.infobae.com\/new-resizer\/ysFUOjC46IoHraWcA294jNaiIog=\/992x606\/filters:format(webp):quality(85)\/cloudfront-us-east-1.images.arcpublishing.com\/infobae\/HQO6UAU445DKDA2XU74D3ER2OQ.jpg 992w\">Juan Domingo Per\u00f3n durante la proyecci\u00f3n de una pel\u00edcula en el Festival de Cine de Mar del Plata, en 1954<\/p>\n\n\n\n<p>El tres veces presidente de los argentinos tambi\u00e9n aludi\u00f3 al asunto por escrito. Pocos despu\u00e9s de verse obligado a dejar el pa\u00eds tras ser derrocado, se dedic\u00f3 a escribir desde el exilio una serie de art\u00edculos, recopilados despu\u00e9s en forma de libros:&nbsp;<em>La fuerza es el derecho de las bestias&nbsp;<\/em>y&nbsp;<em>Del poder al exilio. Qui\u00e9nes y c\u00f3mo me derrocaron.<\/em><\/p>\n\n\n\n<p>En el primero, Per\u00f3n consign\u00f3:<em>&nbsp;\u201c<\/em>Muchas otras calumnias han sido arrojadas de ese \u2018tacho de desperdicios\u2019 que es la dictadura. Las hay hasta de car\u00e1cter \u00edntimo, que me niego ni siquiera a comentar porque, aunque obligado por las circunstancias y los circunstantes a \u2018chapalear en la inmundicia\u2019 no deseo salpicar a personas inocentes que nada tienen que ver con estas porquer\u00edas\u201d.<\/p>\n\n\n\n<p>Luego, en&nbsp;<em>Del poder al exilio. Qui\u00e9nes y c\u00f3mo me derrocaron,&nbsp;<\/em>Per\u00f3nafirm\u00f3:<em>&nbsp;\u201c<\/em>Nelly Rivas era una de las tantas chicas que frecuentaban los campos del deporte de la UES y que hab\u00edan recibido ayuda de los fondos asistenciales. Era una entre tantas\u201d. Y atribuy\u00f3 todo el&nbsp;<em>affaire&nbsp;<\/em>a&nbsp;<strong>una \u201ccampa\u00f1a de esc\u00e1ndalo\u201d de la dictadura de Aramburu y Rojas para \u201cdemoler al peronismo\u201d.<\/strong><\/p>\n\n\n\n<h2 class=\"wp-block-heading\">Derrocamiento y separaci\u00f3n<\/h2>\n\n\n\n<p>El 19 de septiembre de 1955, tres d\u00edas despu\u00e9s del inicio de la revoluci\u00f3n que pondr\u00eda fin al decenio peronista, Nelly vio por ante\u00faltima vez en su vida a Per\u00f3n. As\u00ed lo rememor\u00f3:<\/p>\n\n\n\n<p><em>El presidente Per\u00f3n, vestido con su uniforme de general, subi\u00f3 apresurademente las escaleras de la Residencia Presidencial y al llegar arriba me bes\u00f3. Hab\u00eda venido solo por unos momentos de la Casa de Gobierno desde donde dirig\u00eda las operaciones contra las fuerzas revolucionarias.<\/em><\/p>\n\n\n\n<p><em>Fue un beso como siempre y no me alarm\u00e9.<\/em><\/p>\n\n\n\n<p><em>-Hasta luego! me desped\u00ed, \u2013 Y que tengan suerte!<\/em><\/p>\n\n\n\n<p><em>Esa fue la \u00faltima vez que v\u00ed a Per\u00f3n. (NdR: luego lo volver\u00eda a ver una vez m\u00e1s, en 1973).<\/em><\/p>\n\n\n\n<p>La abrupta separaci\u00f3n de Per\u00f3n ser\u00eda solo el primer cap\u00edtulo de una serie de infortunios y persecuciones que la joven sufrir\u00eda a manos de las nuevas autoridades del pa\u00eds, que usaron el \u00abcaso Nelly Rivas\u00bb como paradigma de la \u00abcorrupci\u00f3n moral del tirano pr\u00f3fugo\u00bb.<\/p>\n\n\n\n<p><img loading=\"lazy\" decoding=\"async\" alt=\"Una de las cartas que Per\u00f3n le habr\u00eda enviado a Nelly Rivas desde la ca\u00f1onera paraguaya y que fue publicada por los diarios de la \u00e9poca\" height=\"3413\" width=\"1920\" class=\"\" src=\"https:\/\/www.infobae.com\/new-resizer\/BicuQXqH1RG_564YdjR3c-_C4kQ=\/420x747\/filters:format(webp):quality(85)\/cloudfront-us-east-1.images.arcpublishing.com\/infobae\/O6PXIMAUZ5BW3JKBHEBCN64AAM.jpg%20420w\" srcset=\"https:\/\/www.infobae.com\/new-resizer\/BicuQXqH1RG_564YdjR3c-_C4kQ=\/420x747\/filters:format(webp):quality(85)\/cloudfront-us-east-1.images.arcpublishing.com\/infobae\/O6PXIMAUZ5BW3JKBHEBCN64AAM.jpg 420w,https:\/\/www.infobae.com\/new-resizer\/vN9DJBOoDHomGBjcB2-XvFoa4cU=\/768x1365\/filters:format(webp):quality(85)\/cloudfront-us-east-1.images.arcpublishing.com\/infobae\/O6PXIMAUZ5BW3JKBHEBCN64AAM.jpg 768w,https:\/\/www.infobae.com\/new-resizer\/0X5kUgxmHgMV8evF0m5MxVrUmL4=\/992x1764\/filters:format(webp):quality(85)\/cloudfront-us-east-1.images.arcpublishing.com\/infobae\/O6PXIMAUZ5BW3JKBHEBCN64AAM.jpg 992w,https:\/\/www.infobae.com\/new-resizer\/OZGk04YNodDY8MTz3kEL7QUX_tI=\/1200x2133\/filters:format(webp):quality(85)\/cloudfront-us-east-1.images.arcpublishing.com\/infobae\/O6PXIMAUZ5BW3JKBHEBCN64AAM.jpg 1200w\">Una de las cartas que Per\u00f3n le habr\u00eda enviado a Nelly Rivas desde la ca\u00f1onera paraguaya y que fue publicada por los diarios de la \u00e9poca<\/p>\n\n\n\n<p>Per\u00f3n, refugiado en la ca\u00f1onera Paraguay, le escribi\u00f3 dos cartas a Nelly, pero estas fueron secuestradas por la polic\u00eda durante un procedimiento en la casa de la familia Rivas y luego entregadas a los medios de comunicaci\u00f3n, que no dudaron en publicar el contenido completo.&nbsp;<strong>\u201cQuerida nenita, lo que m\u00e1s extra\u00f1o es a vos y a los perros\u201d<\/strong>, dec\u00edan, entre otras cosas, las cartas del general, que promet\u00eda que la iba a mandar a buscar. La difusi\u00f3n de las misivas fue el primer golpe para Nelly. Per\u00f3n neg\u00f3 su autor\u00eda e incluso pidi\u00f3 un peritaje caligr\u00e1fico. Aparentemente, el ex presidente no supo en ese momento como hab\u00edan llegado las cartas a los diarios y pens\u00f3 que Nelly las hab\u00eda entregado, lo que hizo m\u00e1s hondo el dolor de la chica.<\/p>\n\n\n\n<p>En&nbsp;<em>Del poder al exilio<\/em>, Per\u00f3n asegur\u00f3 que mientras estaba refugiado en el nav\u00edo paraguayo ten\u00eda otras urgencias en las que pensar antes que ponerse a escribir cartas. As\u00ed se refiri\u00f3 al asunto: \u201cApenas supe que los peri\u00f3dicos argentinos hab\u00edan iniciado la comedia de las cartas, invit\u00e9 a los diarios a exhibir los originales y a someterlos a pericia caligr\u00e1fica. No respondieron a esta invitaci\u00f3n, atacaron sobre otros frentes y con otros sistemas\u201d.<\/p>\n\n\n\n<p>Y agreg\u00f3:&nbsp;<strong>\u201cLeer esa carta que se me atribuye mueve a risa<\/strong>. En aqu\u00e9l momento ten\u00eda otras cosas en que pensar que no era en motocicletas, para aliviar la amargura del exilio. Y por fin, despu\u00e9s de \u2018muchos besos y muchos pensamientos\u2019, enviados con tanto calor, yo habr\u00eda puesto al final de la carta una firma como la que estampaba durante mis actos de gobierno\u201d.<\/p>\n\n\n\n<p>Luego de esto y con la esperanza de volver a reunirse con Per\u00f3n, Nelly y su familia, contrataron un auto con chofer para viajar a Paraguay. Con ellos llevaban a los caniches del General, que Nelly hab\u00eda sacado de la residencia Unzu\u00e9 mientras se desarrollaba el golpe de Estado. Sin embargo,&nbsp;<strong>fueron detenidos en Formosa, les sacaron los documentos y tuvieron que regresar.<\/strong><\/p>\n\n\n\n<p><img loading=\"lazy\" decoding=\"async\" height=\"1378\" width=\"770\" srcset=\"https:\/\/www.infobae.com\/new-resizer\/68iMChsvPhgIStKEOa6Z-5C1YE8=\/420x747\/filters:format(webp):quality(85)\/cloudfront-us-east-1.images.arcpublishing.com\/infobae\/WL2QXXJJYFDNBEGU6JOOD3HJTQ.jpg 420w,https:\/\/www.infobae.com\/new-resizer\/aNZNXZdalQ_H49PdKSLVyXwKXOQ=\/768x1365\/filters:format(webp):quality(85)\/cloudfront-us-east-1.images.arcpublishing.com\/infobae\/WL2QXXJJYFDNBEGU6JOOD3HJTQ.jpg 768w,https:\/\/www.infobae.com\/new-resizer\/4xgv-vjeSMGmC9z2V6z70NPY_g0=\/992x1764\/filters:format(webp):quality(85)\/cloudfront-us-east-1.images.arcpublishing.com\/infobae\/WL2QXXJJYFDNBEGU6JOOD3HJTQ.jpg 992w,https:\/\/www.infobae.com\/new-resizer\/mro-mDMPwwOvqJw13murfamj6to=\/1200x2133\/filters:format(webp):quality(85)\/cloudfront-us-east-1.images.arcpublishing.com\/infobae\/WL2QXXJJYFDNBEGU6JOOD3HJTQ.jpg 1200w\" class=\"\" src=\"https:\/\/www.infobae.com\/new-resizer\/68iMChsvPhgIStKEOa6Z-5C1YE8=\/420x747\/filters:format(webp):quality(85)\/cloudfront-us-east-1.images.arcpublishing.com\/infobae\/WL2QXXJJYFDNBEGU6JOOD3HJTQ.jpg%20420w\" alt=\"Per\u00f3n, con gesto serio, en la ca\u00f1onera Paraguay (Archivo \u201cTodo es Historia\u201d)\n\"><\/p>\n\n\n\n<p>Per\u00f3n, con gesto serio, en la ca\u00f1onera Paraguay (Archivo \u201cTodo es Historia\u201d)<\/p>\n\n\n\n<h2 class=\"wp-block-heading\">Persecuci\u00f3n judicial<\/h2>\n\n\n\n<p>Con Per\u00f3n lejos del pa\u00eds, Nelly y su familia comenzaron a sufrir persecuciones. Al episodio de las cartas, le sucedi\u00f3 un ataque contra la madre, Mar\u00eda Sebastiana, a manos de un grupo de mujeres que la golpearon y le cortaron el pelo en la calle. Luego, el Tribunal Superior de Honor del Ej\u00e9rcito le abri\u00f3 un proceso a Per\u00f3n, en el que Nelly tuvo que testificar,&nbsp;<strong>siendo agraviada y coaccionada<\/strong>&nbsp;por los jueces militares, mientras que la justicia civil abri\u00f3 un expediente contra el ex presidente por&nbsp;<strong>el delito de estupro<\/strong>. Los padres de Nelly fueron acusados de complicidad con Per\u00f3n y tambi\u00e9n juzgados, por \u201cdelitos contra la integridad sexual\u201d, tipificados en el art\u00edculo 120 del C\u00f3digo Penal, que establece lo siguiente: \u201cSer\u00e1 reprimido con prisi\u00f3n o reclusi\u00f3n de tres a seis a\u00f1os el que realizare algunas de las acciones previstas en el segundo o en el tercer p\u00e1rrafo del art\u00edculo 119 con una persona menor de diecis\u00e9is a\u00f1os, aprovech\u00e1ndose de su inmadurez sexual, en raz\u00f3n de la mayor\u00eda de edad del autor, su relaci\u00f3n de preeminencia respecto de la v\u00edctima, u otra circunstancia equivalente, siempre que no resultare un delito m\u00e1s severamente penado\u201d.<\/p>\n\n\n\n<p>En\u00a0un art\u00edculo publicado en julio de 2021, el escritor Ignacio Cloppet revel\u00f3 c\u00f3mo las autoridades militares que derrocaron a Per\u00f3n falsearon el expediente del Tribunal de Honor que investigaba el caso Rivas, adulterando los testimonios recogidos con el fin de perjudicar al presidente depuesto.<\/p>\n\n\n\n<p><img loading=\"lazy\" decoding=\"async\" alt=\"La causa judicial contra los Rivas (archivo de Juan Ovidio Zavala)\n\" height=\"2965\" width=\"1920\" class=\"\" src=\"https:\/\/www.infobae.com\/new-resizer\/MNZwuYsaQn3mfYjwc3TJkj0U-6g=\/420x630\/filters:format(webp):quality(85)\/cloudfront-us-east-1.images.arcpublishing.com\/infobae\/SP2XAUOK7VAVJMGZD5FNKFC7AA.jpg%20420w\" srcset=\"https:\/\/www.infobae.com\/new-resizer\/MNZwuYsaQn3mfYjwc3TJkj0U-6g=\/420x630\/filters:format(webp):quality(85)\/cloudfront-us-east-1.images.arcpublishing.com\/infobae\/SP2XAUOK7VAVJMGZD5FNKFC7AA.jpg 420w,https:\/\/www.infobae.com\/new-resizer\/KYbaYTH9GR5kB23tdsZac082Ly0=\/768x1152\/filters:format(webp):quality(85)\/cloudfront-us-east-1.images.arcpublishing.com\/infobae\/SP2XAUOK7VAVJMGZD5FNKFC7AA.jpg 768w,https:\/\/www.infobae.com\/new-resizer\/PF-5rm1wFnc-Tv7tZe9Oz7D4A0U=\/992x1488\/filters:format(webp):quality(85)\/cloudfront-us-east-1.images.arcpublishing.com\/infobae\/SP2XAUOK7VAVJMGZD5FNKFC7AA.jpg 992w,https:\/\/www.infobae.com\/new-resizer\/Mvyx-xAahS1okFCLlJvWQLMKu3M=\/1200x1800\/filters:format(webp):quality(85)\/cloudfront-us-east-1.images.arcpublishing.com\/infobae\/SP2XAUOK7VAVJMGZD5FNKFC7AA.jpg 1200w\">La causa judicial contra los Rivas (archivo de Juan Ovidio Zavala)<\/p>\n\n\n\n<p>En ese contexto, la dictadura consider\u00f3 que Nelly no estaba segura con sus padres y decidi\u00f3 enviarla en mayo de 1956 al Asilo San Jos\u00e9,&nbsp;<strong>una oscura instituci\u00f3n en la que eran alojadas las prostitutas que la polic\u00eda detenida en las calles.<\/strong>&nbsp;Nelly estuvo 218 d\u00edas en ese lugar, donde su salud f\u00edsica y mental se debilit\u00f3 notablemente. Seg\u00fan Zavala,&nbsp;<strong>la joven pens\u00f3 en el suicidio durante su internaci\u00f3n.<\/strong>&nbsp;En julio, el padre de Nelly fue detenido en la c\u00e1rcel de Villa Devoto y su madre fue apresada en el Asilo Correccional de Mujeres.<\/p>\n\n\n\n<p><img loading=\"lazy\" decoding=\"async\" alt=\"Nelly Rivas reh\u00edzo su vida y se cas\u00f3 en 1958\" height=\"2441\" width=\"1920\" class=\"\" src=\"https:\/\/www.infobae.com\/new-resizer\/tk4BrrUDxmhmG1G8K-ByTPi7fSQ=\/420x560\/filters:format(webp):quality(85)\/cloudfront-us-east-1.images.arcpublishing.com\/infobae\/WSBRXGWVRBH6PJJBHHN5C6PBUQ.jpg%20420w\" srcset=\"https:\/\/www.infobae.com\/new-resizer\/tk4BrrUDxmhmG1G8K-ByTPi7fSQ=\/420x560\/filters:format(webp):quality(85)\/cloudfront-us-east-1.images.arcpublishing.com\/infobae\/WSBRXGWVRBH6PJJBHHN5C6PBUQ.jpg 420w,https:\/\/www.infobae.com\/new-resizer\/oUxicLC2M7dGUMxwGoJ7bKQUPbU=\/768x1024\/filters:format(webp):quality(85)\/cloudfront-us-east-1.images.arcpublishing.com\/infobae\/WSBRXGWVRBH6PJJBHHN5C6PBUQ.jpg 768w,https:\/\/www.infobae.com\/new-resizer\/k8nBeIBBcrxnGYuJjH5PeGFKtI0=\/992x1323\/filters:format(webp):quality(85)\/cloudfront-us-east-1.images.arcpublishing.com\/infobae\/WSBRXGWVRBH6PJJBHHN5C6PBUQ.jpg 992w,https:\/\/www.infobae.com\/new-resizer\/kWECrucYH5Pv35Mq6psy0Ph9erU=\/1200x1600\/filters:format(webp):quality(85)\/cloudfront-us-east-1.images.arcpublishing.com\/infobae\/WSBRXGWVRBH6PJJBHHN5C6PBUQ.jpg 1200w\">Nelly Rivas reh\u00edzo su vida y se cas\u00f3 en 1958<\/p>\n\n\n\n<p>A mediados de noviembre, Nelly fue puesta en \u00ablibertad vigilada\u00bb y entregada en custodia a su abuela paterna, Mar\u00eda Barros. Sus padres fueron liberados poco despu\u00e9s, aunque la causa judicial sigui\u00f3 su curso. El 29 de abril de 1960, el juez Alejandro Caride los absolvi\u00f3, pero el 11 de agosto de ese mismo a\u00f1o, la C\u00e1mara Nacional de Apelaciones en lo Criminal y Correccional revoc\u00f3 la sentencia de primera instancia y&nbsp;<strong>los conden\u00f3 a tres a\u00f1os de prisi\u00f3n, como autores del delito de estupro, en grado de participaci\u00f3n.<\/strong>&nbsp;Sin embargo, los Rivas se mantuvieron pr\u00f3fugos, por recomendaci\u00f3n de sus abogados, hasta que la pena prescribi\u00f3, en marzo de 1965. En el medio, Nelly encontr\u00f3 el amor en otro hombre, Carlos, con quien se cas\u00f3 en 1958, y tuvo dos hijos.<\/p>\n\n\n\n<p><img loading=\"lazy\" decoding=\"async\" height=\"1200\" width=\"770\" srcset=\"https:\/\/www.infobae.com\/new-resizer\/PSxt2DN9TpeN9Jjz4a0V6TQHf1Y=\/420x630\/filters:format(webp):quality(85)\/cloudfront-us-east-1.images.arcpublishing.com\/infobae\/CRST776RHNBY5OIW2JDLVEPWV4.jpg 420w,https:\/\/www.infobae.com\/new-resizer\/FoIL0jaWM58SUTDSW4O8lVF8MyU=\/768x1152\/filters:format(webp):quality(85)\/cloudfront-us-east-1.images.arcpublishing.com\/infobae\/CRST776RHNBY5OIW2JDLVEPWV4.jpg 768w,https:\/\/www.infobae.com\/new-resizer\/2eo0dbsK57ftVpsN_iMRwYEYL-M=\/992x1488\/filters:format(webp):quality(85)\/cloudfront-us-east-1.images.arcpublishing.com\/infobae\/CRST776RHNBY5OIW2JDLVEPWV4.jpg 992w,https:\/\/www.infobae.com\/new-resizer\/3OqnDKpSUjgcCgfdwEDDSoT7ef4=\/1200x1800\/filters:format(webp):quality(85)\/cloudfront-us-east-1.images.arcpublishing.com\/infobae\/CRST776RHNBY5OIW2JDLVEPWV4.jpg 1200w\" class=\"\" src=\"https:\/\/www.infobae.com\/new-resizer\/PSxt2DN9TpeN9Jjz4a0V6TQHf1Y=\/420x630\/filters:format(webp):quality(85)\/cloudfront-us-east-1.images.arcpublishing.com\/infobae\/CRST776RHNBY5OIW2JDLVEPWV4.jpg%20420w\" alt=\"Nelly Rivas, en 1960, con uno de sus hijos en brazos. Detr\u00e1s, su madre\"><\/p>\n\n\n\n<p>Nelly Rivas, en 1960, con uno de sus hijos en brazos. Detr\u00e1s, su madre<\/p>\n\n\n\n<h2 class=\"wp-block-heading\">Reencuentro con Per\u00f3n<\/h2>\n\n\n\n<p>Durante el largo exilio de Per\u00f3n, Nelly no tuvo ning\u00fan tipo de contacto con el l\u00edder justicialista y el reencuentro, breve, se produjo\u00a0<strong>18 a\u00f1os despu\u00e9s<\/strong>\u00a0en diciembre de 1973, cuando Per\u00f3n ya era nuevamente presidente. Nelly no pudo contener su emoci\u00f3n y le cont\u00f3 al general todo lo que hab\u00eda sufrido en su ausencia.\u00a0<strong>Ambos lloraron<\/strong>. Ya m\u00e1s tranquilos, Per\u00f3n le pregunt\u00f3 en que la pod\u00eda ayudar, si necesitaba algo.\u00a0<strong>\u201cPorque tu comprendes que \u00e9sta es la \u00faltima vez que nos vemos\u201d<\/strong>, le dijo.\u00a0<strong>Y as\u00ed fue, no volvieron a verse<\/strong>. Per\u00f3n muri\u00f3 meses despu\u00e9s, el 1 de julio de 1974, en medio de un clima hostil, de violencia creciente en el pa\u00eds. Nelly vivi\u00f3 muchos a\u00f1os m\u00e1s. Lejos de las luces y la pol\u00edtica,<strong> falleci\u00f3 el 28 de agosto de 2012, a los 73 a\u00f1os.<\/strong><\/p>\n\n\n\n<p>Infobae<\/p>\n","protected":false},"excerpt":{"rendered":"<p>Por Nicol\u00e1s Gilardi Cuando ten\u00eda 14 a\u00f1os y pertenec\u00eda a la Uni\u00f3n de Estudiantes Secundarios, conoci\u00f3 al l\u00edder justicialista, que ten\u00eda 58 y cumpl\u00eda su segundo mandato presidencial. Las versiones y la historia detr\u00e1s de esta relaci\u00f3n. \u201cNo es grato hablar de este tema. Pero es obligado hacerlo porque tiene que ver con las modificaciones<a class=\"read-more\" href=\"https:\/\/elfederalmendoza.com.ar\/index.php\/2024\/07\/01\/a-50-anos-de-la-muerte-de-peron-nelly-rivas-la-nina-amante-de-peron-que-los-militares-confinaron-en-un-reformatorio\/\"> [&hellip;]<\/a><\/p>\n","protected":false},"author":2,"featured_media":33294,"comment_status":"open","ping_status":"open","sticky":false,"template":"","format":"standard","meta":{"footnotes":""},"categories":[5618],"tags":[],"class_list":["post-33292","post","type-post","status-publish","format-standard","has-post-thumbnail","hentry","category-arg"],"rttpg_featured_image_url":{"full":["https:\/\/elfederalmendoza.com.ar\/wp-content\/uploads\/2024\/07\/nelly-rivas.jpg",1494,832,false],"landscape":["https:\/\/elfederalmendoza.com.ar\/wp-content\/uploads\/2024\/07\/nelly-rivas.jpg",1494,832,false],"portraits":["https:\/\/elfederalmendoza.com.ar\/wp-content\/uploads\/2024\/07\/nelly-rivas.jpg",1494,832,false],"thumbnail":["https:\/\/elfederalmendoza.com.ar\/wp-content\/uploads\/2024\/07\/nelly-rivas-150x150.jpg",150,150,true],"medium":["https:\/\/elfederalmendoza.com.ar\/wp-content\/uploads\/2024\/07\/nelly-rivas-300x167.jpg",300,167,true],"large":["https:\/\/elfederalmendoza.com.ar\/wp-content\/uploads\/2024\/07\/nelly-rivas-1024x570.jpg",640,356,true],"1536x1536":["https:\/\/elfederalmendoza.com.ar\/wp-content\/uploads\/2024\/07\/nelly-rivas.jpg",1494,832,false],"2048x2048":["https:\/\/elfederalmendoza.com.ar\/wp-content\/uploads\/2024\/07\/nelly-rivas.jpg",1494,832,false],"ultp_layout_landscape_large":["https:\/\/elfederalmendoza.com.ar\/wp-content\/uploads\/2024\/07\/nelly-rivas-1200x800.jpg",1200,800,true],"ultp_layout_landscape":["https:\/\/elfederalmendoza.com.ar\/wp-content\/uploads\/2024\/07\/nelly-rivas-870x570.jpg",870,570,true],"ultp_layout_portrait":["https:\/\/elfederalmendoza.com.ar\/wp-content\/uploads\/2024\/07\/nelly-rivas-600x832.jpg",600,832,true],"ultp_layout_square":["https:\/\/elfederalmendoza.com.ar\/wp-content\/uploads\/2024\/07\/nelly-rivas-600x600.jpg",600,600,true],"rpwe-thumbnail":["https:\/\/elfederalmendoza.com.ar\/wp-content\/uploads\/2024\/07\/nelly-rivas-45x45.jpg",45,45,true],"advps-thumb-one":["https:\/\/elfederalmendoza.com.ar\/wp-content\/uploads\/2024\/07\/nelly-rivas-1200x420.jpg",1200,420,true]},"rttpg_author":{"display_name":"Redacci\u00f3n El Federal","author_link":"https:\/\/elfederalmendoza.com.ar\/index.php\/author\/angelflores\/"},"rttpg_comment":0,"rttpg_category":"<a href=\"https:\/\/elfederalmendoza.com.ar\/index.php\/category\/arg\/\" rel=\"category tag\">Argentina<\/a>","rttpg_excerpt":"Por Nicol\u00e1s Gilardi Cuando ten\u00eda 14 a\u00f1os y pertenec\u00eda a la Uni\u00f3n de Estudiantes Secundarios, conoci\u00f3 al l\u00edder justicialista, que ten\u00eda 58 y cumpl\u00eda su segundo mandato presidencial. Las versiones y la historia detr\u00e1s de esta relaci\u00f3n. \u201cNo es grato hablar de este tema. Pero es obligado hacerlo porque tiene que ver con las modificaciones&hellip;","_links":{"self":[{"href":"https:\/\/elfederalmendoza.com.ar\/index.php\/wp-json\/wp\/v2\/posts\/33292","targetHints":{"allow":["GET"]}}],"collection":[{"href":"https:\/\/elfederalmendoza.com.ar\/index.php\/wp-json\/wp\/v2\/posts"}],"about":[{"href":"https:\/\/elfederalmendoza.com.ar\/index.php\/wp-json\/wp\/v2\/types\/post"}],"author":[{"embeddable":true,"href":"https:\/\/elfederalmendoza.com.ar\/index.php\/wp-json\/wp\/v2\/users\/2"}],"replies":[{"embeddable":true,"href":"https:\/\/elfederalmendoza.com.ar\/index.php\/wp-json\/wp\/v2\/comments?post=33292"}],"version-history":[{"count":2,"href":"https:\/\/elfederalmendoza.com.ar\/index.php\/wp-json\/wp\/v2\/posts\/33292\/revisions"}],"predecessor-version":[{"id":33296,"href":"https:\/\/elfederalmendoza.com.ar\/index.php\/wp-json\/wp\/v2\/posts\/33292\/revisions\/33296"}],"wp:featuredmedia":[{"embeddable":true,"href":"https:\/\/elfederalmendoza.com.ar\/index.php\/wp-json\/wp\/v2\/media\/33294"}],"wp:attachment":[{"href":"https:\/\/elfederalmendoza.com.ar\/index.php\/wp-json\/wp\/v2\/media?parent=33292"}],"wp:term":[{"taxonomy":"category","embeddable":true,"href":"https:\/\/elfederalmendoza.com.ar\/index.php\/wp-json\/wp\/v2\/categories?post=33292"},{"taxonomy":"post_tag","embeddable":true,"href":"https:\/\/elfederalmendoza.com.ar\/index.php\/wp-json\/wp\/v2\/tags?post=33292"}],"curies":[{"name":"wp","href":"https:\/\/api.w.org\/{rel}","templated":true}]}}