{"id":33308,"date":"2024-07-03T16:51:05","date_gmt":"2024-07-03T19:51:05","guid":{"rendered":"https:\/\/elfederalmendoza.com\/?p=33308"},"modified":"2024-07-03T16:51:07","modified_gmt":"2024-07-03T19:51:07","slug":"estos-son-los-10-puntos-del-pacto-de-mayo","status":"publish","type":"post","link":"https:\/\/elfederalmendoza.com.ar\/index.php\/2024\/07\/03\/estos-son-los-10-puntos-del-pacto-de-mayo\/","title":{"rendered":"Estos son los 10 puntos del Pacto de Mayo"},"content":{"rendered":"\n<p>El vocero presidencial utiliz\u00f3 su cuenta de X para\u00a0presentar, este mi\u00e9rcoles,\u00a0 los diez puntos centrales del Pacto de Mayo al que ha convocado el presidente\u00a0<strong>Javier\u00a0Milei<\/strong>\u00a0para el\u00a0<strong>9 de julio en la provincia de\u00a0 Tucum\u00e1n.\u00a0<\/strong><\/p>\n\n\n\n<p>En un posteo, <strong>Manuel Adorni <\/strong>enumer\u00f3 los principios para la firma de un nuevo pacto fundacional, tras la aprobaci\u00f3n de la Ley Bases y el paquete fiscal. En la apertura de las sesiones ordinarias el 1 de marzo, el libertario\u00a0 hab\u00eda presentado el listado , pero esta vez\u00a0<strong>se quit\u00f3 un punto y se agreg\u00f3 otro.\u00a0\u00a0<\/strong><\/p>\n\n\n\n<figure class=\"wp-block-image size-large\"><img loading=\"lazy\" decoding=\"async\" width=\"1024\" height=\"682\" src=\"https:\/\/elfederalmendoza.com\/wp-content\/uploads\/2024\/04\/milei-iran-1024x682.jpg\" alt=\"\" class=\"wp-image-32526\" srcset=\"https:\/\/elfederalmendoza.com.ar\/wp-content\/uploads\/2024\/04\/milei-iran-1024x682.jpg 1024w, https:\/\/elfederalmendoza.com.ar\/wp-content\/uploads\/2024\/04\/milei-iran-300x200.jpg 300w, https:\/\/elfederalmendoza.com.ar\/wp-content\/uploads\/2024\/04\/milei-iran-768x512.jpg 768w, https:\/\/elfederalmendoza.com.ar\/wp-content\/uploads\/2024\/04\/milei-iran.jpg 1193w\" sizes=\"auto, (max-width: 1024px) 100vw, 1024px\" \/><\/figure>\n\n\n\n<p>El \u00edtem que se sum\u00f3 establece: \u00abuna educaci\u00f3n inicial, primaria y secundaria \u00fatil y moderna, con alfabetizaci\u00f3n plena y sin abandono escolar\u00bb. Mientras que el punto que se quit\u00f3 es el que hablaba de \u00abuna reforma pol\u00edtica estructural que modifique el sistema actual y vuelva a alinear los intereses de los representantes y los representados\u00bb.&nbsp;<\/p>\n\n\n\n<h2 class=\"wp-block-heading\"><strong>Los puntos del Pacto de Mayo<\/strong><\/h2>\n\n\n\n<p>1. La inviolabilidad de la propiedad privada<\/p>\n\n\n\n<p>2. El equilibrio fiscal innegociable<\/p>\n\n\n\n<p>3. La reducci\u00f3n del gasto p\u00fablico a niveles hist\u00f3ricos, en torno al 25% del Producto Bruto Interno<\/p>\n\n\n\n<p>4. Una educaci\u00f3n inicial, primaria y secundaria \u00fatil y moderna, con alfabetizaci\u00f3n plena y sin abandono escolar<\/p>\n\n\n\n<p>5. Una reforma tributaria que reduzca la presi\u00f3n impositiva, simplifique la vida de los argentinos promueva el comercio<\/p>\n\n\n\n<p>6. La rediscusi\u00f3n de la coparticipaci\u00f3n federal de impuestos para terminar para siempre con el modelo extorsivo actual que padecen las provincias<\/p>\n\n\n\n<p>7. El compromiso de las provincias argentinas de avanzar en la explotaci\u00f3n de los recursos naturales del pa\u00eds<\/p>\n\n\n\n<p>8. Una reforma laboral moderna que promueva el trabajo formal<\/p>\n\n\n\n<p>9. Una reforma previsional que le d\u00e9 sostenibilidad al sistema y respete a quienes aportaron<\/p>\n\n\n\n<p>10. La apertura al comercio internacional, de manera que la Argentina vuelva a ser protagonista del mercado global<\/p>\n\n\n\n<p>Cuando el Presidente plante\u00f3 en el mes de marzo el Pacto de Mayo, puso como condici\u00f3n la aprobaci\u00f3n de la Ley Bases. Sin embargo, el proyecto presentado en enero, sufri\u00f3 m\u00e1s demoras de las esperadas por el Gobierno ante las negativas en las c\u00e1maras.<\/p>\n\n\n\n<p><strong>Fue el jefe de Gabinete, Guillermo Francos\u00a0<\/strong>\u00a0quien lider\u00f3 las negociaciones con los distintos bloques parlamentarios y las provincias para lograr el avance de la normativa que finalmente, depu\u00e9s de 201 d\u00edas, fue aprobada el 28 de junio pasado.\u00a0<\/p>\n\n\n\n<blockquote class=\"twitter-tweet\"><p lang=\"es\" dir=\"ltr\">Pacto de Mayo<br><br>1. La inviolabilidad de la propiedad privada<br><br>2. El equilibrio fiscal innegociable<br><br>3. La reducci\u00f3n del gasto p\u00fablico a niveles hist\u00f3ricos, en torno al 25% del Producto Bruto Interno<br><br>4. Una educaci\u00f3n inicial, primaria y secundaria \u00fatil y moderna, con\u2026<\/p>&mdash; Manuel Adorni (@madorni) <a href=\"https:\/\/twitter.com\/madorni\/status\/1808494263434461227?ref_src=twsrc%5Etfw\">July 3, 2024<\/a><\/blockquote> <script async src=\"https:\/\/platform.twitter.com\/widgets.js\" charset=\"utf-8\"><\/script>\n\n\n\n<p><\/p>\n","protected":false},"excerpt":{"rendered":"<p>El vocero presidencial utiliz\u00f3 su cuenta de X para\u00a0presentar, este mi\u00e9rcoles,\u00a0 los diez puntos centrales del Pacto de Mayo al que ha convocado el presidente\u00a0Javier\u00a0Milei\u00a0para el\u00a09 de julio en la provincia de\u00a0 Tucum\u00e1n.\u00a0 En un posteo, Manuel Adorni enumer\u00f3 los principios para la firma de un nuevo pacto fundacional, tras la aprobaci\u00f3n de la Ley<a class=\"read-more\" href=\"https:\/\/elfederalmendoza.com.ar\/index.php\/2024\/07\/03\/estos-son-los-10-puntos-del-pacto-de-mayo\/\"> [&hellip;]<\/a><\/p>\n","protected":false},"author":2,"featured_media":30588,"comment_status":"open","ping_status":"open","sticky":false,"template":"","format":"standard","meta":{"footnotes":""},"categories":[5618],"tags":[],"class_list":["post-33308","post","type-post","status-publish","format-standard","has-post-thumbnail","hentry","category-arg"],"rttpg_featured_image_url":{"full":["https:\/\/elfederalmendoza.com.ar\/wp-content\/uploads\/2023\/12\/milei.jpg",1168,774,false],"landscape":["https:\/\/elfederalmendoza.com.ar\/wp-content\/uploads\/2023\/12\/milei.jpg",1168,774,false],"portraits":["https:\/\/elfederalmendoza.com.ar\/wp-content\/uploads\/2023\/12\/milei.jpg",1168,774,false],"thumbnail":["https:\/\/elfederalmendoza.com.ar\/wp-content\/uploads\/2023\/12\/milei-150x150.jpg",150,150,true],"medium":["https:\/\/elfederalmendoza.com.ar\/wp-content\/uploads\/2023\/12\/milei-300x199.jpg",300,199,true],"large":["https:\/\/elfederalmendoza.com.ar\/wp-content\/uploads\/2023\/12\/milei-1024x679.jpg",640,424,true],"1536x1536":["https:\/\/elfederalmendoza.com.ar\/wp-content\/uploads\/2023\/12\/milei.jpg",1168,774,false],"2048x2048":["https:\/\/elfederalmendoza.com.ar\/wp-content\/uploads\/2023\/12\/milei.jpg",1168,774,false],"ultp_layout_landscape_large":["https:\/\/elfederalmendoza.com.ar\/wp-content\/uploads\/2023\/12\/milei.jpg",1168,774,false],"ultp_layout_landscape":["https:\/\/elfederalmendoza.com.ar\/wp-content\/uploads\/2023\/12\/milei-870x570.jpg",870,570,true],"ultp_layout_portrait":["https:\/\/elfederalmendoza.com.ar\/wp-content\/uploads\/2023\/12\/milei-600x774.jpg",600,774,true],"ultp_layout_square":["https:\/\/elfederalmendoza.com.ar\/wp-content\/uploads\/2023\/12\/milei-600x600.jpg",600,600,true],"rpwe-thumbnail":["https:\/\/elfederalmendoza.com.ar\/wp-content\/uploads\/2023\/12\/milei-45x45.jpg",45,45,true],"advps-thumb-one":["https:\/\/elfederalmendoza.com.ar\/wp-content\/uploads\/2023\/12\/milei-1168x420.jpg",1168,420,true]},"rttpg_author":{"display_name":"Redacci\u00f3n El Federal","author_link":"https:\/\/elfederalmendoza.com.ar\/index.php\/author\/angelflores\/"},"rttpg_comment":0,"rttpg_category":"<a href=\"https:\/\/elfederalmendoza.com.ar\/index.php\/category\/arg\/\" rel=\"category tag\">Argentina<\/a>","rttpg_excerpt":"El vocero presidencial utiliz\u00f3 su cuenta de X para\u00a0presentar, este mi\u00e9rcoles,\u00a0 los diez puntos centrales del Pacto de Mayo al que ha convocado el presidente\u00a0Javier\u00a0Milei\u00a0para el\u00a09 de julio en la provincia de\u00a0 Tucum\u00e1n.\u00a0 En un posteo, Manuel Adorni enumer\u00f3 los principios para la firma de un nuevo pacto fundacional, tras la aprobaci\u00f3n de la Ley&hellip;","_links":{"self":[{"href":"https:\/\/elfederalmendoza.com.ar\/index.php\/wp-json\/wp\/v2\/posts\/33308","targetHints":{"allow":["GET"]}}],"collection":[{"href":"https:\/\/elfederalmendoza.com.ar\/index.php\/wp-json\/wp\/v2\/posts"}],"about":[{"href":"https:\/\/elfederalmendoza.com.ar\/index.php\/wp-json\/wp\/v2\/types\/post"}],"author":[{"embeddable":true,"href":"https:\/\/elfederalmendoza.com.ar\/index.php\/wp-json\/wp\/v2\/users\/2"}],"replies":[{"embeddable":true,"href":"https:\/\/elfederalmendoza.com.ar\/index.php\/wp-json\/wp\/v2\/comments?post=33308"}],"version-history":[{"count":2,"href":"https:\/\/elfederalmendoza.com.ar\/index.php\/wp-json\/wp\/v2\/posts\/33308\/revisions"}],"predecessor-version":[{"id":33311,"href":"https:\/\/elfederalmendoza.com.ar\/index.php\/wp-json\/wp\/v2\/posts\/33308\/revisions\/33311"}],"wp:featuredmedia":[{"embeddable":true,"href":"https:\/\/elfederalmendoza.com.ar\/index.php\/wp-json\/wp\/v2\/media\/30588"}],"wp:attachment":[{"href":"https:\/\/elfederalmendoza.com.ar\/index.php\/wp-json\/wp\/v2\/media?parent=33308"}],"wp:term":[{"taxonomy":"category","embeddable":true,"href":"https:\/\/elfederalmendoza.com.ar\/index.php\/wp-json\/wp\/v2\/categories?post=33308"},{"taxonomy":"post_tag","embeddable":true,"href":"https:\/\/elfederalmendoza.com.ar\/index.php\/wp-json\/wp\/v2\/tags?post=33308"}],"curies":[{"name":"wp","href":"https:\/\/api.w.org\/{rel}","templated":true}]}}