{"id":33316,"date":"2024-07-05T08:02:29","date_gmt":"2024-07-05T11:02:29","guid":{"rendered":"https:\/\/elfederalmendoza.com\/?p=33316"},"modified":"2024-07-05T08:02:31","modified_gmt":"2024-07-05T11:02:31","slug":"quien-es-el-hombre-que-fue-detenido-por-ir-armado-al-acto-de-javier-milei-en-san-juan","status":"publish","type":"post","link":"https:\/\/elfederalmendoza.com.ar\/index.php\/2024\/07\/05\/quien-es-el-hombre-que-fue-detenido-por-ir-armado-al-acto-de-javier-milei-en-san-juan\/","title":{"rendered":"Qui\u00e9n es el hombre que fue detenido por ir armado al acto de Javier Milei en San Juan"},"content":{"rendered":"\n<p>Un sujeto fue detenido por la Polic\u00eda en las cercan\u00edas del lugar donde el Presidente encabezaba un acto oficial. Portaba una pistola 9 mil\u00edmetros.<\/p>\n\n\n\n<p>Un ex polic\u00eda que portaba un arma 9 mil\u00edmetros \u00abapta para el disparo\u00bb fue detenido en los alrededores de la Casa de Sarmiento en la provincia de San Juan donde el presidente&nbsp;<strong>Javier Milei<\/strong>&nbsp;anunci\u00f3 el plan de alfabetizaci\u00f3n.<\/p>\n\n\n\n<p>El sujeto detenido fue identificado\u00a0<strong>Francisco Agust\u00edn Castro,<\/strong>\u00a0un hombre de 76 que habr\u00eda sido efectivo de la Polic\u00eda Federal, un dato que a\u00fan no fue confirmado. Seg\u00fan dan cuenta sus registros comerciales, se supo que el hombre est\u00e1 libre de deudas y que es un jubilado de PAMI.<\/p>\n\n\n\n<p>De acuerdo a lo publicado por Diario de Cuyo, las fuerzas de seguridad locales se comunicaron con la Agencia Nacional de Materiales Controlados (ANMAC), quienes informaron que el hombre tiene vencida la portaci\u00f3n de armas desde el a\u00f1o 1999. Adem\u00e1s, indicaron que tiene vencida la tenencia de leg\u00edtimo usuario desde el a\u00f1o 2003.<\/p>\n\n\n\n<p>Luego de ser detenido, Castro fue conducido a la Comisar\u00eda 2da y se espera en las pr\u00f3ximas horas ser\u00e1 trasladado por Gendarmer\u00eda. Por el momento, contin\u00faa en la dependencia de la fuerza de seguridad provincial.<\/p>\n\n\n\n<figure class=\"wp-block-image size-full\"><img loading=\"lazy\" decoding=\"async\" width=\"873\" height=\"578\" src=\"https:\/\/elfederalmendoza.com\/wp-content\/uploads\/2024\/07\/castro1.jpg\" alt=\"\" class=\"wp-image-33319\" srcset=\"https:\/\/elfederalmendoza.com.ar\/wp-content\/uploads\/2024\/07\/castro1.jpg 873w, https:\/\/elfederalmendoza.com.ar\/wp-content\/uploads\/2024\/07\/castro1-300x199.jpg 300w, https:\/\/elfederalmendoza.com.ar\/wp-content\/uploads\/2024\/07\/castro1-768x508.jpg 768w\" sizes=\"auto, (max-width: 873px) 100vw, 873px\" \/><figcaption class=\"wp-element-caption\">El arma 9 mil\u00edmetros que se le secuestr\u00f3 a una persona antes del acto de Milei, en San Juan<\/figcaption><\/figure>\n\n\n\n<p>La presentaci\u00f3n del jefe de Estado hab\u00eda sido anunciada para las 11 de la ma\u00f1ana, pero el inicio del acto se demor\u00f3 varios minutos y fue en ese lapso que se conoci\u00f3 la noticia de la detenci\u00f3n de una persona armada.<\/p>\n\n\n\n<p>Seg\u00fan revel\u00f3 el secretario de Seguridad provincial,Gustavo S\u00e1nchez, a medios locales: \u00abEn un ret\u00e9n encontraron auna personacon una pistola 9 mil\u00edmetros, con cargador y proyectiles,apta para el disparo\u00bb.<\/p>\n\n\n\n<p>Fuentes policiales confirmaron que llevaba adem\u00e1s una especie de capucha con la que intentaba ocultar su rostro.<\/p>\n\n\n\n<p>\u00abHubo oposici\u00f3n a la aprehensi\u00f3n, pero ya est\u00e1 detenido. Esta persona no pose\u00eda documentaci\u00f3n que justificara la tenencia del arma\u00bb, indic\u00f3 S\u00e1nchez en declaraciones al diario Zonda.<\/p>\n\n\n\n<p>Asimismo, el secretario confirm\u00f3 que \u00abse ha puesto en conocimiento a las UFI correspondientes para que tomen intervenci\u00f3n y procedan judicialmente\u00bb.<\/p>\n\n\n\n<h2 class=\"wp-block-heading\"><strong>El plan que present\u00f3 Javier Milei<\/strong><\/h2>\n\n\n\n<p>El presidente<strong>&nbsp;Javier Milei<\/strong>&nbsp;present\u00f3 el&nbsp;<strong>Plan Nacional de Alfabetizaci\u00f3n&nbsp;<\/strong>en la provincia de San Juan, junto al gobernador&nbsp;<strong>Marcelo Orrego<\/strong>, y respald\u00f3 a la ministra de Capital Humano,<strong>&nbsp;Sandra Pettovello<\/strong>, en plena crisis del \u00e1rea. En su exposici\u00f3n, cuestion\u00f3 las ideas de la izquierda al asegurar que \u00abempobrecieron a la Argentina\u00bb.<\/p>\n\n\n\n<p>\u00abHemos retrocedido d\u00e9cadas en materia educativa. Evidentemente, el desarrollo econ\u00f3mico y el desarrollo educativo van de la mano, de la misma forma que la decadencia econ\u00f3mica necesariamente arrastra la decadencia educativa\u00bb, se\u00f1al\u00f3 el jefe de Estado desde la Casa de Sarmiento. En la misma l\u00ednea, argument\u00f3: \u00abPorque un chico que no come es un chico que no puede estudiar, y un chico que no estudia es un chico que no puede progresar. No extra\u00f1a que venga por izquierda, esas ideas que nos empobrecieron como pa\u00eds\u00bb.<\/p>\n\n\n\n<blockquote class=\"instagram-media\" data-instgrm-captioned data-instgrm-permalink=\"https:\/\/www.instagram.com\/reel\/C9ASXj6OODJ\/?utm_source=ig_embed&amp;utm_campaign=loading\" data-instgrm-version=\"14\" style=\" background:#FFF; border:0; border-radius:3px; box-shadow:0 0 1px 0 rgba(0,0,0,0.5),0 1px 10px 0 rgba(0,0,0,0.15); margin: 1px; max-width:540px; min-width:326px; padding:0; width:99.375%; width:-webkit-calc(100% - 2px); width:calc(100% - 2px);\"><div style=\"padding:16px;\"> <a href=\"https:\/\/www.instagram.com\/reel\/C9ASXj6OODJ\/?utm_source=ig_embed&amp;utm_campaign=loading\" style=\" background:#FFFFFF; line-height:0; padding:0 0; text-align:center; text-decoration:none; width:100%;\" target=\"_blank\" rel=\"noopener\"> <div style=\" display: flex; flex-direction: row; align-items: center;\"> <div style=\"background-color: #F4F4F4; border-radius: 50%; flex-grow: 0; height: 40px; margin-right: 14px; width: 40px;\"><\/div> <div style=\"display: flex; flex-direction: column; flex-grow: 1; justify-content: center;\"> <div style=\" background-color: #F4F4F4; border-radius: 4px; flex-grow: 0; height: 14px; margin-bottom: 6px; width: 100px;\"><\/div> <div style=\" background-color: #F4F4F4; border-radius: 4px; flex-grow: 0; height: 14px; width: 60px;\"><\/div><\/div><\/div><div style=\"padding: 19% 0;\"><\/div> <div style=\"display:block; height:50px; margin:0 auto 12px; width:50px;\"><svg width=\"50px\" height=\"50px\" viewBox=\"0 0 60 60\" version=\"1.1\" xmlns=\"https:\/\/www.w3.org\/2000\/svg\" xmlns:xlink=\"https:\/\/www.w3.org\/1999\/xlink\"><g stroke=\"none\" stroke-width=\"1\" fill=\"none\" fill-rule=\"evenodd\"><g transform=\"translate(-511.000000, -20.000000)\" fill=\"#000000\"><g><path d=\"M556.869,30.41 C554.814,30.41 553.148,32.076 553.148,34.131 C553.148,36.186 554.814,37.852 556.869,37.852 C558.924,37.852 560.59,36.186 560.59,34.131 C560.59,32.076 558.924,30.41 556.869,30.41 M541,60.657 C535.114,60.657 530.342,55.887 530.342,50 C530.342,44.114 535.114,39.342 541,39.342 C546.887,39.342 551.658,44.114 551.658,50 C551.658,55.887 546.887,60.657 541,60.657 M541,33.886 C532.1,33.886 524.886,41.1 524.886,50 C524.886,58.899 532.1,66.113 541,66.113 C549.9,66.113 557.115,58.899 557.115,50 C557.115,41.1 549.9,33.886 541,33.886 M565.378,62.101 C565.244,65.022 564.756,66.606 564.346,67.663 C563.803,69.06 563.154,70.057 562.106,71.106 C561.058,72.155 560.06,72.803 558.662,73.347 C557.607,73.757 556.021,74.244 553.102,74.378 C549.944,74.521 548.997,74.552 541,74.552 C533.003,74.552 532.056,74.521 528.898,74.378 C525.979,74.244 524.393,73.757 523.338,73.347 C521.94,72.803 520.942,72.155 519.894,71.106 C518.846,70.057 518.197,69.06 517.654,67.663 C517.244,66.606 516.755,65.022 516.623,62.101 C516.479,58.943 516.448,57.996 516.448,50 C516.448,42.003 516.479,41.056 516.623,37.899 C516.755,34.978 517.244,33.391 517.654,32.338 C518.197,30.938 518.846,29.942 519.894,28.894 C520.942,27.846 521.94,27.196 523.338,26.654 C524.393,26.244 525.979,25.756 528.898,25.623 C532.057,25.479 533.004,25.448 541,25.448 C548.997,25.448 549.943,25.479 553.102,25.623 C556.021,25.756 557.607,26.244 558.662,26.654 C560.06,27.196 561.058,27.846 562.106,28.894 C563.154,29.942 563.803,30.938 564.346,32.338 C564.756,33.391 565.244,34.978 565.378,37.899 C565.522,41.056 565.552,42.003 565.552,50 C565.552,57.996 565.522,58.943 565.378,62.101 M570.82,37.631 C570.674,34.438 570.167,32.258 569.425,30.349 C568.659,28.377 567.633,26.702 565.965,25.035 C564.297,23.368 562.623,22.342 560.652,21.575 C558.743,20.834 556.562,20.326 553.369,20.18 C550.169,20.033 549.148,20 541,20 C532.853,20 531.831,20.033 528.631,20.18 C525.438,20.326 523.257,20.834 521.349,21.575 C519.376,22.342 517.703,23.368 516.035,25.035 C514.368,26.702 513.342,28.377 512.574,30.349 C511.834,32.258 511.326,34.438 511.181,37.631 C511.035,40.831 511,41.851 511,50 C511,58.147 511.035,59.17 511.181,62.369 C511.326,65.562 511.834,67.743 512.574,69.651 C513.342,71.625 514.368,73.296 516.035,74.965 C517.703,76.634 519.376,77.658 521.349,78.425 C523.257,79.167 525.438,79.673 528.631,79.82 C531.831,79.965 532.853,80.001 541,80.001 C549.148,80.001 550.169,79.965 553.369,79.82 C556.562,79.673 558.743,79.167 560.652,78.425 C562.623,77.658 564.297,76.634 565.965,74.965 C567.633,73.296 568.659,71.625 569.425,69.651 C570.167,67.743 570.674,65.562 570.82,62.369 C570.966,59.17 571,58.147 571,50 C571,41.851 570.966,40.831 570.82,37.631\"><\/path><\/g><\/g><\/g><\/svg><\/div><div style=\"padding-top: 8px;\"> <div style=\" color:#3897f0; font-family:Arial,sans-serif; font-size:14px; font-style:normal; font-weight:550; line-height:18px;\">Ver esta publicaci\u00f3n en Instagram<\/div><\/div><div style=\"padding: 12.5% 0;\"><\/div> <div style=\"display: flex; flex-direction: row; margin-bottom: 14px; align-items: center;\"><div> <div style=\"background-color: #F4F4F4; border-radius: 50%; height: 12.5px; width: 12.5px; transform: translateX(0px) translateY(7px);\"><\/div> <div style=\"background-color: #F4F4F4; height: 12.5px; transform: rotate(-45deg) translateX(3px) translateY(1px); width: 12.5px; flex-grow: 0; margin-right: 14px; margin-left: 2px;\"><\/div> <div style=\"background-color: #F4F4F4; border-radius: 50%; height: 12.5px; width: 12.5px; transform: translateX(9px) translateY(-18px);\"><\/div><\/div><div style=\"margin-left: 8px;\"> <div style=\" background-color: #F4F4F4; border-radius: 50%; flex-grow: 0; height: 20px; width: 20px;\"><\/div> <div style=\" width: 0; height: 0; border-top: 2px solid transparent; border-left: 6px solid #f4f4f4; border-bottom: 2px solid transparent; transform: translateX(16px) translateY(-4px) rotate(30deg)\"><\/div><\/div><div style=\"margin-left: auto;\"> <div style=\" width: 0px; border-top: 8px solid #F4F4F4; border-right: 8px solid transparent; transform: translateY(16px);\"><\/div> <div style=\" background-color: #F4F4F4; flex-grow: 0; height: 12px; width: 16px; transform: translateY(-4px);\"><\/div> <div style=\" width: 0; height: 0; border-top: 8px solid #F4F4F4; border-left: 8px solid transparent; transform: translateY(-4px) translateX(8px);\"><\/div><\/div><\/div> <div style=\"display: flex; flex-direction: column; flex-grow: 1; justify-content: center; margin-bottom: 24px;\"> <div style=\" background-color: #F4F4F4; border-radius: 4px; flex-grow: 0; height: 14px; margin-bottom: 6px; width: 224px;\"><\/div> <div style=\" background-color: #F4F4F4; border-radius: 4px; flex-grow: 0; height: 14px; width: 144px;\"><\/div><\/div><\/a><p style=\" color:#c9c8cd; font-family:Arial,sans-serif; font-size:14px; line-height:17px; margin-bottom:0; margin-top:8px; overflow:hidden; padding:8px 0 7px; text-align:center; text-overflow:ellipsis; white-space:nowrap;\"><a href=\"https:\/\/www.instagram.com\/reel\/C9ASXj6OODJ\/?utm_source=ig_embed&amp;utm_campaign=loading\" style=\" color:#c9c8cd; font-family:Arial,sans-serif; font-size:14px; font-style:normal; font-weight:normal; line-height:17px; text-decoration:none;\" target=\"_blank\" rel=\"noopener\">Una publicaci\u00f3n compartida por Tiempo de San Juan (@tiempodesanjuan)<\/a><\/p><\/div><\/blockquote> <script async src=\"\/\/www.instagram.com\/embed.js\"><\/script>\n\n\n\n<p>\u00abNo extra\u00f1a tampoco que quienes promueven estas ideas sean tambi\u00e9n los que, desde el Gobierno nacional, impusieron el cierre de las escuelas, en el a\u00f1o 2020 e interrumpieron irresponsablemente el desarrollo educativo de millones de chicos\u00bb, retruc\u00f3 en una cr\u00edtica direccionada a la gesti\u00f3n del ex presidente Alberto Fern\u00e1ndez y las medidas que dispuso en plena pandemia.<\/p>\n\n\n\n<p>Escoltado por el vocero presidencial, Manuel Adorni; la secretaria General de la Presidencia, Karina Milei; la ministra de Capital Humano, Sandra Pettovello y el titular de la C\u00e1mara de Diputados, Mart\u00edn Menen, el Presidente asegur\u00f3 que su administraci\u00f3n no va a ser \u00abc\u00f3mplice\u00bb del analfabetismo por lo que pidi\u00f3 \u00abaunar esfuerzos entre el gobierno nacional, los gobiernos provinciales y la sociedad\u00bb para que \u00ablos ni\u00f1os argentinos puedan aprender a leer y escribir a lo largo y ancho de nuestro pa\u00eds\u00bb.<\/p>\n","protected":false},"excerpt":{"rendered":"<p>Un sujeto fue detenido por la Polic\u00eda en las cercan\u00edas del lugar donde el Presidente encabezaba un acto oficial. Portaba una pistola 9 mil\u00edmetros. Un ex polic\u00eda que portaba un arma 9 mil\u00edmetros \u00abapta para el disparo\u00bb fue detenido en los alrededores de la Casa de Sarmiento en la provincia de San Juan donde el<a class=\"read-more\" href=\"https:\/\/elfederalmendoza.com.ar\/index.php\/2024\/07\/05\/quien-es-el-hombre-que-fue-detenido-por-ir-armado-al-acto-de-javier-milei-en-san-juan\/\"> [&hellip;]<\/a><\/p>\n","protected":false},"author":2,"featured_media":33318,"comment_status":"open","ping_status":"open","sticky":false,"template":"","format":"standard","meta":{"footnotes":""},"categories":[5618],"tags":[],"class_list":["post-33316","post","type-post","status-publish","format-standard","has-post-thumbnail","hentry","category-arg"],"rttpg_featured_image_url":{"full":["https:\/\/elfederalmendoza.com.ar\/wp-content\/uploads\/2024\/07\/castro.jpg",1465,819,false],"landscape":["https:\/\/elfederalmendoza.com.ar\/wp-content\/uploads\/2024\/07\/castro.jpg",1465,819,false],"portraits":["https:\/\/elfederalmendoza.com.ar\/wp-content\/uploads\/2024\/07\/castro.jpg",1465,819,false],"thumbnail":["https:\/\/elfederalmendoza.com.ar\/wp-content\/uploads\/2024\/07\/castro-150x150.jpg",150,150,true],"medium":["https:\/\/elfederalmendoza.com.ar\/wp-content\/uploads\/2024\/07\/castro-300x168.jpg",300,168,true],"large":["https:\/\/elfederalmendoza.com.ar\/wp-content\/uploads\/2024\/07\/castro-1024x572.jpg",640,358,true],"1536x1536":["https:\/\/elfederalmendoza.com.ar\/wp-content\/uploads\/2024\/07\/castro.jpg",1465,819,false],"2048x2048":["https:\/\/elfederalmendoza.com.ar\/wp-content\/uploads\/2024\/07\/castro.jpg",1465,819,false],"ultp_layout_landscape_large":["https:\/\/elfederalmendoza.com.ar\/wp-content\/uploads\/2024\/07\/castro-1200x800.jpg",1200,800,true],"ultp_layout_landscape":["https:\/\/elfederalmendoza.com.ar\/wp-content\/uploads\/2024\/07\/castro-870x570.jpg",870,570,true],"ultp_layout_portrait":["https:\/\/elfederalmendoza.com.ar\/wp-content\/uploads\/2024\/07\/castro-600x819.jpg",600,819,true],"ultp_layout_square":["https:\/\/elfederalmendoza.com.ar\/wp-content\/uploads\/2024\/07\/castro-600x600.jpg",600,600,true],"rpwe-thumbnail":["https:\/\/elfederalmendoza.com.ar\/wp-content\/uploads\/2024\/07\/castro-45x45.jpg",45,45,true],"advps-thumb-one":["https:\/\/elfederalmendoza.com.ar\/wp-content\/uploads\/2024\/07\/castro-1200x420.jpg",1200,420,true]},"rttpg_author":{"display_name":"Redacci\u00f3n El Federal","author_link":"https:\/\/elfederalmendoza.com.ar\/index.php\/author\/angelflores\/"},"rttpg_comment":0,"rttpg_category":"<a href=\"https:\/\/elfederalmendoza.com.ar\/index.php\/category\/arg\/\" rel=\"category tag\">Argentina<\/a>","rttpg_excerpt":"Un sujeto fue detenido por la Polic\u00eda en las cercan\u00edas del lugar donde el Presidente encabezaba un acto oficial. Portaba una pistola 9 mil\u00edmetros. Un ex polic\u00eda que portaba un arma 9 mil\u00edmetros \u00abapta para el disparo\u00bb fue detenido en los alrededores de la Casa de Sarmiento en la provincia de San Juan donde el&hellip;","_links":{"self":[{"href":"https:\/\/elfederalmendoza.com.ar\/index.php\/wp-json\/wp\/v2\/posts\/33316","targetHints":{"allow":["GET"]}}],"collection":[{"href":"https:\/\/elfederalmendoza.com.ar\/index.php\/wp-json\/wp\/v2\/posts"}],"about":[{"href":"https:\/\/elfederalmendoza.com.ar\/index.php\/wp-json\/wp\/v2\/types\/post"}],"author":[{"embeddable":true,"href":"https:\/\/elfederalmendoza.com.ar\/index.php\/wp-json\/wp\/v2\/users\/2"}],"replies":[{"embeddable":true,"href":"https:\/\/elfederalmendoza.com.ar\/index.php\/wp-json\/wp\/v2\/comments?post=33316"}],"version-history":[{"count":1,"href":"https:\/\/elfederalmendoza.com.ar\/index.php\/wp-json\/wp\/v2\/posts\/33316\/revisions"}],"predecessor-version":[{"id":33320,"href":"https:\/\/elfederalmendoza.com.ar\/index.php\/wp-json\/wp\/v2\/posts\/33316\/revisions\/33320"}],"wp:featuredmedia":[{"embeddable":true,"href":"https:\/\/elfederalmendoza.com.ar\/index.php\/wp-json\/wp\/v2\/media\/33318"}],"wp:attachment":[{"href":"https:\/\/elfederalmendoza.com.ar\/index.php\/wp-json\/wp\/v2\/media?parent=33316"}],"wp:term":[{"taxonomy":"category","embeddable":true,"href":"https:\/\/elfederalmendoza.com.ar\/index.php\/wp-json\/wp\/v2\/categories?post=33316"},{"taxonomy":"post_tag","embeddable":true,"href":"https:\/\/elfederalmendoza.com.ar\/index.php\/wp-json\/wp\/v2\/tags?post=33316"}],"curies":[{"name":"wp","href":"https:\/\/api.w.org\/{rel}","templated":true}]}}