{"id":33323,"date":"2024-07-08T11:03:17","date_gmt":"2024-07-08T14:03:17","guid":{"rendered":"https:\/\/elfederalmendoza.com\/?p=33323"},"modified":"2024-07-08T11:03:19","modified_gmt":"2024-07-08T14:03:19","slug":"murio-el-hombre-gato-el-escalofriante-asesinato-a-su-madre-y-tia-y-el-video-maullando-en-el-juicio","status":"publish","type":"post","link":"https:\/\/elfederalmendoza.com.ar\/index.php\/2024\/07\/08\/murio-el-hombre-gato-el-escalofriante-asesinato-a-su-madre-y-tia-y-el-video-maullando-en-el-juicio\/","title":{"rendered":"Muri\u00f3 el \u00abhombre gato\u00bb: el escalofriante asesinato a su madre y t\u00eda y el video maullando en el juicio"},"content":{"rendered":"\n<p>Muri\u00f3 el hombre condenado a perpetua por asesinar a su madre y su t\u00eda. Adem\u00e1s del crimen, dej\u00f3 un sinf\u00edn de excentricidades, entre las que se encuentran declararse como \u00abun gato\u00bb y actuar como tal en p\u00fablico.<\/p>\n\n\n\n<p>Cumpliendo una condena a prisi\u00f3n perpetua por matar a su madre y a su t\u00eda, este domingo le lleg\u00f3 la muerte a\u00a0<strong>Nicol\u00e1s Gil Pereg<\/strong>, el \u00abhombre gato\u00bb, que\u00a0sufri\u00f3 una descompensaci\u00f3n en las instalaciones del Hospital El Sauce, donde estaba encerrado desde 2020.<\/p>\n\n\n\n<p>Su nombre comenz\u00f3 a ser conocido en enero de 2019, cuando la desaparici\u00f3n de dos mujeres israel\u00edes fue denunciada por su familia en la Justicia y en las redes. Se trataba de Lily Pereg, de 54 a\u00f1os, y Pirhya Sarusi, de 63. La presentaci\u00f3n por averiguaci\u00f3n de paradero fue realizada por<strong>&nbsp;Nicol\u00e1s Gil Pereg<\/strong>&nbsp;(36), a quien las mujeres hab\u00edan venido a visitar desde Australia e Israel, respectivamente.<\/p>\n\n\n\n<p>D\u00edas despu\u00e9s, tras un allanamiento en su casa,<strong>&nbsp;Gil Pereg&nbsp;<\/strong>fue detenido. El hallazgo que confirm\u00f3 las sospechas fue el de los dos cuerpos de las mujeres, en un sector en construcci\u00f3n dentro de la propiedad. Estaban enterrados a dos metros y tapados con tierra, piedras y cemento. El israel\u00ed entonces recibi\u00f3 prisi\u00f3n preventiva.<\/p>\n\n\n\n<figure class=\"wp-block-image\"><img decoding=\"async\" src=\"https:\/\/www.mendozapost.com\/files\/image\/329\/329293\/6182cf3bd145b_570_376!.jpg?s=6f055ce02c087830a3d4d1c7cd4a1d7e&amp;d=1720437960\" alt=\"\"\/><figcaption class=\"wp-element-caption\">La defensa de Gil Pereg hab\u00eda pedido que lo trasladaran al Penal de Almafuerte II en mayo del a\u00f1o pasado, pero la jueza lo desestim\u00f3.<\/figcaption><\/figure>\n\n\n\n<p>Su madre, Piryha, hab\u00eda ido con su hermana a visitar a su hijo aquella fat\u00eddica semana de enero de 2019. Como en otras ocasiones,&nbsp;<strong>Gil Pereg<\/strong>&nbsp;necesitaba dinero. Generalmente se lo mandaba su progenitora desde Israel. Esa vez, seg\u00fan supo el&nbsp;<a href=\"https:\/\/www.mendozapost.com\/0\/nota\/index.vnc?id=110611\" target=\"_blank\" rel=\"noreferrer noopener\"><strong>Post<\/strong><\/a>, hab\u00eda librado cheques sin fondos por m\u00e1s de 9 millones de pesos.&nbsp;<\/p>\n\n\n\n<figure class=\"wp-block-image\"><img decoding=\"async\" src=\"https:\/\/www.mendozapost.com\/files\/image\/328\/328084\/61785c93c5cab_570_316!.jpg?s=4cac44f04ad0e2df72d1a78a141fd778&amp;d=1720438017\" alt=\"\"\/><figcaption class=\"wp-element-caption\">La casa en la que viv\u00eda Gil Pereg.<\/figcaption><\/figure>\n\n\n\n<p>El proceso penal, marcado por las excentricidades del acusado, que fue alojado en el Hospital El Sauce por su situaci\u00f3n psiqui\u00e1trica, finaliz\u00f3 en noviembre de 2021 con la pena de prisi\u00f3n perpetua por el doble crimen. Se supo que despu\u00e9s de asesinarlas,&nbsp;<strong>Gil Pereg<\/strong>&nbsp;clav\u00f3 a las v\u00edctimas hierros en distintas partes del cuerpo.<\/p>\n\n\n\n<h2 class=\"wp-block-heading\"><strong>37 gatos, armas y sin servicios b\u00e1sicos: as\u00ed viv\u00eda Gil Pereg<\/strong><\/h2>\n\n\n\n<p>Antes de cometer el doble femicidio, el israel\u00ed pasaba sus d\u00edas con 37 gatos y 4 perros en un enorme predio frente al cementerio de Guaymall\u00e9n. Seg\u00fan se supo, hab\u00eda adquirido 45 armas, pero en su casa solo ten\u00eda tres: el resto estaban alojadas en las armer\u00edas. Era ingeniero electr\u00f3nico, med\u00eda casi dos metros y hab\u00eda cumplido el servicio militar obligatorio en Israel, su tierra natal, donde supo vivir.<\/p>\n\n\n\n<figure class=\"wp-block-embed is-type-video is-provider-youtube wp-block-embed-youtube wp-embed-aspect-16-9 wp-has-aspect-ratio\"><div class=\"wp-block-embed__wrapper\">\n<iframe loading=\"lazy\" title=\"Gil Pereg es sacado de la sala de debate\" width=\"640\" height=\"360\" src=\"https:\/\/www.youtube.com\/embed\/1VBbt3OF3Gk?start=61&#038;feature=oembed\" frameborder=\"0\" allow=\"accelerometer; autoplay; clipboard-write; encrypted-media; gyroscope; picture-in-picture; web-share\" referrerpolicy=\"strict-origin-when-cross-origin\" allowfullscreen><\/iframe>\n<\/div><\/figure>\n\n\n\n<p>La enorme propiedad en la que resid\u00eda, plagada de c\u00e1maras de seguridad, y con al menos media docena de canchas de f\u00fatbol 5 que estaban siendo construidas, no contaba con electricidad, gas ni agua potable. Se descubri\u00f3 que no se ba\u00f1aba, que defecaba y orinaba en el patio, y que pasaba la noche sobre un colch\u00f3n que estaba ubicado directamente en el piso.<\/p>\n\n\n\n<figure class=\"wp-block-image is-resized\"><img decoding=\"async\" src=\"https:\/\/www.mendozapost.com\/files\/image\/198\/198578\/5c4f6e38d6513_570_293!.jpg?s=9586989fe0c4fd61aeff167a82460c5a&amp;d=1720438388\" alt=\"\" style=\"width:840px;height:auto\"\/><figcaption class=\"wp-element-caption\">El d\u00eda en que Gil Pereg pos\u00f3 sobre la fosa en la que hab\u00eda enterrado a su madre y a su t\u00eda.<\/figcaption><\/figure>\n\n\n\n<p>\u00abNo soy una persona, soy un gato y necesito estar acompa\u00f1ado por gatos, no por personas. No puedo tener contacto con personas\u00bb, fue una de las declaraciones que pudo o\u00edrse en una de las audiencias.&nbsp;<\/p>\n\n\n\n<p>En el comienzo del debate en su contra, directamente lleg\u00f3 maullando. Lo tuvieron que sacar de la sala y llevar a una habitaci\u00f3n especial, debido a que era imposible proceder con el debate oral. El ins\u00f3lito episodio qued\u00f3 registrado en video.<\/p>\n\n\n\n<p>Desde 2020 que estaba en el Hospital El Sauce, donde viv\u00eda en una celda con custodia y atenci\u00f3n m\u00e9dica. Este domingo, el asesino de 42 a\u00f1os se descompens\u00f3 y no pudo ser reanimado por el personal m\u00e9dico del hospital. Se esperan los resultados de la autopsia en el Cuerpo M\u00e9dico Forense para conocer la causa de muerte.<\/p>\n","protected":false},"excerpt":{"rendered":"<p>Muri\u00f3 el hombre condenado a perpetua por asesinar a su madre y su t\u00eda. Adem\u00e1s del crimen, dej\u00f3 un sinf\u00edn de excentricidades, entre las que se encuentran declararse como \u00abun gato\u00bb y actuar como tal en p\u00fablico. Cumpliendo una condena a prisi\u00f3n perpetua por matar a su madre y a su t\u00eda, este domingo le<a class=\"read-more\" href=\"https:\/\/elfederalmendoza.com.ar\/index.php\/2024\/07\/08\/murio-el-hombre-gato-el-escalofriante-asesinato-a-su-madre-y-tia-y-el-video-maullando-en-el-juicio\/\"> [&hellip;]<\/a><\/p>\n","protected":false},"author":2,"featured_media":33325,"comment_status":"open","ping_status":"open","sticky":false,"template":"","format":"standard","meta":{"footnotes":""},"categories":[1],"tags":[],"class_list":["post-33323","post","type-post","status-publish","format-standard","has-post-thumbnail","hentry","category-mza"],"rttpg_featured_image_url":{"full":["https:\/\/elfederalmendoza.com.ar\/wp-content\/uploads\/2024\/07\/gato2.jpg",1561,865,false],"landscape":["https:\/\/elfederalmendoza.com.ar\/wp-content\/uploads\/2024\/07\/gato2.jpg",1561,865,false],"portraits":["https:\/\/elfederalmendoza.com.ar\/wp-content\/uploads\/2024\/07\/gato2.jpg",1561,865,false],"thumbnail":["https:\/\/elfederalmendoza.com.ar\/wp-content\/uploads\/2024\/07\/gato2-150x150.jpg",150,150,true],"medium":["https:\/\/elfederalmendoza.com.ar\/wp-content\/uploads\/2024\/07\/gato2-300x166.jpg",300,166,true],"large":["https:\/\/elfederalmendoza.com.ar\/wp-content\/uploads\/2024\/07\/gato2-1024x567.jpg",640,354,true],"1536x1536":["https:\/\/elfederalmendoza.com.ar\/wp-content\/uploads\/2024\/07\/gato2-1536x851.jpg",1536,851,true],"2048x2048":["https:\/\/elfederalmendoza.com.ar\/wp-content\/uploads\/2024\/07\/gato2.jpg",1561,865,false],"ultp_layout_landscape_large":["https:\/\/elfederalmendoza.com.ar\/wp-content\/uploads\/2024\/07\/gato2-1200x800.jpg",1200,800,true],"ultp_layout_landscape":["https:\/\/elfederalmendoza.com.ar\/wp-content\/uploads\/2024\/07\/gato2-870x570.jpg",870,570,true],"ultp_layout_portrait":["https:\/\/elfederalmendoza.com.ar\/wp-content\/uploads\/2024\/07\/gato2-600x865.jpg",600,865,true],"ultp_layout_square":["https:\/\/elfederalmendoza.com.ar\/wp-content\/uploads\/2024\/07\/gato2-600x600.jpg",600,600,true],"rpwe-thumbnail":["https:\/\/elfederalmendoza.com.ar\/wp-content\/uploads\/2024\/07\/gato2-45x45.jpg",45,45,true],"advps-thumb-one":["https:\/\/elfederalmendoza.com.ar\/wp-content\/uploads\/2024\/07\/gato2-1200x420.jpg",1200,420,true]},"rttpg_author":{"display_name":"Redacci\u00f3n El Federal","author_link":"https:\/\/elfederalmendoza.com.ar\/index.php\/author\/angelflores\/"},"rttpg_comment":0,"rttpg_category":"<a href=\"https:\/\/elfederalmendoza.com.ar\/index.php\/category\/mza\/\" rel=\"category tag\">Mendoza<\/a>","rttpg_excerpt":"Muri\u00f3 el hombre condenado a perpetua por asesinar a su madre y su t\u00eda. Adem\u00e1s del crimen, dej\u00f3 un sinf\u00edn de excentricidades, entre las que se encuentran declararse como \u00abun gato\u00bb y actuar como tal en p\u00fablico. Cumpliendo una condena a prisi\u00f3n perpetua por matar a su madre y a su t\u00eda, este domingo le&hellip;","_links":{"self":[{"href":"https:\/\/elfederalmendoza.com.ar\/index.php\/wp-json\/wp\/v2\/posts\/33323","targetHints":{"allow":["GET"]}}],"collection":[{"href":"https:\/\/elfederalmendoza.com.ar\/index.php\/wp-json\/wp\/v2\/posts"}],"about":[{"href":"https:\/\/elfederalmendoza.com.ar\/index.php\/wp-json\/wp\/v2\/types\/post"}],"author":[{"embeddable":true,"href":"https:\/\/elfederalmendoza.com.ar\/index.php\/wp-json\/wp\/v2\/users\/2"}],"replies":[{"embeddable":true,"href":"https:\/\/elfederalmendoza.com.ar\/index.php\/wp-json\/wp\/v2\/comments?post=33323"}],"version-history":[{"count":1,"href":"https:\/\/elfederalmendoza.com.ar\/index.php\/wp-json\/wp\/v2\/posts\/33323\/revisions"}],"predecessor-version":[{"id":33326,"href":"https:\/\/elfederalmendoza.com.ar\/index.php\/wp-json\/wp\/v2\/posts\/33323\/revisions\/33326"}],"wp:featuredmedia":[{"embeddable":true,"href":"https:\/\/elfederalmendoza.com.ar\/index.php\/wp-json\/wp\/v2\/media\/33325"}],"wp:attachment":[{"href":"https:\/\/elfederalmendoza.com.ar\/index.php\/wp-json\/wp\/v2\/media?parent=33323"}],"wp:term":[{"taxonomy":"category","embeddable":true,"href":"https:\/\/elfederalmendoza.com.ar\/index.php\/wp-json\/wp\/v2\/categories?post=33323"},{"taxonomy":"post_tag","embeddable":true,"href":"https:\/\/elfederalmendoza.com.ar\/index.php\/wp-json\/wp\/v2\/tags?post=33323"}],"curies":[{"name":"wp","href":"https:\/\/api.w.org\/{rel}","templated":true}]}}