{"id":33327,"date":"2024-07-08T11:27:24","date_gmt":"2024-07-08T14:27:24","guid":{"rendered":"https:\/\/elfederalmendoza.com\/?p=33327"},"modified":"2024-07-08T11:27:25","modified_gmt":"2024-07-08T14:27:25","slug":"fotos-mendoza-bajo-cero-se-congelaron-las-fuentes-del-parque-san-martin","status":"publish","type":"post","link":"https:\/\/elfederalmendoza.com.ar\/index.php\/2024\/07\/08\/fotos-mendoza-bajo-cero-se-congelaron-las-fuentes-del-parque-san-martin\/","title":{"rendered":"-FOTOS- Mendoza bajo cero: se congelaron las fuentes del Parque San Mart\u00edn"},"content":{"rendered":"\n<figure class=\"wp-block-image\"><img decoding=\"async\" src=\"https:\/\/media.diariouno.com.ar\/p\/191cf044bf0325dd22e5c06acfd6b70b\/adjuntos\/298\/imagenes\/009\/366\/0009366056\/1200x0\/smart\/fuente-los-continentes-congelada-frio-mendozajpg.jpg\" alt=\"La Fuente de los Continentes congelada.\u00a0\" title=\"La Fuente de los Continentes congelada.\u00a0\"\/><\/figure>\n\n\n\n<p>La Fuente de los Continentes congelada.&nbsp;Mat\u00edas Pascualetti\/Radio Nihuil.<\/p>\n\n\n\n<p>La\u00a0<strong>helada\u00a0<\/strong>ma\u00f1ana mendocina dej\u00f3 algunas im\u00e1genes que muchos guardar\u00e1n en el recuerdo. Con sensaci\u00f3n t\u00e9rmica que en algunas zonas alcanz\u00f3 los\u00a0<strong>6 grados bajo cero<\/strong>, hubo puntos emblem\u00e1ticos de la provincia donde el paisaje qued\u00f3 marcado por el fr\u00edo. Uno de esos sitios fue el\u00a0<strong>Parque General San Mart\u00edn<\/strong>.<\/p>\n\n\n\n<p>La&nbsp;<strong>Fuente de los Continentes<\/strong>, aleda\u00f1a al lago, regal\u00f3 una de las postales m\u00e1s notables. Hasta all\u00ed lleg\u00f3 el periodista&nbsp;<strong>Mat\u00edas Pascualetti&nbsp;<\/strong>(Radio Nihuil) cerca de las 8 de la ma\u00f1ana para retratar el curioso panorama.<\/p>\n\n\n\n<p>Como se ve,&nbsp;<strong>el agua se congel\u00f3<\/strong>&nbsp;y las estatuas quedaron afectadas por el hielo.<\/p>\n\n\n\n<figure class=\"wp-block-image\"><img decoding=\"async\" src=\"https:\/\/media.diariouno.com.ar\/p\/719b0f48be6673a1dadd542ed161d483\/adjuntos\/298\/imagenes\/009\/366\/0009366070\/1200x0\/smart\/fuente-los-continentes-congelada-frio-mendoza-juliojpg.jpg\" alt=\"\" title=\"\"\/><\/figure>\n\n\n\n<figure class=\"wp-block-image\"><img decoding=\"async\" src=\"https:\/\/media.diariouno.com.ar\/p\/5229e311892703388224d75ed27e0c97\/adjuntos\/298\/imagenes\/009\/366\/0009366075\/1200x0\/smart\/fuente-los-continentes-congelada-frio-mendoza-32jpg.jpg\" alt=\"\" title=\"\"\/><\/figure>\n\n\n\n<figure class=\"wp-block-image\"><img decoding=\"async\" src=\"https:\/\/media.diariouno.com.ar\/p\/5a671c9598458a136ddd61d5835bf9c7\/adjuntos\/298\/imagenes\/009\/366\/0009366073\/1200x0\/smart\/fuente-los-continentes-congelada-frio-mendoza-julio-2jpg.jpg\" alt=\"Bien temprano, un oyente de Nihuil envi\u00f3 esta foto a la radio. \" title=\"Bien temprano, un oyente de Nihuil envi\u00f3 esta foto a la radio. \"\/><\/figure>\n\n\n\n<p>Bien temprano, un oyente de Nihuil envi\u00f3 esta foto a la radio.<\/p>\n\n\n\n<figure class=\"wp-block-image\"><img decoding=\"async\" src=\"https:\/\/media.diariouno.com.ar\/p\/892a85697b48a175e3b8626b2b9f7079\/adjuntos\/298\/imagenes\/009\/366\/0009366065\/1200x0\/smart\/fuente-los-continentes-congelada-frio-mendoza-3jpg.jpg\" alt=\"\" title=\"\"\/><\/figure>\n\n\n\n<figure class=\"wp-block-image\"><img decoding=\"async\" src=\"https:\/\/media.diariouno.com.ar\/p\/30d4a954836699c8f7d5591e5c29c897\/adjuntos\/298\/imagenes\/009\/366\/0009366055\/1200x0\/smart\/fuente-los-continentes-congelada-frio-mendoza-2jpg.jpg\" alt=\"\" title=\"\"\/><\/figure>\n\n\n\n<p>Mat\u00edas Pascualetti\/Radio Nihuil.<\/p>\n","protected":false},"excerpt":{"rendered":"<p>La Fuente de los Continentes congelada.&nbsp;Mat\u00edas Pascualetti\/Radio Nihuil. La\u00a0helada\u00a0ma\u00f1ana mendocina dej\u00f3 algunas im\u00e1genes que muchos guardar\u00e1n en el recuerdo. Con sensaci\u00f3n t\u00e9rmica que en algunas zonas alcanz\u00f3 los\u00a06 grados bajo cero, hubo puntos emblem\u00e1ticos de la provincia donde el paisaje qued\u00f3 marcado por el fr\u00edo. Uno de esos sitios fue el\u00a0Parque General San Mart\u00edn. La&nbsp;Fuente<a class=\"read-more\" href=\"https:\/\/elfederalmendoza.com.ar\/index.php\/2024\/07\/08\/fotos-mendoza-bajo-cero-se-congelaron-las-fuentes-del-parque-san-martin\/\"> [&hellip;]<\/a><\/p>\n","protected":false},"author":2,"featured_media":33329,"comment_status":"open","ping_status":"open","sticky":false,"template":"","format":"standard","meta":{"footnotes":""},"categories":[1],"tags":[],"class_list":["post-33327","post","type-post","status-publish","format-standard","has-post-thumbnail","hentry","category-mza"],"rttpg_featured_image_url":{"full":["https:\/\/elfederalmendoza.com.ar\/wp-content\/uploads\/2024\/07\/BAJO-CERO.jpg",1421,871,false],"landscape":["https:\/\/elfederalmendoza.com.ar\/wp-content\/uploads\/2024\/07\/BAJO-CERO.jpg",1421,871,false],"portraits":["https:\/\/elfederalmendoza.com.ar\/wp-content\/uploads\/2024\/07\/BAJO-CERO.jpg",1421,871,false],"thumbnail":["https:\/\/elfederalmendoza.com.ar\/wp-content\/uploads\/2024\/07\/BAJO-CERO-150x150.jpg",150,150,true],"medium":["https:\/\/elfederalmendoza.com.ar\/wp-content\/uploads\/2024\/07\/BAJO-CERO-300x184.jpg",300,184,true],"large":["https:\/\/elfederalmendoza.com.ar\/wp-content\/uploads\/2024\/07\/BAJO-CERO-1024x628.jpg",640,393,true],"1536x1536":["https:\/\/elfederalmendoza.com.ar\/wp-content\/uploads\/2024\/07\/BAJO-CERO.jpg",1421,871,false],"2048x2048":["https:\/\/elfederalmendoza.com.ar\/wp-content\/uploads\/2024\/07\/BAJO-CERO.jpg",1421,871,false],"ultp_layout_landscape_large":["https:\/\/elfederalmendoza.com.ar\/wp-content\/uploads\/2024\/07\/BAJO-CERO-1200x800.jpg",1200,800,true],"ultp_layout_landscape":["https:\/\/elfederalmendoza.com.ar\/wp-content\/uploads\/2024\/07\/BAJO-CERO-870x570.jpg",870,570,true],"ultp_layout_portrait":["https:\/\/elfederalmendoza.com.ar\/wp-content\/uploads\/2024\/07\/BAJO-CERO-600x871.jpg",600,871,true],"ultp_layout_square":["https:\/\/elfederalmendoza.com.ar\/wp-content\/uploads\/2024\/07\/BAJO-CERO-600x600.jpg",600,600,true],"rpwe-thumbnail":["https:\/\/elfederalmendoza.com.ar\/wp-content\/uploads\/2024\/07\/BAJO-CERO-45x45.jpg",45,45,true],"advps-thumb-one":["https:\/\/elfederalmendoza.com.ar\/wp-content\/uploads\/2024\/07\/BAJO-CERO-1200x420.jpg",1200,420,true]},"rttpg_author":{"display_name":"Redacci\u00f3n El Federal","author_link":"https:\/\/elfederalmendoza.com.ar\/index.php\/author\/angelflores\/"},"rttpg_comment":0,"rttpg_category":"<a href=\"https:\/\/elfederalmendoza.com.ar\/index.php\/category\/mza\/\" rel=\"category tag\">Mendoza<\/a>","rttpg_excerpt":"La Fuente de los Continentes congelada.&nbsp;Mat\u00edas Pascualetti\/Radio Nihuil. La\u00a0helada\u00a0ma\u00f1ana mendocina dej\u00f3 algunas im\u00e1genes que muchos guardar\u00e1n en el recuerdo. Con sensaci\u00f3n t\u00e9rmica que en algunas zonas alcanz\u00f3 los\u00a06 grados bajo cero, hubo puntos emblem\u00e1ticos de la provincia donde el paisaje qued\u00f3 marcado por el fr\u00edo. Uno de esos sitios fue el\u00a0Parque General San Mart\u00edn. La&nbsp;Fuente&hellip;","_links":{"self":[{"href":"https:\/\/elfederalmendoza.com.ar\/index.php\/wp-json\/wp\/v2\/posts\/33327","targetHints":{"allow":["GET"]}}],"collection":[{"href":"https:\/\/elfederalmendoza.com.ar\/index.php\/wp-json\/wp\/v2\/posts"}],"about":[{"href":"https:\/\/elfederalmendoza.com.ar\/index.php\/wp-json\/wp\/v2\/types\/post"}],"author":[{"embeddable":true,"href":"https:\/\/elfederalmendoza.com.ar\/index.php\/wp-json\/wp\/v2\/users\/2"}],"replies":[{"embeddable":true,"href":"https:\/\/elfederalmendoza.com.ar\/index.php\/wp-json\/wp\/v2\/comments?post=33327"}],"version-history":[{"count":1,"href":"https:\/\/elfederalmendoza.com.ar\/index.php\/wp-json\/wp\/v2\/posts\/33327\/revisions"}],"predecessor-version":[{"id":33330,"href":"https:\/\/elfederalmendoza.com.ar\/index.php\/wp-json\/wp\/v2\/posts\/33327\/revisions\/33330"}],"wp:featuredmedia":[{"embeddable":true,"href":"https:\/\/elfederalmendoza.com.ar\/index.php\/wp-json\/wp\/v2\/media\/33329"}],"wp:attachment":[{"href":"https:\/\/elfederalmendoza.com.ar\/index.php\/wp-json\/wp\/v2\/media?parent=33327"}],"wp:term":[{"taxonomy":"category","embeddable":true,"href":"https:\/\/elfederalmendoza.com.ar\/index.php\/wp-json\/wp\/v2\/categories?post=33327"},{"taxonomy":"post_tag","embeddable":true,"href":"https:\/\/elfederalmendoza.com.ar\/index.php\/wp-json\/wp\/v2\/tags?post=33327"}],"curies":[{"name":"wp","href":"https:\/\/api.w.org\/{rel}","templated":true}]}}